{"id":843,"date":"2024-06-20T12:49:17","date_gmt":"2024-06-20T15:49:17","guid":{"rendered":"https:\/\/www.wurth.com.ar\/blog\/?p=843"},"modified":"2024-07-24T16:40:50","modified_gmt":"2024-07-24T19:40:50","slug":"tipos-de-tenazas-que-es-para-que-sirve-y-usos","status":"publish","type":"post","link":"https:\/\/www.wurth.com.ar\/blog\/caja-de-herramientas\/tipos-de-tenazas-que-es-para-que-sirve-y-usos\/","title":{"rendered":"Tipos de tenazas: qu\u00e9 es, para qu\u00e9 sirve y usos"},"content":{"rendered":"<p><span style=\"font-weight: 400;\">El mercado cuenta con un sinf\u00edn de herramientas y cada una de ellas tienen sus propias variantes. Eso mismo ocurre con las<\/span><a href=\"https:\/\/www.wurth.com.ar\/es\/tienda\/herramientas-manuales\/alicates-tenazas-tijeras\/tenazas-para-extraer-abrazaderas.html\"><b> tenazas<\/b><\/a><b>, un ejemplar sumamente \u00fatil para la carpinter\u00eda y otras actividades.\u00a0<\/b><\/p>\n<p><span style=\"font-weight: 400;\">Estas tienen <\/span><b>muchos tipos de modelos<\/b><span style=\"font-weight: 400;\">, por lo que ser\u00e1 importante contar con las caracter\u00edsticas que ofrecen para <\/span><b>no realizar trabajos de manera err\u00f3nea.<\/b><\/p>\n<p><span style=\"font-weight: 400;\">Sobre esto se va a explicar en este art\u00edculo, adem\u00e1s de dejar en claro qu\u00e9 son, cu\u00e1les son sus or\u00edgenes y su diferencia con las pinzas.\u00a0<\/span><\/p>\n<p><span style=\"font-weight: 400;\">\u00bfTe interesa el contenido de este post? Esperamos que s\u00ed. Te invitamos a seguir bajando e inform\u00e1ndote sobre la cuesti\u00f3n.<\/span><\/p>\n<span class='mb-center maxbutton-1-center'><span class='maxbutton-1-container mb-container'><a class=\"maxbutton-1 maxbutton maxbutton-boton\" target=\"_blank\" rel=\"noopener\" href=\"https:\/\/www.wurth.com.ar\/es\/tienda\/herramientas-manuales\/alicates-tenazas-tijeras\/tenazas-para-extraer-abrazaderas.html\"><span class='mb-text'>Comprar tenazas en W\u00fcrth<\/span><\/a><\/span><\/span>\n<h2><span style=\"font-weight: 400;\">\u00bfQu\u00e9 es una tenaza carpintero?\u00a0<\/span><\/h2>\n<p><span style=\"font-weight: 400;\">Una tenaza carpintero es una<\/span><b> herramienta manual que, con su filo de corte, sirve para extraer clavos de la madera<\/b><span style=\"font-weight: 400;\">. Adem\u00e1s, esto se logra, ya que se usa su perfil curvo externo de la mand\u00edbula como apoyo para apoyar sobre la superficie y multiplicando el efecto palanca.<\/span><\/p>\n<p>&nbsp;<\/p>\n<p><span style=\"font-weight: 400;\">Tambi\u00e9n es <\/span><b>\u00fatil para cortar alambres, clavos o distintos materiales met\u00e1licos que sean blandos.\u00a0<\/b><\/p>\n<h2><span style=\"font-weight: 400;\">\u00bfCu\u00e1les son los tipos de tenazas?<\/span><\/h2>\n<p><span style=\"font-weight: 400;\">Existen tipos de tenazas, cada uno con caracter\u00edsticas y funciones diferentes. A continuaci\u00f3n, te los detallamos uno por uno.\u00a0<\/span><\/p>\n<h3><span style=\"font-weight: 400;\">Tenaza de encofrador<\/span><\/h3>\n<p><span style=\"font-weight: 400;\">Se trata de un modelo ruso que es utilizado para ferralla por encofradores y armadores de ferralla.\u00a0<\/span><\/p>\n<p>&nbsp;<\/p>\n<p><span style=\"font-weight: 400;\">Se usa para<\/span><b> cortar y enlazar alambre en una misma acci\u00f3n, adem\u00e1s de brindar un corte preciso.\u00a0<\/b><\/p>\n<h3><span style=\"font-weight: 400;\">Tenaza de carpintero<\/span><\/h3>\n<p><span style=\"font-weight: 400;\">Este es un tipo de tenaza de origen franc\u00e9s. Ideal en la carpinter\u00eda para <\/span><b>extraer y cortar clavos, alambres o aceros blandos.\u00a0<\/b><\/p>\n<h3><span style=\"font-weight: 400;\">Tenaza de alicatado<\/span><\/h3>\n<p><span style=\"font-weight: 400;\">Se usa para <\/span><b>ajustar, rectificar, marcar, cortar en cer\u00e1mica y gres<\/b><span style=\"font-weight: 400;\"> durante el proceso de alicatado y revestimiento de pared y suelo.<\/span><\/p>\n<h3><span style=\"font-weight: 400;\">Tenazas de sujeci\u00f3n<\/span><\/h3>\n<p><span style=\"font-weight: 400;\">Existen dos modelos de este tipo de tenaza:<\/span><\/p>\n<ul>\n<li style=\"font-weight: 400;\" aria-level=\"1\"><b>Pico de loro<\/b><span style=\"font-weight: 400;\">: sus cualidades permiten variar el di\u00e1metro de apertura de las mand\u00edbulas. Especiales para ser utilizadas en la sujeci\u00f3n de tuber\u00edas.\u00a0<\/span><\/li>\n<li style=\"font-weight: 400;\" aria-level=\"1\"><b>Mordazas:<\/b><span style=\"font-weight: 400;\"> creadas para sujetar objetos peque\u00f1os, doblar alambres o apretar tuercas, por ejemplo.<\/span><\/li>\n<\/ul>\n<p>&nbsp;<\/p>\n<h2><span style=\"font-weight: 400;\">\u00bfQu\u00e9 diferencia hay entre una pinza y una tenaza?<\/span><\/h2>\n<p><span style=\"font-weight: 400;\">Muchos confunden a la tenaza con una pinza. Si bien tienen mucho en com\u00fan, hay un aspecto que diferencia a estas herramientas.\u00a0<\/span><\/p>\n<p><b>Aquellas que tengan una punta plana, que son para sujetar, son pinzas.<\/b><span style=\"font-weight: 400;\"> En tanto, <\/span><b>las que son usadas estrictamente para corte son tenazas.\u00a0<\/b><\/p>\n<p><span style=\"font-weight: 400;\">De todos modos, vale aclarar que muchas veces tanto pinzas como tenazas comparten la misma funci\u00f3n.<\/span><\/p>\n<h2><span style=\"font-weight: 400;\">\u00bfCu\u00e1l es el origen de la tenaza?\u00a0<\/span><\/h2>\n<p><span style=\"font-weight: 400;\">Actualmente conocemos a la tenaza como una herramienta m\u00e1s que \u00fatil para nuestros trabajos de carpinter\u00eda. Sin embargo, en sus or\u00edgenes no era utilizada como tal.<\/span><\/p>\n<p><span style=\"font-weight: 400;\">Es que en la Antig\u00fca Roma o desde antes, aunque no hay registros exactos, <\/span><b>las tenazas eran usadas al rojo vivo como instrumento de tortura.<\/b><\/p>\n<p><span style=\"font-weight: 400;\">Luego, con el paso de los a\u00f1os, comenz\u00f3 a emplearse para todas las actividades mencionadas anteriormente.\u00a0<\/span><\/p>\n<h2><span style=\"font-weight: 400;\">Tenazas de W\u00fcrth\u00a0<\/span><\/h2>\n<p><span style=\"font-weight: 400;\">En W\u00fcrth contamos con un solo modelo de tenazas. Te compartimos sus caracter\u00edsticas a continuaci\u00f3n.<\/span><\/p>\n<h3><span style=\"font-weight: 400;\">Tenaza para extraer abrazaderas<\/span><\/h3>\n<div class=\"grid-container ba-caja-grid ba-caja-centrada\">\t\r\n\t<div class=\"grid-50 ba-ancho-40\">\t\t\r\n\t\t<a href=\"https:\/\/www.wurth.com.ar\/es\/tienda\/herramientas-manuales\/alicates-tenazas-tijeras\/tenazas-para-extraer-abrazaderas.html\" target=\"_blank\" rel=\"nofollow\">\r\n\t\t\t<img decoding=\"async\" class=\"ba-grid-imagen-individual\" src=\"https:\/\/www.wurth.com.ar\/img\/productos\/2364-gr-tenazas-para-extraer-abrazaderas.jpg\" width=\"100%\" \/>\r\n\t\t<\/a>\t\t\r\n\t<\/div>\r\n\t<div class=\"grid-50 ba-ancho-60\">\r\n\t\t<a href=\"https:\/\/www.wurth.com.ar\/es\/tienda\/herramientas-manuales\/alicates-tenazas-tijeras\/tenazas-para-extraer-abrazaderas.html\" target=\"_blank\" rel=\"nofollow\">\r\n\t\t\t<span class=\"ba-grid-titulo\">Tenaza para extraer abrazaderas<\/span>\r\n\t\t<\/a>\t\r\n\t\t<p class=\"ba-grid-descripcion\">Permite remover e instalar abrazaderas, f\u00e1cil y r\u00e1pidamente.<\/p>\r\n\t\t<a class=\"ba-boton-con-precio\" href=\"https:\/\/www.wurth.com.ar\/es\/tienda\/herramientas-manuales\/alicates-tenazas-tijeras\/tenazas-para-extraer-abrazaderas.html\" target=\"_blank\">VER PRODUCTO<\/a>\r\n\t<\/div>\r\n<\/div>\r\n\r\n\n<p><span style=\"font-weight: 400;\">Se trata de una tenaza ideal para <\/span><b>remover e instalar abrazaderas de una manera r\u00e1pida y sencilla.<\/b><\/p>\n<p><i><span style=\"font-weight: 400;\">Caracter\u00edsticas de este producto<\/span><\/i><\/p>\n<ul>\n<li style=\"font-weight: 400;\" aria-level=\"1\"><span style=\"font-weight: 400;\">Un alicate con pico giratorio ranurado en cruz.<\/span><\/li>\n<li style=\"font-weight: 400;\" aria-level=\"1\"><span style=\"font-weight: 400;\">Un Alicate con pico giratorio de fleje plano<\/span><\/li>\n<li style=\"font-weight: 400;\" aria-level=\"1\"><span style=\"font-weight: 400;\">El pico giratorio est\u00e1 ranurado para un correcto agarre de abrazaderas grandes o peque\u00f1as en cualquier \u00e1ngulo.<\/span><\/li>\n<li style=\"font-weight: 400;\" aria-level=\"1\"><span style=\"font-weight: 400;\">Permite trabajar con la mayor\u00eda de las abrazaderas de manguera de fleje plano<\/span><\/li>\n<li style=\"font-weight: 400;\" aria-level=\"1\"><span style=\"font-weight: 400;\">Cierra en cinco posiciones.<\/span><\/li>\n<li style=\"font-weight: 400;\" aria-level=\"1\"><span style=\"font-weight: 400;\">Permite remover e instalar abrazaderas, f\u00e1cil y r\u00e1pidamente en cualquier \u00e1ngulo.<\/span><\/li>\n<\/ul>\n<h2><span style=\"font-weight: 400;\">Tenaza, la herramienta de las m\u00faltiples funciones<\/span><\/h2>\n<p><span style=\"font-weight: 400;\">A lo largo de esta nota vimos varios conceptos de las tenazas y qued\u00f3 claro que son <\/span><b>herramientas que se caracterizan por tener muchas funciones.\u00a0<\/b><\/p>\n<p><span style=\"font-weight: 400;\">Si bien en sus comienzos fueron usadas como elementos de tortura durante la Antig\u00fca Roma, actualmente sirven para extraer clavos de la madera, cortar alambres o sujetar instrumentos, entre otras cosas.<\/span><\/p>\n<p><span style=\"font-weight: 400;\">Contar con tenazas en nuestra caja de herramientas podr\u00eda ser muy beneficioso, debido a que se adapta a varios rubros. Esto se debe a que existen muchos modelos.<\/span><\/p>\n<p><span style=\"font-weight: 400;\">\u00bfTe gustar\u00eda comprar una? En W\u00fcrth contamos con un modelo, considerado como el mejor del mercado, que te est\u00e1 esperando. \u00bfQu\u00e9 est\u00e1s esperando para llev\u00e1rtelo?<\/span><\/p>\n  <div class=\"related-post grid\">\r\n      <div class=\"post-list \">\r\n\r\n            <div class=\"item\">\r\n            <div class=\"thumb post_thumb\">\r\n    <a  title=\"W\u00fcrth se presenta nuevamente en ExpoAgro 2024\" href=\"https:\/\/www.wurth.com.ar\/blog\/eventos-en-wurth-argentina\/wurth-se-presenta-nuevamente-en-expoagro-2024\/\">\r\n\r\n      <img loading=\"lazy\" decoding=\"async\" width=\"2560\" height=\"1305\" src=\"https:\/\/www.wurth.com.ar\/blog\/wp-content\/uploads\/2024\/01\/expoagro-2024-destacada-e1705592384593.jpg\" class=\"attachment-full size-full wp-post-image\" alt=\"\" srcset=\"https:\/\/www.wurth.com.ar\/blog\/wp-content\/uploads\/2024\/01\/expoagro-2024-destacada-e1705592384593.jpg 2560w, https:\/\/www.wurth.com.ar\/blog\/wp-content\/uploads\/2024\/01\/expoagro-2024-destacada-e1705592384593-300x153.jpg 300w, https:\/\/www.wurth.com.ar\/blog\/wp-content\/uploads\/2024\/01\/expoagro-2024-destacada-e1705592384593-1024x522.jpg 1024w, https:\/\/www.wurth.com.ar\/blog\/wp-content\/uploads\/2024\/01\/expoagro-2024-destacada-e1705592384593-768x392.jpg 768w, https:\/\/www.wurth.com.ar\/blog\/wp-content\/uploads\/2024\/01\/expoagro-2024-destacada-e1705592384593-1536x783.jpg 1536w, https:\/\/www.wurth.com.ar\/blog\/wp-content\/uploads\/2024\/01\/expoagro-2024-destacada-e1705592384593-2048x1044.jpg 2048w\" sizes=\"(max-width: 2560px) 100vw, 2560px\" \/>\r\n\r\n    <\/a>\r\n  <\/div>\r\n\r\n  <a class=\"title post_title\"  title=\"W\u00fcrth se presenta nuevamente en ExpoAgro 2024\" href=\"https:\/\/www.wurth.com.ar\/blog\/eventos-en-wurth-argentina\/wurth-se-presenta-nuevamente-en-expoagro-2024\/\">\r\n        W\u00fcrth se presenta nuevamente en ExpoAgro 2024  <\/a>\r\n\r\n  <p class=\"excerpt post_excerpt\">\r\n    W\u00fcrth Argentina participar\u00e1 nuevamente en ExpoAgro 2024, el evento l\u00edder del sector que re\u00fane a los principales exponentes de la <a class=\"read-more\" href=\"https:\/\/www.wurth.com.ar\/blog\/eventos-en-wurth-argentina\/wurth-se-presenta-nuevamente-en-expoagro-2024\/\"> Leer m\u00e1s<\/a>  <\/p>\r\n        <\/div>\r\n              <div class=\"item\">\r\n            <div class=\"thumb post_thumb\">\r\n    <a  title=\"D\u00eda internacional de la seguridad y la salud en el trabajo\" href=\"https:\/\/www.wurth.com.ar\/blog\/sin-categoria\/dia-internacional-de-la-seguridad-y-la-salud-en-el-trabajo\/\">\r\n\r\n      <img loading=\"lazy\" decoding=\"async\" width=\"1500\" height=\"844\" src=\"https:\/\/www.wurth.com.ar\/blog\/wp-content\/uploads\/2024\/04\/amoladora-destacada-2.jpg\" class=\"attachment-full size-full wp-post-image\" alt=\"\" srcset=\"https:\/\/www.wurth.com.ar\/blog\/wp-content\/uploads\/2024\/04\/amoladora-destacada-2.jpg 1500w, https:\/\/www.wurth.com.ar\/blog\/wp-content\/uploads\/2024\/04\/amoladora-destacada-2-300x169.jpg 300w, https:\/\/www.wurth.com.ar\/blog\/wp-content\/uploads\/2024\/04\/amoladora-destacada-2-1024x576.jpg 1024w, https:\/\/www.wurth.com.ar\/blog\/wp-content\/uploads\/2024\/04\/amoladora-destacada-2-768x432.jpg 768w\" sizes=\"(max-width: 1500px) 100vw, 1500px\" \/>\r\n\r\n    <\/a>\r\n  <\/div>\r\n\r\n  <a class=\"title post_title\"  title=\"D\u00eda internacional de la seguridad y la salud en el trabajo\" href=\"https:\/\/www.wurth.com.ar\/blog\/sin-categoria\/dia-internacional-de-la-seguridad-y-la-salud-en-el-trabajo\/\">\r\n        D\u00eda internacional de la seguridad y la salud en el trabajo  <\/a>\r\n\r\n  <p class=\"excerpt post_excerpt\">\r\n    El 28 de abril marca un hecho clave en el calendario laboral como el D\u00eda Mundial de la Seguridad y <a class=\"read-more\" href=\"https:\/\/www.wurth.com.ar\/blog\/sin-categoria\/dia-internacional-de-la-seguridad-y-la-salud-en-el-trabajo\/\"> Leer m\u00e1s<\/a>  <\/p>\r\n        <\/div>\r\n              <div class=\"item\">\r\n            <div class=\"thumb post_thumb\">\r\n    <a  title=\"Protecci\u00f3n, limpieza y cuidado\" href=\"https:\/\/www.wurth.com.ar\/blog\/caja-de-herramientas\/proteccion-limpieza-y-cuidado\/\">\r\n\r\n      <img loading=\"lazy\" decoding=\"async\" width=\"1000\" height=\"662\" src=\"https:\/\/www.wurth.com.ar\/blog\/wp-content\/uploads\/2024\/06\/crema.avif\" class=\"attachment-full size-full wp-post-image\" alt=\"\" srcset=\"https:\/\/www.wurth.com.ar\/blog\/wp-content\/uploads\/2024\/06\/crema.avif 1000w, https:\/\/www.wurth.com.ar\/blog\/wp-content\/uploads\/2024\/06\/crema-300x199.avif 300w, https:\/\/www.wurth.com.ar\/blog\/wp-content\/uploads\/2024\/06\/crema-768x508.avif 768w\" sizes=\"(max-width: 1000px) 100vw, 1000px\" \/>\r\n\r\n    <\/a>\r\n  <\/div>\r\n\r\n  <a class=\"title post_title\"  title=\"Protecci\u00f3n, limpieza y cuidado\" href=\"https:\/\/www.wurth.com.ar\/blog\/caja-de-herramientas\/proteccion-limpieza-y-cuidado\/\">\r\n        Protecci\u00f3n, limpieza y cuidado  <\/a>\r\n\r\n  <p class=\"excerpt post_excerpt\">\r\n    En nuestro d\u00eda a d\u00eda, nuestras manos enfrentan desaf\u00edos constantes. Desde trabajos pesados hasta tareas cotidianas, las manos acumulan suciedad <a class=\"read-more\" href=\"https:\/\/www.wurth.com.ar\/blog\/caja-de-herramientas\/proteccion-limpieza-y-cuidado\/\"> Leer m\u00e1s<\/a>  <\/p>\r\n        <\/div>\r\n              <div class=\"item\">\r\n            <div class=\"thumb post_thumb\">\r\n    <a  title=\"Caja de herramientas profesional: lo que no puede faltar\" href=\"https:\/\/www.wurth.com.ar\/blog\/caja-de-herramientas\/caja-de-herramientas-profesional-lo-que-no-puede-faltar\/\">\r\n\r\n      <img loading=\"lazy\" decoding=\"async\" width=\"500\" height=\"333\" src=\"https:\/\/www.wurth.com.ar\/blog\/wp-content\/uploads\/2022\/11\/destacada-caja-de-herramientas.jpg\" class=\"attachment-full size-full wp-post-image\" alt=\"caja de herramientas\" srcset=\"https:\/\/www.wurth.com.ar\/blog\/wp-content\/uploads\/2022\/11\/destacada-caja-de-herramientas.jpg 500w, https:\/\/www.wurth.com.ar\/blog\/wp-content\/uploads\/2022\/11\/destacada-caja-de-herramientas-300x200.jpg 300w\" sizes=\"(max-width: 500px) 100vw, 500px\" \/>\r\n\r\n    <\/a>\r\n  <\/div>\r\n\r\n  <a class=\"title post_title\"  title=\"Caja de herramientas profesional: lo que no puede faltar\" href=\"https:\/\/www.wurth.com.ar\/blog\/caja-de-herramientas\/caja-de-herramientas-profesional-lo-que-no-puede-faltar\/\">\r\n        Caja de herramientas profesional: lo que no puede faltar  <\/a>\r\n\r\n  <p class=\"excerpt post_excerpt\">\r\n    Una caja de herramientas profesional es un recurso indispensable para un trabajador. De no contar con una completa, muchas tareas <a class=\"read-more\" href=\"https:\/\/www.wurth.com.ar\/blog\/caja-de-herramientas\/caja-de-herramientas-profesional-lo-que-no-puede-faltar\/\"> Leer m\u00e1s<\/a>  <\/p>\r\n        <\/div>\r\n              <div class=\"item\">\r\n            <div class=\"thumb post_thumb\">\r\n    <a  title=\"Gu\u00eda definitiva para usar cinta de enmascarar automotriz sin filtraciones\" href=\"https:\/\/www.wurth.com.ar\/blog\/sin-categoria\/guia-definitiva-para-usar-cinta-de-enmascarar-automotriz-sin-filtraciones\/\">\r\n\r\n      <img loading=\"lazy\" decoding=\"async\" width=\"2560\" height=\"1707\" src=\"https:\/\/www.wurth.com.ar\/blog\/wp-content\/uploads\/2024\/01\/chapa-y-pitura-2.jpg\" class=\"attachment-full size-full wp-post-image\" alt=\"\" srcset=\"https:\/\/www.wurth.com.ar\/blog\/wp-content\/uploads\/2024\/01\/chapa-y-pitura-2.jpg 2560w, https:\/\/www.wurth.com.ar\/blog\/wp-content\/uploads\/2024\/01\/chapa-y-pitura-2-300x200.jpg 300w, https:\/\/www.wurth.com.ar\/blog\/wp-content\/uploads\/2024\/01\/chapa-y-pitura-2-1024x683.jpg 1024w, https:\/\/www.wurth.com.ar\/blog\/wp-content\/uploads\/2024\/01\/chapa-y-pitura-2-768x512.jpg 768w, https:\/\/www.wurth.com.ar\/blog\/wp-content\/uploads\/2024\/01\/chapa-y-pitura-2-1536x1024.jpg 1536w, https:\/\/www.wurth.com.ar\/blog\/wp-content\/uploads\/2024\/01\/chapa-y-pitura-2-2048x1366.jpg 2048w\" sizes=\"(max-width: 2560px) 100vw, 2560px\" \/>\r\n\r\n    <\/a>\r\n  <\/div>\r\n\r\n  <a class=\"title post_title\"  title=\"Gu\u00eda definitiva para usar cinta de enmascarar automotriz sin filtraciones\" href=\"https:\/\/www.wurth.com.ar\/blog\/sin-categoria\/guia-definitiva-para-usar-cinta-de-enmascarar-automotriz-sin-filtraciones\/\">\r\n        Gu\u00eda definitiva para usar cinta de enmascarar automotriz sin filtraciones  <\/a>\r\n\r\n  <p class=\"excerpt post_excerpt\">\r\n    \u00bfAlguna vez te preguntaste c\u00f3mo los profesionales consiguen ese acabado impecable en la pintura de los autos, libre de cualquier <a class=\"read-more\" href=\"https:\/\/www.wurth.com.ar\/blog\/sin-categoria\/guia-definitiva-para-usar-cinta-de-enmascarar-automotriz-sin-filtraciones\/\"> Leer m\u00e1s<\/a>  <\/p>\r\n        <\/div>\r\n              <div class=\"item\">\r\n            <div class=\"thumb post_thumb\">\r\n    <a  title=\"Alicate herramienta: para qu\u00e9 sirve, qu\u00e9 es y c\u00f3mo afilar\" href=\"https:\/\/www.wurth.com.ar\/blog\/caja-de-herramientas\/alicate-herramienta-para-que-sirve-que-es-y-como-afilar\/\">\r\n\r\n              <img decoding=\"async\" src=\"\" title=\"Alicate herramienta: para qu\u00e9 sirve, qu\u00e9 es y c\u00f3mo afilar\" alt=\"Alicate herramienta: para qu\u00e9 sirve, qu\u00e9 es y c\u00f3mo afilar\">\r\n\r\n      \r\n\r\n    <\/a>\r\n  <\/div>\r\n\r\n  <a class=\"title post_title\"  title=\"Alicate herramienta: para qu\u00e9 sirve, qu\u00e9 es y c\u00f3mo afilar\" href=\"https:\/\/www.wurth.com.ar\/blog\/caja-de-herramientas\/alicate-herramienta-para-que-sirve-que-es-y-como-afilar\/\">\r\n        Alicate herramienta: para qu\u00e9 sirve, qu\u00e9 es y c\u00f3mo afilar  <\/a>\r\n\r\n  <p class=\"excerpt post_excerpt\">\r\n    Para uso profesional o dom\u00e9stico, un alicate es una de las herramientas m\u00e1s necesarias para nuestra caja de herramientas, debido <a class=\"read-more\" href=\"https:\/\/www.wurth.com.ar\/blog\/caja-de-herramientas\/alicate-herramienta-para-que-sirve-que-es-y-como-afilar\/\"> Leer m\u00e1s<\/a>  <\/p>\r\n        <\/div>\r\n      \r\n  <\/div>\r\n\r\n  <script>\r\n      <\/script>\r\n  <style>\r\n    .related-post {}\r\n\r\n    .related-post .post-list {\r\n      text-align: left;\r\n          }\r\n\r\n    .related-post .post-list .item {\r\n      margin: 10px;\r\n      padding: 5px;\r\n          }\r\n\r\n    .related-post .headline {\r\n      font-size: 18px !important;\r\n      color: #999999 !important;\r\n          }\r\n\r\n    .related-post .post-list .item .post_thumb {\r\n      max-height: 220px;\r\n      margin: 10px 0px;\r\n      padding: 0px;\r\n      display: block;\r\n          }\r\n\r\n    .related-post .post-list .item .post_title {\r\n      font-size: 16px;\r\n      color: #3f3f3f;\r\n      margin: 10px 0px;\r\n      padding: 0px;\r\n      display: block;\r\n      text-decoration: none;\r\n          }\r\n\r\n    .related-post .post-list .item .post_excerpt {\r\n      font-size: 13px;\r\n      color: #3f3f3f;\r\n      margin: 10px 0px;\r\n      padding: 0px;\r\n      display: block;\r\n      text-decoration: none;\r\n          }\r\n\r\n    @media only screen and (min-width: 1024px) {\r\n      .related-post .post-list .item {\r\n        width: 45%;\r\n      }\r\n    }\r\n\r\n    @media only screen and (min-width: 768px) and (max-width: 1023px) {\r\n      .related-post .post-list .item {\r\n        width: 90%;\r\n      }\r\n    }\r\n\r\n    @media only screen and (min-width: 0px) and (max-width: 767px) {\r\n      .related-post .post-list .item {\r\n        width: 90%;\r\n      }\r\n    }\r\n\r\n      <\/style>\r\n    <\/div>\r\n","protected":false},"excerpt":{"rendered":"<p>El mercado cuenta con un sinf\u00edn de herramientas y cada una de ellas tienen sus propias variantes. Eso mismo ocurre con las tenazas, un ejemplar sumamente \u00fatil para la carpinter\u00eda y otras actividades.\u00a0 Estas tienen muchos tipos de modelos, por lo que ser\u00e1 importante contar con las caracter\u00edsticas que ofrecen para no realizar trabajos de &#8230; <a title=\"\u00bfC\u00f3mo elegir la abrazadera ideal?\" class=\"read-more\" href=\"https:\/\/www.wurth.com.ar\/blog\/sin-categoria\/como-elegir-la-abrazadera-ideal\/\" aria-label=\"More on \u00bfC\u00f3mo elegir la abrazadera ideal?\">Leer m\u00e1s<\/a><\/p>\n","protected":false},"author":3,"featured_media":0,"comment_status":"closed","ping_status":"open","sticky":false,"template":"","format":"standard","meta":{"footnotes":""},"categories":[25],"tags":[],"_links":{"self":[{"href":"https:\/\/www.wurth.com.ar\/blog\/wp-json\/wp\/v2\/posts\/843"}],"collection":[{"href":"https:\/\/www.wurth.com.ar\/blog\/wp-json\/wp\/v2\/posts"}],"about":[{"href":"https:\/\/www.wurth.com.ar\/blog\/wp-json\/wp\/v2\/types\/post"}],"author":[{"embeddable":true,"href":"https:\/\/www.wurth.com.ar\/blog\/wp-json\/wp\/v2\/users\/3"}],"replies":[{"embeddable":true,"href":"https:\/\/www.wurth.com.ar\/blog\/wp-json\/wp\/v2\/comments?post=843"}],"version-history":[{"count":4,"href":"https:\/\/www.wurth.com.ar\/blog\/wp-json\/wp\/v2\/posts\/843\/revisions"}],"predecessor-version":[{"id":915,"href":"https:\/\/www.wurth.com.ar\/blog\/wp-json\/wp\/v2\/posts\/843\/revisions\/915"}],"wp:attachment":[{"href":"https:\/\/www.wurth.com.ar\/blog\/wp-json\/wp\/v2\/media?parent=843"}],"wp:term":[{"taxonomy":"category","embeddable":true,"href":"https:\/\/www.wurth.com.ar\/blog\/wp-json\/wp\/v2\/categories?post=843"},{"taxonomy":"post_tag","embeddable":true,"href":"https:\/\/www.wurth.com.ar\/blog\/wp-json\/wp\/v2\/tags?post=843"}],"curies":[{"name":"wp","href":"https:\/\/api.w.org\/{rel}","templated":true}]}}