{"id":841,"date":"2024-06-08T12:11:45","date_gmt":"2024-06-08T15:11:45","guid":{"rendered":"https:\/\/www.wurth.com.ar\/blog\/?p=841"},"modified":"2024-07-24T16:54:48","modified_gmt":"2024-07-24T19:54:48","slug":"alicate-herramienta-para-que-sirve-que-es-y-como-afilar","status":"publish","type":"post","link":"https:\/\/www.wurth.com.ar\/blog\/caja-de-herramientas\/alicate-herramienta-para-que-sirve-que-es-y-como-afilar\/","title":{"rendered":"Alicate herramienta: para qu\u00e9 sirve, qu\u00e9 es y c\u00f3mo afilar"},"content":{"rendered":"<p><span style=\"font-weight: 400;\">Para uso profesional o dom\u00e9stico, <\/span><b>un <\/b><a href=\"https:\/\/www.wurth.com.ar\/es\/tienda\/herramientas-manuales\/alicates-tenazas-tijeras\"><b>alicate<\/b><\/a><b> es una de las herramientas m\u00e1s necesarias para nuestra <a href=\"https:\/\/www.wurth.com.ar\/blog\/caja-de-herramientas\/como-elegir-una-caja-de-herramientas-completa\/\">caja de herramientas<\/a><\/b><span style=\"font-weight: 400;\">, debido a sus diversas capacidades para trabajar sobre distintos rubros.\u00a0<\/span><\/p>\n<p><span style=\"font-weight: 400;\">No obstante, no todos cuentan con ellas. Esto se debe en gran parte a que n<\/span><b>o saben qu\u00e9 es ni para qu\u00e9 sirve.<\/b><\/p>\n<p><span style=\"font-weight: 400;\">Otros, en cambio, tuvieron un alicate alguna vez, pero <\/span><b>perdieron el filo r\u00e1pidamente y no lo pudieron utilizar m\u00e1s.<\/b><span style=\"font-weight: 400;\"> Cansados de este escenario, tomaron la decisi\u00f3n de no comprar uno nunca m\u00e1s.\u00a0<\/span><\/p>\n<p><span style=\"font-weight: 400;\">Esos tres inconvenientes no te pasar\u00e1n a vos, porque en este art\u00edculo de W\u00fcrth te vamos a explicar cada uno de los detalles que necesit\u00e1s saber para sacarle el m\u00e1ximo provecho a esta herramienta.\u00a0<\/span><\/p>\n<span class='mb-center maxbutton-1-center'><span class='maxbutton-1-container mb-container'><a class=\"maxbutton-1 maxbutton maxbutton-boton\" target=\"_blank\" rel=\"noopener\" href=\"https:\/\/www.wurth.com.ar\/es\/tienda\/herramientas-manuales\/alicates-tenazas-tijeras\"><span class='mb-text'>Comprar alicate en W\u00fcrth<\/span><\/a><\/span><\/span>\n<h2><span style=\"font-weight: 400;\">Qu\u00e9 es un alicate herramienta<\/span><\/h2>\n<p><span style=\"font-weight: 400;\">Un alicate es una herramienta que se destaca por ser muy vers\u00e1til, ya que permite a<\/span><b>flojar, cortar, estirar y doblegar piezas como un cable o un alambre.<\/b><\/p>\n<div class=\"grid-container ba-caja-grid ba-caja-centrada\">\t\r\n\t<div class=\"grid-50 ba-ancho-40\">\t\t\r\n\t\t<a href=\"https:\/\/www.wurth.com.ar\/es\/tienda\/herramientas-manuales\/alicates-tenazas-tijeras\/alicate-vde.html\" target=\"_blank\" rel=\"nofollow\">\r\n\t\t\t<img decoding=\"async\" class=\"ba-grid-imagen-individual\" src=\"https:\/\/www.wurth.com.ar\/img\/productos\/47263-gr-alicate-vde.jpg\" width=\"100%\" \/>\r\n\t\t<\/a>\t\t\r\n\t<\/div>\r\n\t<div class=\"grid-50 ba-ancho-60\">\r\n\t\t<a href=\"https:\/\/www.wurth.com.ar\/es\/tienda\/herramientas-manuales\/alicates-tenazas-tijeras\/alicate-vde.html\" target=\"_blank\" rel=\"nofollow\">\r\n\t\t\t<span class=\"ba-grid-titulo\">ALICATE VDE<\/span>\r\n\t\t<\/a>\t\r\n\t\t<p class=\"ba-grid-descripcion\">Pinza VDE punta de tijera, con bordes cortantes.<\/p>\r\n\t\t<a class=\"ba-boton-con-precio\" href=\"https:\/\/www.wurth.com.ar\/es\/tienda\/herramientas-manuales\/alicates-tenazas-tijeras\/alicate-vde.html\" target=\"_blank\">VER PRODUCTO<\/a>\r\n\t<\/div>\r\n<\/div>\r\n\r\n\n<p><span style=\"font-weight: 400;\">Existen diferentes tipos, por lo que sus formas var\u00edan. Cada uno de ellos tiene distintas capacidades y se adaptan a diversas tareas.\u00a0<\/span><\/p>\n<h2><span style=\"font-weight: 400;\">Para qu\u00e9 sirve el alicate<\/span><\/h2>\n<p><span style=\"font-weight: 400;\">Tambi\u00e9n conocida como tenazas, sirve para sostener piezas, cortar o moldear, entre tantas funciones, seg\u00fan el modelo.<\/span><\/p>\n<p><span style=\"font-weight: 400;\">Est\u00e1n aptas para varios rubros tales como la electricidad, el bricolaje, la pesca o la construcci\u00f3n.<\/span><\/p>\n<div class=\"grid-container ba-caja-grid ba-caja-centrada\">\t\r\n\t<div class=\"grid-50 ba-ancho-40\">\t\t\r\n\t\t<a href=\"https:\/\/www.wurth.com.ar\/es\/tienda\/herramientas-manuales\/alicates-tenazas-tijeras\/alicate-180mm-red-line.html\" target=\"_blank\" rel=\"nofollow\">\r\n\t\t\t<img decoding=\"async\" class=\"ba-grid-imagen-individual\" src=\"https:\/\/www.wurth.com.ar\/img\/productos\/48084-gr-alicate-180mm-red-line.jpg\" width=\"100%\" \/>\r\n\t\t<\/a>\t\t\r\n\t<\/div>\r\n\t<div class=\"grid-50 ba-ancho-60\">\r\n\t\t<a href=\"https:\/\/www.wurth.com.ar\/es\/tienda\/herramientas-manuales\/alicates-tenazas-tijeras\/alicate-180mm-red-line.html\" target=\"_blank\" rel=\"nofollow\">\r\n\t\t\t<span class=\"ba-grid-titulo\">ALICATE 180MM RED LINE<\/span>\r\n\t\t<\/a>\t\r\n\t\t<p class=\"ba-grid-descripcion\">Alicate de acero de alta calidad y mango de pl\u00e1stico ergon\u00f3mico 180MM.<\/p>\r\n\t\t<a class=\"ba-boton-con-precio\" href=\"https:\/\/www.wurth.com.ar\/es\/tienda\/herramientas-manuales\/alicates-tenazas-tijeras\/alicate-180mm-red-line.html\" target=\"_blank\">VER PRODUCTO<\/a>\r\n\t<\/div>\r\n<\/div>\r\n\r\n\n<h2><span style=\"font-weight: 400;\">Tipos de alicates<\/span><\/h2>\n<p><span style=\"font-weight: 400;\">A continuaci\u00f3n, repasaremos los distintos tipos de alicates.<\/span><\/p>\n<h3><span style=\"font-weight: 400;\">Alicate universal<\/span><\/h3>\n<p><span style=\"font-weight: 400;\">Es<\/span><b> multiuso<\/b><span style=\"font-weight: 400;\">, debido a que se utiliza para apretar, aflojar, estirar, doblegar piezas y cortar. Cuenta con mand\u00edbulas cortas y estriadas, una pinza robusta que hace que se pueda actuar sobre conductores gruesos y una secci\u00f3n cortante.\u00a0<\/span><\/p>\n<div class=\"grid-container ba-caja-grid ba-caja-centrada\">\t\r\n\t<div class=\"grid-50 ba-ancho-40\">\t\t\r\n\t\t<a href=\"https:\/\/www.wurth.com.ar\/es\/tienda\/herramientas-manuales\/alicates-tenazas-tijeras\/alicate-pelacable-ajustable-vde.html\" target=\"_blank\" rel=\"nofollow\">\r\n\t\t\t<img decoding=\"async\" class=\"ba-grid-imagen-individual\" src=\"https:\/\/www.wurth.com.ar\/img\/productos\/47248-gr-alicate-pelacable-ajustable-vde.jpg\" width=\"100%\" \/>\r\n\t\t<\/a>\t\t\r\n\t<\/div>\r\n\t<div class=\"grid-50 ba-ancho-60\">\r\n\t\t<a href=\"https:\/\/www.wurth.com.ar\/es\/tienda\/herramientas-manuales\/alicates-tenazas-tijeras\/alicate-pelacable-ajustable-vde.html\" target=\"_blank\" rel=\"nofollow\">\r\n\t\t\t<span class=\"ba-grid-titulo\">ALICATE PELACABLE AJUSTABLE VDE<\/span>\r\n\t\t<\/a>\t\r\n\t\t<p class=\"ba-grid-descripcion\">Para trabajos con voltajes de hasta 1000 V (AC) o de hasta 1500 V (DC).<\/p>\r\n\t\t<a class=\"ba-boton-con-precio\" href=\"https:\/\/www.wurth.com.ar\/es\/tienda\/herramientas-manuales\/alicates-tenazas-tijeras\/alicate-pelacable-ajustable-vde.html\" target=\"_blank\">VER PRODUCTO<\/a>\r\n\t<\/div>\r\n<\/div>\r\n\r\n\n<h3><span style=\"font-weight: 400;\">Alicate de punta acodada<\/span><\/h3>\n<p><span style=\"font-weight: 400;\">Sus mand\u00edbulas son en punta aguda y permite que se<\/span><b> accedan a espacios de dif\u00edcil acceso. <\/b><span style=\"font-weight: 400;\">Son ideales para los trabajos el\u00e9ctricos.<\/span><\/p>\n<h3><span style=\"font-weight: 400;\">Alicate regulable<\/span><\/h3>\n<p><span style=\"font-weight: 400;\">En este caso, <\/span><b>sus mand\u00edbulas no son fijas, sino que se adaptan a distintos tama\u00f1os.\u00a0<\/b><\/p>\n<h3><span style=\"font-weight: 400;\">Alicate de corte<\/span><\/h3>\n<p><span style=\"font-weight: 400;\">Dispone de unas mand\u00edbulas en forma diagonal. Con ellas se pueden <\/span><b>cortar cables, alambres y diversas piezas de peque\u00f1o di\u00e1metro.<\/b><\/p>\n<h3><span style=\"font-weight: 400;\">Alicate pelacables<\/span><\/h3>\n<p><span style=\"font-weight: 400;\">Se encarga de <\/span><b>pelar cables conductores de diversas secciones. <\/b><span style=\"font-weight: 400;\">Esto es posible mediante el calibrado de sus orificios cortantes. Tambi\u00e9n es \u00fatil para cortar y apretar las aletas de los terminales.<\/span><\/p>\n<h3><span style=\"font-weight: 400;\">Alicate de puntas redondas<\/span><\/h3>\n<p><span style=\"font-weight: 400;\">Son perfectos <\/span><b>para realizar anillas en los extremos de los hilos de conexi\u00f3n.\u00a0<\/b><\/p>\n<div class=\"grid-container ba-caja-grid ba-caja-centrada\">\t\r\n\t<div class=\"grid-50 ba-ancho-40\">\t\t\r\n\t\t<a href=\"https:\/\/www.wurth.com.ar\/es\/tienda\/lanzamientos\/mini-alicate-prensa-term-y-pelacable.html\" target=\"_blank\" rel=\"nofollow\">\r\n\t\t\t<img decoding=\"async\" class=\"ba-grid-imagen-individual\" src=\"https:\/\/www.wurth.com.ar\/img\/productos\/351062-gr-mini-alicate-prensa-term-y-pelacable.jpg\" width=\"100%\" \/>\r\n\t\t<\/a>\t\t\r\n\t<\/div>\r\n\t<div class=\"grid-50 ba-ancho-60\">\r\n\t\t<a href=\"https:\/\/www.wurth.com.ar\/es\/tienda\/lanzamientos\/mini-alicate-prensa-term-y-pelacable.html\" target=\"_blank\" rel=\"nofollow\">\r\n\t\t\t<span class=\"ba-grid-titulo\">MINI ALICATE PRENSA TERM.Y PELACABLE<\/span>\r\n\t\t<\/a>\t\r\n\t\t<p class=\"ba-grid-descripcion\">Alicate prensa term. y pelacable chico de 152,4mm.<\/p>\r\n\t\t<a class=\"ba-boton-con-precio\" href=\"https:\/\/www.wurth.com.ar\/es\/tienda\/lanzamientos\/mini-alicate-prensa-term-y-pelacable.html\" target=\"_blank\">VER PRODUCTO<\/a>\r\n\t<\/div>\r\n<\/div>\r\n\r\n\n<h3><span style=\"font-weight: 400;\">Alicate de tija c\u00f3nica<\/span><\/h3>\n<p><span style=\"font-weight: 400;\">Se emplean para darle forma a los terminales de los conductores que tienen que ser fijados con tornillos.\u00a0<\/span><\/p>\n<h3><span style=\"font-weight: 400;\">Alicates o pinzas planas<\/span><\/h3>\n<p><span style=\"font-weight: 400;\">Se caracterizan por ser rectos o curvos y se usan <\/span><b>para manipular piezas chicas o para que no se muevan mientras se hacen soldaduras.<\/b><\/p>\n<h3><span style=\"font-weight: 400;\">Alicate pico de loro<\/span><\/h3>\n<p><span style=\"font-weight: 400;\">Es una herramienta que tiene mucha longitud en sus mangos, por lo que permite que se <\/span><b>alcancen zonas de dif\u00edcil acceso<\/b><span style=\"font-weight: 400;\">. Sus estr\u00edas en las mand\u00edbulas hacen que el agarre sea m\u00e1s sencillo.<\/span><\/p>\n<h2><span style=\"font-weight: 400;\">C\u00f3mo afilar un alicate\u00a0<\/span><\/h2>\n<p><span style=\"font-weight: 400;\">Un problema muy recurrente con estas herramientas, sobre todo en los alicates cortacables, es que pierdan su capacidad de corte. Si quer\u00e9s recuperarla, existe un m\u00e9todo para afilarla nuevamente:\u00a0<\/span><\/p>\n<ul>\n<li style=\"font-weight: 400;\" aria-level=\"1\"><b>Limar las partes que toquen dentro de la herramienta <\/b><span style=\"font-weight: 400;\">que no permitan que la misma cierre como corresponde. Puede ser con una lima o una <a href=\"https:\/\/www.wurth.com.ar\/es\/tienda\/corte-y-taladro\/herramientas-de-corte\/\">amoladora<\/a>.<\/span><\/li>\n<li style=\"font-weight: 400;\" aria-level=\"1\"><b><a href=\"https:\/\/www.wurth.com.ar\/es\/tienda\/abrasivos\/lijas\/\">Lijar<\/a> la punta<\/b><span style=\"font-weight: 400;\"> en caso de que el problema no haya sido solucionado.<\/span><\/li>\n<\/ul>\n<p><span style=\"font-weight: 400;\">Si bien este procedimiento es posible de realizar, puede ocurrir que cambiemos la geometr\u00eda del filo y que <\/span><b>el rendimiento del corte se vea afectado.<\/b><\/p>\n<p><span style=\"font-weight: 400;\">Por otro lado, al trabajar sobre la herramienta, el alcance del alicate se vuelve m\u00e1s estrecho, debido a que se lija el \u00e1rea de corte.\u00a0<\/span><\/p>\n<div class=\"grid-container ba-caja-grid ba-caja-centrada\">\t\r\n\t<div class=\"grid-50 ba-ancho-40\">\t\t\r\n\t\t<a href=\"https:\/\/www.wurth.com.ar\/es\/tienda\/herramientas-manuales\/alicates-tenazas-tijeras\/alicate-de-corte-oblicuo-zebra.html\" target=\"_blank\" rel=\"nofollow\">\r\n\t\t\t<img decoding=\"async\" class=\"ba-grid-imagen-individual\" src=\"https:\/\/www.wurth.com.ar\/img\/productos\/10556-gr-alicate-de-corte-oblicuo-zebra.jpg\" width=\"100%\" \/>\r\n\t\t<\/a>\t\t\r\n\t<\/div>\r\n\t<div class=\"grid-50 ba-ancho-60\">\r\n\t\t<a href=\"https:\/\/www.wurth.com.ar\/es\/tienda\/herramientas-manuales\/alicates-tenazas-tijeras\/alicate-de-corte-oblicuo-zebra.html\" target=\"_blank\" rel=\"nofollow\">\r\n\t\t\t<span class=\"ba-grid-titulo\">ALICATE DE CORTE OBLICUO ZEBRA<\/span>\r\n\t\t<\/a>\t\r\n\t\t<p class=\"ba-grid-descripcion\">Es un alicate que brinda un corte oblicuo. Pertenece a la l\u00ednea Zebra y su mango es de dos componentes.<\/p>\r\n\t\t<a class=\"ba-boton-con-precio\" href=\"https:\/\/www.wurth.com.ar\/es\/tienda\/herramientas-manuales\/alicates-tenazas-tijeras\/alicate-de-corte-oblicuo-zebra.html\" target=\"_blank\">VER PRODUCTO<\/a>\r\n\t<\/div>\r\n<\/div>\r\n\r\n\n<p><span style=\"font-weight: 400;\">De esta manera, es mucho el tiempo y el esfuerzo que le podemos dedicar a este elemento, pero los riesgos son altos: <\/span><b>existe la posibilidad de que la herramienta pierda su finalidad.<\/b><\/p>\n<h2><span style=\"font-weight: 400;\">Tu caja de herramientas tiene que tener un alicate<\/span><\/h2>\n<p><span style=\"font-weight: 400;\">\u00a1Ahora s\u00ed sos todo un experto en el tema! Al finalizar esta nota quedaron claros todos los conceptos de esta herramienta multiuso.<\/span><\/p>\n<p><span style=\"font-weight: 400;\">A modo de resumen, los alicates sirven para aflojar, cortar, estirar y doblegar piezas como un cable o un alambre, seg\u00fan el modelo que elijamos.<\/span><\/p>\n<p><span style=\"font-weight: 400;\">A su vez, siempre se puede recuperar su filo, mediante un procedimiento espec\u00edfico. No obstante, el resultado no ser\u00e1 el mejor en todos los casos.<\/span><\/p>\n<p><span style=\"font-weight: 400;\">\u00a1Esperamos que te haya servido toda la informaci\u00f3n! Te invitamos a que recorras nuestra tienda oficial para ver y comparar cada uno de nuestros alicates, que son considerados como los m\u00e1s destacados del mercado. \u00a1Tu herramienta necesita contar con uno de nuestro modelos!<\/span><\/p>\n  <div class=\"related-post grid\">\r\n      <div class=\"post-list \">\r\n\r\n            <div class=\"item\">\r\n            <div class=\"thumb post_thumb\">\r\n    <a  title=\"Protecci\u00f3n, limpieza y cuidado\" href=\"https:\/\/www.wurth.com.ar\/blog\/caja-de-herramientas\/proteccion-limpieza-y-cuidado\/\">\r\n\r\n      <img loading=\"lazy\" decoding=\"async\" width=\"1000\" height=\"662\" src=\"https:\/\/www.wurth.com.ar\/blog\/wp-content\/uploads\/2024\/06\/crema.avif\" class=\"attachment-full size-full wp-post-image\" alt=\"\" srcset=\"https:\/\/www.wurth.com.ar\/blog\/wp-content\/uploads\/2024\/06\/crema.avif 1000w, https:\/\/www.wurth.com.ar\/blog\/wp-content\/uploads\/2024\/06\/crema-300x199.avif 300w, https:\/\/www.wurth.com.ar\/blog\/wp-content\/uploads\/2024\/06\/crema-768x508.avif 768w\" sizes=\"(max-width: 1000px) 100vw, 1000px\" \/>\r\n\r\n    <\/a>\r\n  <\/div>\r\n\r\n  <a class=\"title post_title\"  title=\"Protecci\u00f3n, limpieza y cuidado\" href=\"https:\/\/www.wurth.com.ar\/blog\/caja-de-herramientas\/proteccion-limpieza-y-cuidado\/\">\r\n        Protecci\u00f3n, limpieza y cuidado  <\/a>\r\n\r\n  <p class=\"excerpt post_excerpt\">\r\n    En nuestro d\u00eda a d\u00eda, nuestras manos enfrentan desaf\u00edos constantes. Desde trabajos pesados hasta tareas cotidianas, las manos acumulan suciedad <a class=\"read-more\" href=\"https:\/\/www.wurth.com.ar\/blog\/caja-de-herramientas\/proteccion-limpieza-y-cuidado\/\"> Leer m\u00e1s<\/a>  <\/p>\r\n        <\/div>\r\n              <div class=\"item\">\r\n            <div class=\"thumb post_thumb\">\r\n    <a  title=\"Caja de herramientas profesional: lo que no puede faltar\" href=\"https:\/\/www.wurth.com.ar\/blog\/caja-de-herramientas\/caja-de-herramientas-profesional-lo-que-no-puede-faltar\/\">\r\n\r\n      <img loading=\"lazy\" decoding=\"async\" width=\"500\" height=\"333\" src=\"https:\/\/www.wurth.com.ar\/blog\/wp-content\/uploads\/2022\/11\/destacada-caja-de-herramientas.jpg\" class=\"attachment-full size-full wp-post-image\" alt=\"caja de herramientas\" srcset=\"https:\/\/www.wurth.com.ar\/blog\/wp-content\/uploads\/2022\/11\/destacada-caja-de-herramientas.jpg 500w, https:\/\/www.wurth.com.ar\/blog\/wp-content\/uploads\/2022\/11\/destacada-caja-de-herramientas-300x200.jpg 300w\" sizes=\"(max-width: 500px) 100vw, 500px\" \/>\r\n\r\n    <\/a>\r\n  <\/div>\r\n\r\n  <a class=\"title post_title\"  title=\"Caja de herramientas profesional: lo que no puede faltar\" href=\"https:\/\/www.wurth.com.ar\/blog\/caja-de-herramientas\/caja-de-herramientas-profesional-lo-que-no-puede-faltar\/\">\r\n        Caja de herramientas profesional: lo que no puede faltar  <\/a>\r\n\r\n  <p class=\"excerpt post_excerpt\">\r\n    Una caja de herramientas profesional es un recurso indispensable para un trabajador. De no contar con una completa, muchas tareas <a class=\"read-more\" href=\"https:\/\/www.wurth.com.ar\/blog\/caja-de-herramientas\/caja-de-herramientas-profesional-lo-que-no-puede-faltar\/\"> Leer m\u00e1s<\/a>  <\/p>\r\n        <\/div>\r\n              <div class=\"item\">\r\n            <div class=\"thumb post_thumb\">\r\n    <a  title=\"Gu\u00eda definitiva para usar cinta de enmascarar automotriz sin filtraciones\" href=\"https:\/\/www.wurth.com.ar\/blog\/sin-categoria\/guia-definitiva-para-usar-cinta-de-enmascarar-automotriz-sin-filtraciones\/\">\r\n\r\n      <img loading=\"lazy\" decoding=\"async\" width=\"2560\" height=\"1707\" src=\"https:\/\/www.wurth.com.ar\/blog\/wp-content\/uploads\/2024\/01\/chapa-y-pitura-2.jpg\" class=\"attachment-full size-full wp-post-image\" alt=\"\" srcset=\"https:\/\/www.wurth.com.ar\/blog\/wp-content\/uploads\/2024\/01\/chapa-y-pitura-2.jpg 2560w, https:\/\/www.wurth.com.ar\/blog\/wp-content\/uploads\/2024\/01\/chapa-y-pitura-2-300x200.jpg 300w, https:\/\/www.wurth.com.ar\/blog\/wp-content\/uploads\/2024\/01\/chapa-y-pitura-2-1024x683.jpg 1024w, https:\/\/www.wurth.com.ar\/blog\/wp-content\/uploads\/2024\/01\/chapa-y-pitura-2-768x512.jpg 768w, https:\/\/www.wurth.com.ar\/blog\/wp-content\/uploads\/2024\/01\/chapa-y-pitura-2-1536x1024.jpg 1536w, https:\/\/www.wurth.com.ar\/blog\/wp-content\/uploads\/2024\/01\/chapa-y-pitura-2-2048x1366.jpg 2048w\" sizes=\"(max-width: 2560px) 100vw, 2560px\" \/>\r\n\r\n    <\/a>\r\n  <\/div>\r\n\r\n  <a class=\"title post_title\"  title=\"Gu\u00eda definitiva para usar cinta de enmascarar automotriz sin filtraciones\" href=\"https:\/\/www.wurth.com.ar\/blog\/sin-categoria\/guia-definitiva-para-usar-cinta-de-enmascarar-automotriz-sin-filtraciones\/\">\r\n        Gu\u00eda definitiva para usar cinta de enmascarar automotriz sin filtraciones  <\/a>\r\n\r\n  <p class=\"excerpt post_excerpt\">\r\n    \u00bfAlguna vez te preguntaste c\u00f3mo los profesionales consiguen ese acabado impecable en la pintura de los autos, libre de cualquier <a class=\"read-more\" href=\"https:\/\/www.wurth.com.ar\/blog\/sin-categoria\/guia-definitiva-para-usar-cinta-de-enmascarar-automotriz-sin-filtraciones\/\"> Leer m\u00e1s<\/a>  <\/p>\r\n        <\/div>\r\n              <div class=\"item\">\r\n            <div class=\"thumb post_thumb\">\r\n    <a  title=\"Alicate herramienta: para qu\u00e9 sirve, qu\u00e9 es y c\u00f3mo afilar\" href=\"https:\/\/www.wurth.com.ar\/blog\/caja-de-herramientas\/alicate-herramienta-para-que-sirve-que-es-y-como-afilar\/\">\r\n\r\n              <img decoding=\"async\" src=\"\" title=\"Alicate herramienta: para qu\u00e9 sirve, qu\u00e9 es y c\u00f3mo afilar\" alt=\"Alicate herramienta: para qu\u00e9 sirve, qu\u00e9 es y c\u00f3mo afilar\">\r\n\r\n      \r\n\r\n    <\/a>\r\n  <\/div>\r\n\r\n  <a class=\"title post_title\"  title=\"Alicate herramienta: para qu\u00e9 sirve, qu\u00e9 es y c\u00f3mo afilar\" href=\"https:\/\/www.wurth.com.ar\/blog\/caja-de-herramientas\/alicate-herramienta-para-que-sirve-que-es-y-como-afilar\/\">\r\n        Alicate herramienta: para qu\u00e9 sirve, qu\u00e9 es y c\u00f3mo afilar  <\/a>\r\n\r\n  <p class=\"excerpt post_excerpt\">\r\n    Para uso profesional o dom\u00e9stico, un alicate es una de las herramientas m\u00e1s necesarias para nuestra caja de herramientas, debido <a class=\"read-more\" href=\"https:\/\/www.wurth.com.ar\/blog\/caja-de-herramientas\/alicate-herramienta-para-que-sirve-que-es-y-como-afilar\/\"> Leer m\u00e1s<\/a>  <\/p>\r\n        <\/div>\r\n              <div class=\"item\">\r\n            <div class=\"thumb post_thumb\">\r\n    <a  title=\"Sierras: tipos, caracter\u00edsticas y definici\u00f3n\" href=\"https:\/\/www.wurth.com.ar\/blog\/caja-de-herramientas\/sierra-herramienta-tipos-caracteristicas-y-definicion\/\">\r\n\r\n              <img decoding=\"async\" src=\"\" title=\"Sierras: tipos, caracter\u00edsticas y definici\u00f3n\" alt=\"Sierras: tipos, caracter\u00edsticas y definici\u00f3n\">\r\n\r\n      \r\n\r\n    <\/a>\r\n  <\/div>\r\n\r\n  <a class=\"title post_title\"  title=\"Sierras: tipos, caracter\u00edsticas y definici\u00f3n\" href=\"https:\/\/www.wurth.com.ar\/blog\/caja-de-herramientas\/sierra-herramienta-tipos-caracteristicas-y-definicion\/\">\r\n        Sierras: tipos, caracter\u00edsticas y definici\u00f3n  <\/a>\r\n\r\n  <p class=\"excerpt post_excerpt\">\r\n    Cada trabajo requiere de su propia herramienta. Las sierras ofrecen distintos tipos de soluciones, debido a su amplia variedad de <a class=\"read-more\" href=\"https:\/\/www.wurth.com.ar\/blog\/caja-de-herramientas\/sierra-herramienta-tipos-caracteristicas-y-definicion\/\"> Leer m\u00e1s<\/a>  <\/p>\r\n        <\/div>\r\n              <div class=\"item\">\r\n            <div class=\"thumb post_thumb\">\r\n    <a  title=\"\u00bfC\u00f3mo elegir la abrazadera ideal?\" href=\"https:\/\/www.wurth.com.ar\/blog\/sin-categoria\/como-elegir-la-abrazadera-ideal\/\">\r\n\r\n      <img loading=\"lazy\" decoding=\"async\" width=\"1254\" height=\"836\" src=\"https:\/\/www.wurth.com.ar\/blog\/wp-content\/uploads\/2023\/10\/abrazaderas-destacada.jpeg\" class=\"attachment-full size-full wp-post-image\" alt=\"\" srcset=\"https:\/\/www.wurth.com.ar\/blog\/wp-content\/uploads\/2023\/10\/abrazaderas-destacada.jpeg 1254w, https:\/\/www.wurth.com.ar\/blog\/wp-content\/uploads\/2023\/10\/abrazaderas-destacada-300x200.jpeg 300w, https:\/\/www.wurth.com.ar\/blog\/wp-content\/uploads\/2023\/10\/abrazaderas-destacada-1024x683.jpeg 1024w, https:\/\/www.wurth.com.ar\/blog\/wp-content\/uploads\/2023\/10\/abrazaderas-destacada-768x512.jpeg 768w\" sizes=\"(max-width: 1254px) 100vw, 1254px\" \/>\r\n\r\n    <\/a>\r\n  <\/div>\r\n\r\n  <a class=\"title post_title\"  title=\"\u00bfC\u00f3mo elegir la abrazadera ideal?\" href=\"https:\/\/www.wurth.com.ar\/blog\/sin-categoria\/como-elegir-la-abrazadera-ideal\/\">\r\n        \u00bfC\u00f3mo elegir la abrazadera ideal?  <\/a>\r\n\r\n  <p class=\"excerpt post_excerpt\">\r\n    Elegir la abrazadera adecuada puede parecer una tarea sencilla a primera vista, pero hay mucho m\u00e1s detr\u00e1s de este simple <a class=\"read-more\" href=\"https:\/\/www.wurth.com.ar\/blog\/sin-categoria\/como-elegir-la-abrazadera-ideal\/\"> Leer m\u00e1s<\/a>  <\/p>\r\n        <\/div>\r\n      \r\n  <\/div>\r\n\r\n  <script>\r\n      <\/script>\r\n  <style>\r\n    .related-post {}\r\n\r\n    .related-post .post-list {\r\n      text-align: left;\r\n          }\r\n\r\n    .related-post .post-list .item {\r\n      margin: 10px;\r\n      padding: 5px;\r\n          }\r\n\r\n    .related-post .headline {\r\n      font-size: 18px !important;\r\n      color: #999999 !important;\r\n          }\r\n\r\n    .related-post .post-list .item .post_thumb {\r\n      max-height: 220px;\r\n      margin: 10px 0px;\r\n      padding: 0px;\r\n      display: block;\r\n          }\r\n\r\n    .related-post .post-list .item .post_title {\r\n      font-size: 16px;\r\n      color: #3f3f3f;\r\n      margin: 10px 0px;\r\n      padding: 0px;\r\n      display: block;\r\n      text-decoration: none;\r\n          }\r\n\r\n    .related-post .post-list .item .post_excerpt {\r\n      font-size: 13px;\r\n      color: #3f3f3f;\r\n      margin: 10px 0px;\r\n      padding: 0px;\r\n      display: block;\r\n      text-decoration: none;\r\n          }\r\n\r\n    @media only screen and (min-width: 1024px) {\r\n      .related-post .post-list .item {\r\n        width: 45%;\r\n      }\r\n    }\r\n\r\n    @media only screen and (min-width: 768px) and (max-width: 1023px) {\r\n      .related-post .post-list .item {\r\n        width: 90%;\r\n      }\r\n    }\r\n\r\n    @media only screen and (min-width: 0px) and (max-width: 767px) {\r\n      .related-post .post-list .item {\r\n        width: 90%;\r\n      }\r\n    }\r\n\r\n      <\/style>\r\n    <\/div>\r\n","protected":false},"excerpt":{"rendered":"<p>Para uso profesional o dom\u00e9stico, un alicate es una de las herramientas m\u00e1s necesarias para nuestra caja de herramientas, debido a sus diversas capacidades para trabajar sobre distintos rubros.\u00a0 No obstante, no todos cuentan con ellas. Esto se debe en gran parte a que no saben qu\u00e9 es ni para qu\u00e9 sirve. Otros, en cambio, &#8230; <a title=\"Sujet\u00e1 fuerte con las abrazaderas: \u00bfqu\u00e9 son y para qu\u00e9 sirven?\" class=\"read-more\" href=\"https:\/\/www.wurth.com.ar\/blog\/accesorios-vehiculos\/sujeta-fuerte-con-las-abrazaderas-que-son-y-para-que-sirven\/\" aria-label=\"More on Sujet\u00e1 fuerte con las abrazaderas: \u00bfqu\u00e9 son y para qu\u00e9 sirven?\">Leer m\u00e1s<\/a><\/p>\n","protected":false},"author":3,"featured_media":0,"comment_status":"closed","ping_status":"open","sticky":false,"template":"","format":"standard","meta":{"footnotes":""},"categories":[25],"tags":[],"_links":{"self":[{"href":"https:\/\/www.wurth.com.ar\/blog\/wp-json\/wp\/v2\/posts\/841"}],"collection":[{"href":"https:\/\/www.wurth.com.ar\/blog\/wp-json\/wp\/v2\/posts"}],"about":[{"href":"https:\/\/www.wurth.com.ar\/blog\/wp-json\/wp\/v2\/types\/post"}],"author":[{"embeddable":true,"href":"https:\/\/www.wurth.com.ar\/blog\/wp-json\/wp\/v2\/users\/3"}],"replies":[{"embeddable":true,"href":"https:\/\/www.wurth.com.ar\/blog\/wp-json\/wp\/v2\/comments?post=841"}],"version-history":[{"count":10,"href":"https:\/\/www.wurth.com.ar\/blog\/wp-json\/wp\/v2\/posts\/841\/revisions"}],"predecessor-version":[{"id":1175,"href":"https:\/\/www.wurth.com.ar\/blog\/wp-json\/wp\/v2\/posts\/841\/revisions\/1175"}],"wp:attachment":[{"href":"https:\/\/www.wurth.com.ar\/blog\/wp-json\/wp\/v2\/media?parent=841"}],"wp:term":[{"taxonomy":"category","embeddable":true,"href":"https:\/\/www.wurth.com.ar\/blog\/wp-json\/wp\/v2\/categories?post=841"},{"taxonomy":"post_tag","embeddable":true,"href":"https:\/\/www.wurth.com.ar\/blog\/wp-json\/wp\/v2\/tags?post=841"}],"curies":[{"name":"wp","href":"https:\/\/api.w.org\/{rel}","templated":true}]}}