{"id":641,"date":"2024-06-18T12:14:52","date_gmt":"2024-06-18T15:14:52","guid":{"rendered":"https:\/\/www.wurth.com.ar\/blog\/?p=641"},"modified":"2024-07-24T16:45:09","modified_gmt":"2024-07-24T19:45:09","slug":"masilla-de-poliester-en-el-taller-que-es-y-para-que-se-usa","status":"publish","type":"post","link":"https:\/\/www.wurth.com.ar\/blog\/masilla\/masilla-de-poliester-en-el-taller-que-es-y-para-que-se-usa\/","title":{"rendered":"Masilla de poli\u00e9ster en el taller: \u00bfQu\u00e9 es y para qu\u00e9 se usa?"},"content":{"rendered":"<p><span style=\"font-weight: 400;\">Seguramente alguna vez tuviste que <\/span><b>arreglar ciertas irregularidades en un veh\u00edculo<\/b><span style=\"font-weight: 400;\">, pero no ten\u00edas el elemento indicado para trabajar. \u00bfPensaste alguna vez en usar <\/span><a href=\"https:\/\/www.wurth.com.ar\/es\/busqueda\/?term=masilla\"><b>masilla de poli\u00e9ster<\/b><\/a><span style=\"font-weight: 400;\"> en el taller?<\/span><\/p>\n<p><span style=\"font-weight: 400;\">Se trata de un producto qu\u00edmico que tienen a disposici\u00f3n los profesionales para este tipo de tareas. No tenerlos puede ser un gran desprop\u00f3sito, ya que brinda <\/span><b>soluciones excelentes<\/b><span style=\"font-weight: 400;\">.<\/span><\/p>\n<p><span style=\"font-weight: 400;\">De todos modos, est\u00e1s a tiempo de corregirlo. En este contenido de <\/span><b>W\u00fcrth <\/b><span style=\"font-weight: 400;\">te vamos a explicar todo lo que necesit\u00e1s saber.<\/span><\/p>\n<p><span style=\"font-weight: 400;\">\u00bfQu\u00e9 es una masilla de poli\u00e9ster y para qu\u00e9 se usa?, es una de las preguntas que iremos resolviendo en esta gu\u00eda. \u00a1Segu\u00ed bajando que hay m\u00e1s!\u00a0<\/span><\/p>\n<span class='mb-center maxbutton-1-center'><span class='maxbutton-1-container mb-container'><a class=\"maxbutton-1 maxbutton maxbutton-boton\" target=\"_blank\" rel=\"noopener\" href=\"https:\/\/www.wurth.com.ar\/es\/tienda\/productos-quimicos\/masillas-vaku-linea-completa.html\"><span class='mb-text'>Comprar masillas de poli\u00e9ster W\u00fcrth<\/span><\/a><\/span><\/span>\n<p>&nbsp;<\/p>\n<h2><span style=\"font-weight: 400;\">Qu\u00e9 es la masilla de poli\u00e9ster y para qu\u00e9 se usa en el taller<\/span><\/h2>\n<p><span style=\"font-weight: 400;\">La masilla de poli\u00e9ster es un producto que se usa para corregir las irregularidades que quedan en la chapa de un veh\u00edculo.<\/span><\/p>\n<p><span style=\"font-weight: 400;\">Se trata de una <\/span><b>soluci\u00f3n r\u00e1pida y eficaz<\/b><span style=\"font-weight: 400;\"> para trabajos en carrocer\u00eda, pero que no descarta la labor de un chapista.<\/span><\/p>\n<p><span style=\"font-weight: 400;\">Est\u00e1n conformadas de resinas de poli\u00e9ster, pero se le agrega per\u00f3xido de benzolio para que se endurezca y sirva como catalizador.<\/span><\/p>\n<p><span style=\"font-weight: 400;\">Es empleado para <\/span><b>rellenar huecos y obtener superficies igualadas<\/b><span style=\"font-weight: 400;\">. No protege ni la mejora, sino que corrige cualquier tipo de imperfecci\u00f3n ya sea por ara\u00f1azos o golpes. Se aplica con esp\u00e1tula o pistola.<\/span><\/p>\n<h2><span style=\"font-weight: 400;\">Ventajas de la masilla de poli\u00e9ster<\/span><\/h2>\n<p><span style=\"font-weight: 400;\">Las caracter\u00edsticas beneficiosas de la masilla de poli\u00e9ster son:<\/span><\/p>\n<ul>\n<li style=\"font-weight: 400;\" aria-level=\"1\"><b>Facilidad de lijado<\/b><span style=\"font-weight: 400;\">: es importante, porque la uniformidad debe alcanzarse de manera veloz antes que se endurezca.<\/span><\/li>\n<li style=\"font-weight: 400;\" aria-level=\"1\"><b>Alta resistencia y adherencia<\/b><span style=\"font-weight: 400;\">: tiene que ser resistente a agentes externos y adherirse a las chapas.<\/span><\/li>\n<li style=\"font-weight: 400;\" aria-level=\"1\"><b>Baja porosidad y alta elasticidad:<\/b><span style=\"font-weight: 400;\"> no debe crear muchos poros y tiene que soportar vibraciones y cargas din\u00e1micas sobre el material a trabajar.\u00a0<\/span><\/li>\n<li style=\"font-weight: 400;\" aria-level=\"1\"><b>Poder de relleno: <\/b><span style=\"font-weight: 400;\">el estado del espesor de la masilla debe ser el mismo tanto antes como despu\u00e9s de que finalice el curado.\u00a0<\/span><\/li>\n<\/ul>\n<h2><span style=\"font-weight: 400;\">Por qu\u00e9 es importante tener masilla de poli\u00e9ster en el taller<\/span><\/h2>\n<p><span style=\"font-weight: 400;\">Es importante tener masilla de poli\u00e9ster en el taller, ya que ofrece varios beneficios en un solo producto.<\/span><\/p>\n<p><span style=\"font-weight: 400;\">M\u00e1s all\u00e1 de los mencionados anteriormente en relaci\u00f3n a sus caracter\u00edsticas, se destaca que se puede emplear sobre peque\u00f1os golpes antes que reemplazar la chapa afectada, por ejemplo.\u00a0<\/span><\/p>\n<h2><span style=\"font-weight: 400;\">Tipos de masillas de poli\u00e9ster<\/span><\/h2>\n<p><span style=\"font-weight: 400;\">Existen distintos tipos de masillas de poli\u00e9ster. A continuaci\u00f3n, te mostramos una por una para que est\u00e9s al tanto de ellas.<\/span><\/p>\n<ul>\n<li style=\"font-weight: 400;\" aria-level=\"1\"><b>Masilla de poli\u00e9ster est\u00e1ndar para acabado: <\/b><span style=\"font-weight: 400;\">son porosas, brindan un gran poder de relleno y se usan en grandes superficies.<\/span><\/li>\n<li style=\"font-weight: 400;\" aria-level=\"1\"><b>Masilla de poli\u00e9ster con fibra de vidrio:<\/b><span style=\"font-weight: 400;\"> ofrece un poder de relleno excepcional. Tiene fibra de vidrio y se emplea en pl\u00e1sticos reforzados.<\/span><\/li>\n<li style=\"font-weight: 400;\" aria-level=\"1\"><b>Masilla de poli\u00e9ster para superficies galvanizadas o de cinc:<\/b><span style=\"font-weight: 400;\"> ideales para trabaja sobre materiales galvanizados o de cinc, ya que no se despega.<\/span><\/li>\n<li style=\"font-weight: 400;\" aria-level=\"1\"><b>Masilla multifuncional:<\/b><span style=\"font-weight: 400;\"> apta para varias superficies, tiene una baja porosidad y se destaca por su textura fina.<\/span><\/li>\n<li style=\"font-weight: 400;\" aria-level=\"1\"><b>Masilla acr\u00edlica:<\/b><span style=\"font-weight: 400;\"> sirve para reparaciones m\u00e1s sencillas como ara\u00f1azos o golpes chicos.<\/span><\/li>\n<li style=\"font-weight: 400;\" aria-level=\"1\"><b>Masilla para pl\u00e1sticos<\/b><span style=\"font-weight: 400;\">: es menos flexible y el\u00e1stica que en otros casos. Se usa en superficies pl\u00e1sticas.<\/span><\/li>\n<\/ul>\n<h2><span style=\"font-weight: 400;\">Todos los tipos de masilla de poli\u00e9ster de W\u00fcrth<\/span><\/h2>\n<h3><span style=\"font-weight: 400;\">MASILLA VAKU FIBRA DE VIDRIO 1KG<\/span><\/h3>\n<p><span style=\"font-weight: 400;\"><div class=\"grid-container ba-caja-grid ba-caja-centrada\">\t\r\n\t<div class=\"grid-50 ba-ancho-40\">\t\t\r\n\t\t<a href=\"https:\/\/www.wurth.com.ar\/es\/tienda\/lanzamientos\/enero-2022\/masilla-vaku-fibra-de-vidrio-1kg.html\" target=\"_blank\" rel=\"nofollow\">\r\n\t\t\t<img decoding=\"async\" class=\"ba-grid-imagen-individual\" src=\"https:\/\/www.wurth.com.ar\/img\/productos\/351699-gr-masilla-vaku-fibra-de-vidrio-1kg.jpg\" width=\"100%\" \/>\r\n\t\t<\/a>\t\t\r\n\t<\/div>\r\n\t<div class=\"grid-50 ba-ancho-60\">\r\n\t\t<a href=\"https:\/\/www.wurth.com.ar\/es\/tienda\/lanzamientos\/enero-2022\/masilla-vaku-fibra-de-vidrio-1kg.html\" target=\"_blank\" rel=\"nofollow\">\r\n\t\t\t<span class=\"ba-grid-titulo\">MASILLA VAKU FIBRA DE VIDRIO 1KG<\/span>\r\n\t\t<\/a>\t\r\n\t\t<p class=\"ba-grid-descripcion\">Masilla estructural de poli\u00e9ster bicomponente reforzada de fibra de vidrio para reparaciones de veh\u00edculos.<\/p>\r\n\t\t<a class=\"ba-boton-con-precio\" href=\"https:\/\/www.wurth.com.ar\/es\/tienda\/lanzamientos\/enero-2022\/masilla-vaku-fibra-de-vidrio-1kg.html\" target=\"_blank\">VER PRODUCTO<\/a>\r\n\t<\/div>\r\n<\/div>\r\n\r\n<\/span><\/p>\n<p><span style=\"font-weight: 400;\">Masilla estructural de poli\u00e9ster bicomponente reforzada de fibra de vidrio para reparaciones de veh\u00edculos.<\/span><\/p>\n<p><span style=\"font-weight: 400;\">Se recomienda <\/span><b>para rellenar grandes abolladuras y agujeros en autos y camiones.<\/b><span style=\"font-weight: 400;\"> Ofrece muy buena adherencia a los metales.<\/span><\/p>\n<p><span style=\"font-weight: 400;\">Se destaca su alta dureza, buena flexibilidad y que necesita de un muy corto tiempo de endurecimiento.<\/span><\/p>\n<p><span style=\"font-weight: 400;\">Se puede aplicar sobre acero, aluminio, acero zincado, laminados de poli\u00e9ster, masillas de poli\u00e9ster, aparejos acr\u00edlicos y epoxi.<\/span><\/p>\n<h3><span style=\"font-weight: 400;\">MASILLA VAKU PLASTIC 1KG<\/span><\/h3>\n<p><span style=\"font-weight: 400;\"><div class=\"grid-container ba-caja-grid ba-caja-centrada\">\t\r\n\t<div class=\"grid-50 ba-ancho-40\">\t\t\r\n\t\t<a href=\"https:\/\/www.wurth.com.ar\/es\/tienda\/lanzamientos\/enero-2022\/masilla-vaku-plastic-1kg.html\" target=\"_blank\" rel=\"nofollow\">\r\n\t\t\t<img decoding=\"async\" class=\"ba-grid-imagen-individual\" src=\"https:\/\/www.wurth.com.ar\/img\/productos\/351700-gr-masilla-vaku-plastic-1kg.jpg\" width=\"100%\" \/>\r\n\t\t<\/a>\t\t\r\n\t<\/div>\r\n\t<div class=\"grid-50 ba-ancho-60\">\r\n\t\t<a href=\"https:\/\/www.wurth.com.ar\/es\/tienda\/lanzamientos\/enero-2022\/masilla-vaku-plastic-1kg.html\" target=\"_blank\" rel=\"nofollow\">\r\n\t\t\t<span class=\"ba-grid-titulo\">MASILLA VAKU FIBRA DE VIDRIO 1KG<\/span>\r\n\t\t<\/a>\t\r\n\t\t<p class=\"ba-grid-descripcion\">Masilla el\u00e1stica de poli\u00e9ster bicomponente para reparaciones de veh\u00edculos. Tiene una muy buena adherencia a todas las partes exteriores de la carrocer\u00eda hechas de pl\u00e1stico.<\/p>\r\n\t\t<a class=\"ba-boton-con-precio\" href=\"https:\/\/www.wurth.com.ar\/es\/tienda\/lanzamientos\/enero-2022\/masilla-vaku-plastic-1kg.html\" target=\"_blank\">VER PRODUCTO<\/a>\r\n\t<\/div>\r\n<\/div>\r\n\r\n<\/span><\/p>\n<p><span style=\"font-weight: 400;\">Es una masilla el\u00e1stica de poli\u00e9ster bicomponente para reparaciones de veh\u00edculos. El producto tiene una <\/span><b>muy buena adherencia a todas las partes exteriores de la carrocer\u00eda hechas de pl\u00e1stico.<\/b><\/p>\n<p><span style=\"font-weight: 400;\">Ideal para todas las piezas que est\u00e9n expuestas a vibraciones. Tiene buena flexibilidad, calidad de pulido y deja la superficie lisa despu\u00e9s del lijado.<\/span><\/p>\n<h3><span style=\"font-weight: 400;\">MASILLA VAKU PRO II 4KG<\/span><\/h3>\n<p><span style=\"font-weight: 400;\"><div class=\"grid-container ba-caja-grid ba-caja-centrada\">\t\r\n\t<div class=\"grid-50 ba-ancho-40\">\t\t\r\n\t\t<a href=\"https:\/\/www.wurth.com.ar\/es\/tienda\/lanzamientos\/enero-2022\/masilla-vaku-pro-ii-4kg.html\" target=\"_blank\" rel=\"nofollow\">\r\n\t\t\t<img decoding=\"async\" class=\"ba-grid-imagen-individual\" src=\"https:\/\/www.wurth.com.ar\/img\/productos\/351736-gr-masilla-vaku-pro-ii-4kg.jpg\" width=\"100%\" \/>\r\n\t\t<\/a>\t\t\r\n\t<\/div>\r\n\t<div class=\"grid-50 ba-ancho-60\">\r\n\t\t<a href=\"https:\/\/www.wurth.com.ar\/es\/tienda\/lanzamientos\/enero-2022\/masilla-vaku-pro-ii-4kg.html\" target=\"_blank\" rel=\"nofollow\">\r\n\t\t\t<span class=\"ba-grid-titulo\">MASILLA VAKU PRO II 4KG<\/span>\r\n\t\t<\/a>\t\r\n\t\t<p class=\"ba-grid-descripcion\">Masilla para el relleno y terminaci\u00f3n en reparaciones vehiculares, ya que tiene una gran adherencia a metales.<\/p>\r\n\t\t<a class=\"ba-boton-con-precio\" href=\"https:\/\/www.wurth.com.ar\/es\/tienda\/lanzamientos\/enero-2022\/masilla-vaku-pro-ii-4kg.html\" target=\"_blank\">VER PRODUCTO<\/a>\r\n\t<\/div>\r\n<\/div>\r\n\r\n<\/span><\/p>\n<p><span style=\"font-weight: 400;\">La masilla Vaku Pro se usa <\/span><b>para el relleno y terminaci\u00f3n en reparaciones vehiculares, ya que tiene una gran adherencia a metales.<\/b><\/p>\n<p><span style=\"font-weight: 400;\">Especial para superficies como acero, aluminio, acero cincado, laminados de poli\u00e9ster, aparejos acr\u00edlicos y epoxi. Todas estas deben estar matizadas y desengrasadas.<\/span><\/p>\n<p><span style=\"font-weight: 400;\">Est\u00e1 compuesta a base de resina de poli\u00e9ster insaturada, cargas inertes y pigmentos. Su color es amarillo mate y tiene una densidad de 1,94 (+\/- 0,04) kg\/l. Seca en aproximadamente 17 a 27 minutos.<\/span><\/p>\n<p><span style=\"font-weight: 400;\">Se destaca por un gran poder de relleno y excelente terminaci\u00f3n, en un bajo peso espec\u00edfico. Permite el f\u00e1cil lijado, r\u00e1pido secado y baja emisi\u00f3n de polvo.<\/span><\/p>\n<h3><span style=\"font-weight: 400;\">MASILLA VAKU ALUMINIO 1KG<\/span><\/h3>\n<p><span style=\"font-weight: 400;\"><div class=\"grid-container ba-caja-grid ba-caja-centrada\">\t\r\n\t<div class=\"grid-50 ba-ancho-40\">\t\t\r\n\t\t<a href=\"https:\/\/www.wurth.com.ar\/es\/tienda\/lanzamientos\/enero-2022\/masilla-vaku-aluminio-1kg.html\" target=\"_blank\" rel=\"nofollow\">\r\n\t\t\t<img decoding=\"async\" class=\"ba-grid-imagen-individual\" src=\"https:\/\/www.wurth.com.ar\/img\/productos\/351726-gr-masilla-vaku-aluminio-1kg.jpg\" width=\"100%\" \/>\r\n\t\t<\/a>\t\t\r\n\t<\/div>\r\n\t<div class=\"grid-50 ba-ancho-60\">\r\n\t\t<a href=\"https:\/\/www.wurth.com.ar\/es\/tienda\/lanzamientos\/enero-2022\/masilla-vaku-aluminio-1kg.html\" target=\"_blank\" rel=\"nofollow\">\r\n\t\t\t<span class=\"ba-grid-titulo\">MASILLA VAKU ALUMINIO 1KG<\/span>\r\n\t\t<\/a>\t\r\n\t\t<p class=\"ba-grid-descripcion\">Masilla dise\u00f1ada para cubrir grandes rellenos y reparar piezas que sean sometidas a grandes temperaturas.<\/p>\r\n\t\t<a class=\"ba-boton-con-precio\" href=\"https:\/\/www.wurth.com.ar\/es\/tienda\/lanzamientos\/enero-2022\/masilla-vaku-aluminio-1kg.html\" target=\"_blank\">VER PRODUCTO<\/a>\r\n\t<\/div>\r\n<\/div>\r\n\r\n<\/span><\/p>\n<p><span style=\"font-weight: 400;\">Masilla el\u00e1stica de poli\u00e9ster bi-componente con polvo de aluminio para reparaciones vehiculares.<\/span><\/p>\n<p><span style=\"font-weight: 400;\">Est\u00e1 dise\u00f1ada <\/span><b>para cubrir grandes rellenos y reparar piezas que sean sometidas a grandes temperaturas.<\/b><\/p>\n<p><span style=\"font-weight: 400;\">Excelente calidad de lijado y capacidad de relleno gracias a la consistencia de las part\u00edculas met\u00e1licas de aluminio.<\/span><\/p>\n<p><span style=\"font-weight: 400;\">Se aplica en reparaciones de carrocer\u00eda de veh\u00edculos, n\u00e1uticas, motos, estructuras met\u00e1licas y persianas, entre otros sectores. Adem\u00e1s, como refuerzo para piezas afectadas. Se usa en acero, aluminio, acero cincado, laminados de poli\u00e9ster, aparejos acr\u00edlicos y epoxi. Todas estas deben estar matizadas y desengrasadas.<\/span><\/p>\n<h3><span style=\"font-weight: 400;\">MASILLA VAKU LIGHT 1,5KG<\/span><\/h3>\n<p><span style=\"font-weight: 400;\"><div class=\"grid-container ba-caja-grid ba-caja-centrada\">\t\r\n\t<div class=\"grid-50 ba-ancho-40\">\t\t\r\n\t\t<a href=\"https:\/\/www.wurth.com.ar\/es\/tienda\/lanzamientos\/enero-2022\/masilla-vaku-light-1-5kg.html\" target=\"_blank\" rel=\"nofollow\">\r\n\t\t\t<img decoding=\"async\" class=\"ba-grid-imagen-individual\" src=\"https:\/\/www.wurth.com.ar\/img\/productos\/351719-gr-masilla-vaku-light-1-5kg.jpg\" width=\"100%\" \/>\r\n\t\t<\/a>\t\t\r\n\t<\/div>\r\n\t<div class=\"grid-50 ba-ancho-60\">\r\n\t\t<a href=\"https:\/\/www.wurth.com.ar\/es\/tienda\/lanzamientos\/enero-2022\/masilla-vaku-light-1-5kg.html\" target=\"_blank\" rel=\"nofollow\">\r\n\t\t\t<span class=\"ba-grid-titulo\">MASILLA VAKU LIGHT 1,5KG<\/span>\r\n\t\t<\/a>\t\r\n\t\t<p class=\"ba-grid-descripcion\">Masilla para reparaciones r\u00e1pidas y peque\u00f1os retoques. Tiene una baja densidad, f\u00e1cil proceso de mezcla y aplicaci\u00f3n.<\/p>\r\n\t\t<a class=\"ba-boton-con-precio\" href=\"https:\/\/www.wurth.com.ar\/es\/tienda\/lanzamientos\/enero-2022\/masilla-vaku-light-1-5kg.html\" target=\"_blank\">VER PRODUCTO<\/a>\r\n\t<\/div>\r\n<\/div>\r\n\r\n<\/span><\/p>\n<p><span style=\"font-weight: 400;\">Creada <\/span><b>para reparaciones r\u00e1pidas y peque\u00f1os retoques.<\/b><span style=\"font-weight: 400;\"> Tiene una baja densidad, f\u00e1cil proceso de mezcla y aplicaci\u00f3n.<\/span><\/p>\n<p><span style=\"font-weight: 400;\">Se destaca por una muy buena calidad de pulido, r\u00e1pido secado, buen acabado superficial, bajo peso espec\u00edfico y permite f\u00e1cil lijado.<\/span><\/p>\n<p><span style=\"font-weight: 400;\">Aplicable en acero, aluminio, acero cincado, laminados de poli\u00e9ster, aparejos acr\u00edlicos y epoxi. Todas estas deben estar matizadas y desengrasadas.<\/span><\/p>\n<h3><span style=\"font-weight: 400;\">MASILLA VAKU FINISH 1KG<\/span><\/h3>\n<p><span style=\"font-weight: 400;\"><div class=\"grid-container ba-caja-grid ba-caja-centrada\">\t\r\n\t<div class=\"grid-50 ba-ancho-40\">\t\t\r\n\t\t<a href=\"https:\/\/www.wurth.com.ar\/es\/tienda\/lanzamientos\/enero-2022\/masilla-vaku-finish-1kg.html\" target=\"_blank\" rel=\"nofollow\">\r\n\t\t\t<img decoding=\"async\" class=\"ba-grid-imagen-individual\" src=\"https:\/\/www.wurth.com.ar\/img\/productos\/351716-gr-masilla-finish-1kg.jpg\" width=\"100%\" \/>\r\n\t\t<\/a>\t\t\r\n\t<\/div>\r\n\t<div class=\"grid-50 ba-ancho-60\">\r\n\t\t<a href=\"https:\/\/www.wurth.com.ar\/es\/tienda\/lanzamientos\/enero-2022\/masilla-vaku-finish-1kg.html\" target=\"_blank\" rel=\"nofollow\">\r\n\t\t\t<span class=\"ba-grid-titulo\">MASILLA VAKU FINISH 1KG<\/span>\r\n\t\t<\/a>\t\r\n\t\t<p class=\"ba-grid-descripcion\">Masilla que se recomienda su utilizaci\u00f3n cuando se necesite corregir irregularidades en elementos reparados.<\/p>\r\n\t\t<a class=\"ba-boton-con-precio\" href=\"https:\/\/www.wurth.com.ar\/es\/tienda\/lanzamientos\/enero-2022\/masilla-vaku-finish-1kg.html\" target=\"_blank\">VER PRODUCTO<\/a>\r\n\t<\/div>\r\n<\/div>\r\n\r\n<\/span><\/p>\n<p><span style=\"font-weight: 400;\">Otra masilla de acabado de poli\u00e9ster bicomponente para reparaciones de veh\u00edculos.<\/span><\/p>\n<p><span style=\"font-weight: 400;\">Se recomienda su utilizaci\u00f3n cuando se necesite <\/span><b>corregir irregularidades en elementos reparados.<\/b><\/p>\n<p><span style=\"font-weight: 400;\">Muestra una muy buena adherencia sobre el metal, f\u00e1cil proceso de mezcla y<\/span><\/p>\n<p><span style=\"font-weight: 400;\">aplicaci\u00f3n y la superficie trabajada queda lisa despu\u00e9s del lijado.<\/span><\/p>\n<p><span style=\"font-weight: 400;\">Se usa en acero, aluminio, acero cincado, laminados de poli\u00e9ster, aparejos acr\u00edlicos y epoxi. Todas estas deben estar matizadas y desengrasadas.<\/span><\/p>\n<h2><span style=\"font-weight: 400;\">Arregl\u00e1 la chapa de tu auto con masilla de poli\u00e9ster<\/span><\/h2>\n<p><span style=\"font-weight: 400;\">Si hay algo que qued\u00f3 claro a lo largo de esta nota es que la masilla de poli\u00e9ster es un <\/span><b>producto sumamente beneficioso para tu veh\u00edculo<\/b><span style=\"font-weight: 400;\">. \u00bfQu\u00e9 est\u00e1s esperando para aprovecharlo para arreglarlo?<\/span><\/p>\n<p><span style=\"font-weight: 400;\">La misma sirve para corregir todo tipo de irregularidades que se encuentren en la chapa del auto. <\/span><span style=\"font-weight: 400;\">Brinda una soluci\u00f3n r\u00e1pida y eficaz en los trabajos de carrocer\u00eda, ya que tiene un f\u00e1cil lijado, es resistente y ofrece un alto poder de adherencia, entre otras ventajas.\u00a0<\/span><\/p>\n<p><span style=\"font-weight: 400;\">Ahora solo resta que tengas la tuya. En nuestra tienda oficial contamos con varios modelos que se adaptar\u00e1n a cada una de tus necesidades. \u00a1Pas\u00e1, comparalas y llevate la que quieras!<\/span><\/p>\n  <div class=\"related-post grid\">\r\n      <div class=\"post-list \">\r\n\r\n            <div class=\"item\">\r\n            <div class=\"thumb post_thumb\">\r\n    <a  title=\"Protecci\u00f3n, limpieza y cuidado\" href=\"https:\/\/www.wurth.com.ar\/blog\/caja-de-herramientas\/proteccion-limpieza-y-cuidado\/\">\r\n\r\n      <img loading=\"lazy\" decoding=\"async\" width=\"1000\" height=\"662\" src=\"https:\/\/www.wurth.com.ar\/blog\/wp-content\/uploads\/2024\/06\/crema.avif\" class=\"attachment-full size-full wp-post-image\" alt=\"\" srcset=\"https:\/\/www.wurth.com.ar\/blog\/wp-content\/uploads\/2024\/06\/crema.avif 1000w, https:\/\/www.wurth.com.ar\/blog\/wp-content\/uploads\/2024\/06\/crema-300x199.avif 300w, https:\/\/www.wurth.com.ar\/blog\/wp-content\/uploads\/2024\/06\/crema-768x508.avif 768w\" sizes=\"(max-width: 1000px) 100vw, 1000px\" \/>\r\n\r\n    <\/a>\r\n  <\/div>\r\n\r\n  <a class=\"title post_title\"  title=\"Protecci\u00f3n, limpieza y cuidado\" href=\"https:\/\/www.wurth.com.ar\/blog\/caja-de-herramientas\/proteccion-limpieza-y-cuidado\/\">\r\n        Protecci\u00f3n, limpieza y cuidado  <\/a>\r\n\r\n  <p class=\"excerpt post_excerpt\">\r\n    En nuestro d\u00eda a d\u00eda, nuestras manos enfrentan desaf\u00edos constantes. Desde trabajos pesados hasta tareas cotidianas, las manos acumulan suciedad <a class=\"read-more\" href=\"https:\/\/www.wurth.com.ar\/blog\/caja-de-herramientas\/proteccion-limpieza-y-cuidado\/\"> Leer m\u00e1s<\/a>  <\/p>\r\n        <\/div>\r\n              <div class=\"item\">\r\n            <div class=\"thumb post_thumb\">\r\n    <a  title=\"Caja de herramientas profesional: lo que no puede faltar\" href=\"https:\/\/www.wurth.com.ar\/blog\/caja-de-herramientas\/caja-de-herramientas-profesional-lo-que-no-puede-faltar\/\">\r\n\r\n      <img loading=\"lazy\" decoding=\"async\" width=\"500\" height=\"333\" src=\"https:\/\/www.wurth.com.ar\/blog\/wp-content\/uploads\/2022\/11\/destacada-caja-de-herramientas.jpg\" class=\"attachment-full size-full wp-post-image\" alt=\"caja de herramientas\" srcset=\"https:\/\/www.wurth.com.ar\/blog\/wp-content\/uploads\/2022\/11\/destacada-caja-de-herramientas.jpg 500w, https:\/\/www.wurth.com.ar\/blog\/wp-content\/uploads\/2022\/11\/destacada-caja-de-herramientas-300x200.jpg 300w\" sizes=\"(max-width: 500px) 100vw, 500px\" \/>\r\n\r\n    <\/a>\r\n  <\/div>\r\n\r\n  <a class=\"title post_title\"  title=\"Caja de herramientas profesional: lo que no puede faltar\" href=\"https:\/\/www.wurth.com.ar\/blog\/caja-de-herramientas\/caja-de-herramientas-profesional-lo-que-no-puede-faltar\/\">\r\n        Caja de herramientas profesional: lo que no puede faltar  <\/a>\r\n\r\n  <p class=\"excerpt post_excerpt\">\r\n    Una caja de herramientas profesional es un recurso indispensable para un trabajador. De no contar con una completa, muchas tareas <a class=\"read-more\" href=\"https:\/\/www.wurth.com.ar\/blog\/caja-de-herramientas\/caja-de-herramientas-profesional-lo-que-no-puede-faltar\/\"> Leer m\u00e1s<\/a>  <\/p>\r\n        <\/div>\r\n              <div class=\"item\">\r\n            <div class=\"thumb post_thumb\">\r\n    <a  title=\"Gu\u00eda definitiva para usar cinta de enmascarar automotriz sin filtraciones\" href=\"https:\/\/www.wurth.com.ar\/blog\/sin-categoria\/guia-definitiva-para-usar-cinta-de-enmascarar-automotriz-sin-filtraciones\/\">\r\n\r\n      <img loading=\"lazy\" decoding=\"async\" width=\"2560\" height=\"1707\" src=\"https:\/\/www.wurth.com.ar\/blog\/wp-content\/uploads\/2024\/01\/chapa-y-pitura-2.jpg\" class=\"attachment-full size-full wp-post-image\" alt=\"\" srcset=\"https:\/\/www.wurth.com.ar\/blog\/wp-content\/uploads\/2024\/01\/chapa-y-pitura-2.jpg 2560w, https:\/\/www.wurth.com.ar\/blog\/wp-content\/uploads\/2024\/01\/chapa-y-pitura-2-300x200.jpg 300w, https:\/\/www.wurth.com.ar\/blog\/wp-content\/uploads\/2024\/01\/chapa-y-pitura-2-1024x683.jpg 1024w, https:\/\/www.wurth.com.ar\/blog\/wp-content\/uploads\/2024\/01\/chapa-y-pitura-2-768x512.jpg 768w, https:\/\/www.wurth.com.ar\/blog\/wp-content\/uploads\/2024\/01\/chapa-y-pitura-2-1536x1024.jpg 1536w, https:\/\/www.wurth.com.ar\/blog\/wp-content\/uploads\/2024\/01\/chapa-y-pitura-2-2048x1366.jpg 2048w\" sizes=\"(max-width: 2560px) 100vw, 2560px\" \/>\r\n\r\n    <\/a>\r\n  <\/div>\r\n\r\n  <a class=\"title post_title\"  title=\"Gu\u00eda definitiva para usar cinta de enmascarar automotriz sin filtraciones\" href=\"https:\/\/www.wurth.com.ar\/blog\/sin-categoria\/guia-definitiva-para-usar-cinta-de-enmascarar-automotriz-sin-filtraciones\/\">\r\n        Gu\u00eda definitiva para usar cinta de enmascarar automotriz sin filtraciones  <\/a>\r\n\r\n  <p class=\"excerpt post_excerpt\">\r\n    \u00bfAlguna vez te preguntaste c\u00f3mo los profesionales consiguen ese acabado impecable en la pintura de los autos, libre de cualquier <a class=\"read-more\" href=\"https:\/\/www.wurth.com.ar\/blog\/sin-categoria\/guia-definitiva-para-usar-cinta-de-enmascarar-automotriz-sin-filtraciones\/\"> Leer m\u00e1s<\/a>  <\/p>\r\n        <\/div>\r\n              <div class=\"item\">\r\n            <div class=\"thumb post_thumb\">\r\n    <a  title=\"Alicate herramienta: para qu\u00e9 sirve, qu\u00e9 es y c\u00f3mo afilar\" href=\"https:\/\/www.wurth.com.ar\/blog\/caja-de-herramientas\/alicate-herramienta-para-que-sirve-que-es-y-como-afilar\/\">\r\n\r\n              <img decoding=\"async\" src=\"\" title=\"Alicate herramienta: para qu\u00e9 sirve, qu\u00e9 es y c\u00f3mo afilar\" alt=\"Alicate herramienta: para qu\u00e9 sirve, qu\u00e9 es y c\u00f3mo afilar\">\r\n\r\n      \r\n\r\n    <\/a>\r\n  <\/div>\r\n\r\n  <a class=\"title post_title\"  title=\"Alicate herramienta: para qu\u00e9 sirve, qu\u00e9 es y c\u00f3mo afilar\" href=\"https:\/\/www.wurth.com.ar\/blog\/caja-de-herramientas\/alicate-herramienta-para-que-sirve-que-es-y-como-afilar\/\">\r\n        Alicate herramienta: para qu\u00e9 sirve, qu\u00e9 es y c\u00f3mo afilar  <\/a>\r\n\r\n  <p class=\"excerpt post_excerpt\">\r\n    Para uso profesional o dom\u00e9stico, un alicate es una de las herramientas m\u00e1s necesarias para nuestra caja de herramientas, debido <a class=\"read-more\" href=\"https:\/\/www.wurth.com.ar\/blog\/caja-de-herramientas\/alicate-herramienta-para-que-sirve-que-es-y-como-afilar\/\"> Leer m\u00e1s<\/a>  <\/p>\r\n        <\/div>\r\n              <div class=\"item\">\r\n            <div class=\"thumb post_thumb\">\r\n    <a  title=\"Sierras: tipos, caracter\u00edsticas y definici\u00f3n\" href=\"https:\/\/www.wurth.com.ar\/blog\/caja-de-herramientas\/sierra-herramienta-tipos-caracteristicas-y-definicion\/\">\r\n\r\n              <img decoding=\"async\" src=\"\" title=\"Sierras: tipos, caracter\u00edsticas y definici\u00f3n\" alt=\"Sierras: tipos, caracter\u00edsticas y definici\u00f3n\">\r\n\r\n      \r\n\r\n    <\/a>\r\n  <\/div>\r\n\r\n  <a class=\"title post_title\"  title=\"Sierras: tipos, caracter\u00edsticas y definici\u00f3n\" href=\"https:\/\/www.wurth.com.ar\/blog\/caja-de-herramientas\/sierra-herramienta-tipos-caracteristicas-y-definicion\/\">\r\n        Sierras: tipos, caracter\u00edsticas y definici\u00f3n  <\/a>\r\n\r\n  <p class=\"excerpt post_excerpt\">\r\n    Cada trabajo requiere de su propia herramienta. Las sierras ofrecen distintos tipos de soluciones, debido a su amplia variedad de <a class=\"read-more\" href=\"https:\/\/www.wurth.com.ar\/blog\/caja-de-herramientas\/sierra-herramienta-tipos-caracteristicas-y-definicion\/\"> Leer m\u00e1s<\/a>  <\/p>\r\n        <\/div>\r\n              <div class=\"item\">\r\n            <div class=\"thumb post_thumb\">\r\n    <a  title=\"\u00bfC\u00f3mo elegir la abrazadera ideal?\" href=\"https:\/\/www.wurth.com.ar\/blog\/sin-categoria\/como-elegir-la-abrazadera-ideal\/\">\r\n\r\n      <img loading=\"lazy\" decoding=\"async\" width=\"1254\" height=\"836\" src=\"https:\/\/www.wurth.com.ar\/blog\/wp-content\/uploads\/2023\/10\/abrazaderas-destacada.jpeg\" class=\"attachment-full size-full wp-post-image\" alt=\"\" srcset=\"https:\/\/www.wurth.com.ar\/blog\/wp-content\/uploads\/2023\/10\/abrazaderas-destacada.jpeg 1254w, https:\/\/www.wurth.com.ar\/blog\/wp-content\/uploads\/2023\/10\/abrazaderas-destacada-300x200.jpeg 300w, https:\/\/www.wurth.com.ar\/blog\/wp-content\/uploads\/2023\/10\/abrazaderas-destacada-1024x683.jpeg 1024w, https:\/\/www.wurth.com.ar\/blog\/wp-content\/uploads\/2023\/10\/abrazaderas-destacada-768x512.jpeg 768w\" sizes=\"(max-width: 1254px) 100vw, 1254px\" \/>\r\n\r\n    <\/a>\r\n  <\/div>\r\n\r\n  <a class=\"title post_title\"  title=\"\u00bfC\u00f3mo elegir la abrazadera ideal?\" href=\"https:\/\/www.wurth.com.ar\/blog\/sin-categoria\/como-elegir-la-abrazadera-ideal\/\">\r\n        \u00bfC\u00f3mo elegir la abrazadera ideal?  <\/a>\r\n\r\n  <p class=\"excerpt post_excerpt\">\r\n    Elegir la abrazadera adecuada puede parecer una tarea sencilla a primera vista, pero hay mucho m\u00e1s detr\u00e1s de este simple <a class=\"read-more\" href=\"https:\/\/www.wurth.com.ar\/blog\/sin-categoria\/como-elegir-la-abrazadera-ideal\/\"> Leer m\u00e1s<\/a>  <\/p>\r\n        <\/div>\r\n      \r\n  <\/div>\r\n\r\n  <script>\r\n      <\/script>\r\n  <style>\r\n    .related-post {}\r\n\r\n    .related-post .post-list {\r\n      text-align: left;\r\n          }\r\n\r\n    .related-post .post-list .item {\r\n      margin: 10px;\r\n      padding: 5px;\r\n          }\r\n\r\n    .related-post .headline {\r\n      font-size: 18px !important;\r\n      color: #999999 !important;\r\n          }\r\n\r\n    .related-post .post-list .item .post_thumb {\r\n      max-height: 220px;\r\n      margin: 10px 0px;\r\n      padding: 0px;\r\n      display: block;\r\n          }\r\n\r\n    .related-post .post-list .item .post_title {\r\n      font-size: 16px;\r\n      color: #3f3f3f;\r\n      margin: 10px 0px;\r\n      padding: 0px;\r\n      display: block;\r\n      text-decoration: none;\r\n          }\r\n\r\n    .related-post .post-list .item .post_excerpt {\r\n      font-size: 13px;\r\n      color: #3f3f3f;\r\n      margin: 10px 0px;\r\n      padding: 0px;\r\n      display: block;\r\n      text-decoration: none;\r\n          }\r\n\r\n    @media only screen and (min-width: 1024px) {\r\n      .related-post .post-list .item {\r\n        width: 45%;\r\n      }\r\n    }\r\n\r\n    @media only screen and (min-width: 768px) and (max-width: 1023px) {\r\n      .related-post .post-list .item {\r\n        width: 90%;\r\n      }\r\n    }\r\n\r\n    @media only screen and (min-width: 0px) and (max-width: 767px) {\r\n      .related-post .post-list .item {\r\n        width: 90%;\r\n      }\r\n    }\r\n\r\n      <\/style>\r\n    <\/div>\r\n","protected":false},"excerpt":{"rendered":"<p>Seguramente alguna vez tuviste que arreglar ciertas irregularidades en un veh\u00edculo, pero no ten\u00edas el elemento indicado para trabajar. \u00bfPensaste alguna vez en usar masilla de poli\u00e9ster en el taller? Se trata de un producto qu\u00edmico que tienen a disposici\u00f3n los profesionales para este tipo de tareas. No tenerlos puede ser un gran desprop\u00f3sito, ya &#8230; <a title=\"Sujet\u00e1 fuerte con las abrazaderas: \u00bfqu\u00e9 son y para qu\u00e9 sirven?\" class=\"read-more\" href=\"https:\/\/www.wurth.com.ar\/blog\/accesorios-vehiculos\/sujeta-fuerte-con-las-abrazaderas-que-son-y-para-que-sirven\/\" aria-label=\"More on Sujet\u00e1 fuerte con las abrazaderas: \u00bfqu\u00e9 son y para qu\u00e9 sirven?\">Leer m\u00e1s<\/a><\/p>\n","protected":false},"author":3,"featured_media":642,"comment_status":"closed","ping_status":"open","sticky":false,"template":"","format":"standard","meta":{"footnotes":""},"categories":[32],"tags":[],"_links":{"self":[{"href":"https:\/\/www.wurth.com.ar\/blog\/wp-json\/wp\/v2\/posts\/641"}],"collection":[{"href":"https:\/\/www.wurth.com.ar\/blog\/wp-json\/wp\/v2\/posts"}],"about":[{"href":"https:\/\/www.wurth.com.ar\/blog\/wp-json\/wp\/v2\/types\/post"}],"author":[{"embeddable":true,"href":"https:\/\/www.wurth.com.ar\/blog\/wp-json\/wp\/v2\/users\/3"}],"replies":[{"embeddable":true,"href":"https:\/\/www.wurth.com.ar\/blog\/wp-json\/wp\/v2\/comments?post=641"}],"version-history":[{"count":20,"href":"https:\/\/www.wurth.com.ar\/blog\/wp-json\/wp\/v2\/posts\/641\/revisions"}],"predecessor-version":[{"id":655,"href":"https:\/\/www.wurth.com.ar\/blog\/wp-json\/wp\/v2\/posts\/641\/revisions\/655"}],"wp:featuredmedia":[{"embeddable":true,"href":"https:\/\/www.wurth.com.ar\/blog\/wp-json\/wp\/v2\/media\/642"}],"wp:attachment":[{"href":"https:\/\/www.wurth.com.ar\/blog\/wp-json\/wp\/v2\/media?parent=641"}],"wp:term":[{"taxonomy":"category","embeddable":true,"href":"https:\/\/www.wurth.com.ar\/blog\/wp-json\/wp\/v2\/categories?post=641"},{"taxonomy":"post_tag","embeddable":true,"href":"https:\/\/www.wurth.com.ar\/blog\/wp-json\/wp\/v2\/tags?post=641"}],"curies":[{"name":"wp","href":"https:\/\/api.w.org\/{rel}","templated":true}]}}