{"id":2960,"date":"2025-10-03T12:43:22","date_gmt":"2025-10-03T15:43:22","guid":{"rendered":"https:\/\/www.wurth.com.ar\/blog\/?p=2960"},"modified":"2025-10-03T12:43:22","modified_gmt":"2025-10-03T15:43:22","slug":"autos-electricos-en-argentina-herramientas-esenciales-para-profesionales","status":"publish","type":"post","link":"https:\/\/www.wurth.com.ar\/blog\/industria-automotriz\/autos-electricos-en-argentina-herramientas-esenciales-para-profesionales\/","title":{"rendered":"Autos el\u00e9ctricos en Argentina: herramientas esenciales para profesionales"},"content":{"rendered":"<h3><strong>Introducci\u00f3n<\/strong><\/h3>\n<p>La llegada de los <strong>autos el\u00e9ctricos a Argentina<\/strong> marca un antes y un despu\u00e9s en la <strong>industria automotriz<\/strong> y en los <strong>servicios t\u00e9cnicos especializados<\/strong>. Este cambio no solo implica <strong>nuevas tecnolog\u00edas<\/strong>, sino tambi\u00e9n <strong>nuevas exigencias en cuanto a seguridad y herramientas adecuadas<\/strong> para trabajar con sistemas de <strong>alta tensi\u00f3n<\/strong>. Para los profesionales del sector, <strong>contar con equipamiento certificado<\/strong> y confiable <strong>es clave para adaptarse a esta transformaci\u00f3n<\/strong>.<\/p>\n<p>\u00bfEst\u00e1s preparado para intervenir de forma segura en veh\u00edculos el\u00e9ctricos e h\u00edbridos?<\/p>\n<h3><strong>Autos el\u00e9ctricos: una tendencia que exige nuevas herramientas<\/strong><\/h3>\n<p><img loading=\"lazy\" decoding=\"async\" class=\"alignnone size-full wp-image-2968\" src=\"https:\/\/www.wurth.com.ar\/blog\/wp-content\/uploads\/2025\/10\/electrico.jpg\" alt=\"\" width=\"1900\" height=\"400\" srcset=\"https:\/\/www.wurth.com.ar\/blog\/wp-content\/uploads\/2025\/10\/electrico.jpg 1900w, https:\/\/www.wurth.com.ar\/blog\/wp-content\/uploads\/2025\/10\/electrico-300x63.jpg 300w, https:\/\/www.wurth.com.ar\/blog\/wp-content\/uploads\/2025\/10\/electrico-1024x216.jpg 1024w, https:\/\/www.wurth.com.ar\/blog\/wp-content\/uploads\/2025\/10\/electrico-768x162.jpg 768w, https:\/\/www.wurth.com.ar\/blog\/wp-content\/uploads\/2025\/10\/electrico-1536x323.jpg 1536w\" sizes=\"(max-width: 1900px) 100vw, 1900px\" \/><\/p>\n<h4><strong>\u00bfPor qu\u00e9 crece la demanda de autos el\u00e9ctricos?<\/strong><\/h4>\n<p>La transici\u00f3n hacia la <strong>movilidad sustentable<\/strong> est\u00e1 ganando terreno en el pa\u00eds. Incentivos fiscales, reducci\u00f3n de emisiones y avances tecnol\u00f3gicos est\u00e1n impulsado el inter\u00e9s por los <strong>autos el\u00e9ctricos<\/strong>. Muchas marcas ya ofrecen modelos el\u00e9ctricos y se espera que la infraestructura de carga crezca en los pr\u00f3ximos a\u00f1os.<\/p>\n<p><strong>Beneficios clave:<\/strong><\/p>\n<ul>\n<li>Menor costo operativo<\/li>\n<li>Reducci\u00f3n de emisiones contaminantes<\/li>\n<li>Menor mantenimiento mec\u00e1nico<\/li>\n<\/ul>\n<p>Este escenario plantea una <strong>necesidad urgente: profesionales capacitados y equipados para trabajar con sistemas el\u00e9ctricos de alta tensi\u00f3n<\/strong>.<\/p>\n<p>&nbsp;<\/p>\n<h3><strong>\u00bfQu\u00e9 son las herramientas para alta tensi\u00f3n y por qu\u00e9 son clave?<\/strong><\/h3>\n<p><strong>Seguridad y precisi\u00f3n en entornos energizados<\/strong><\/p>\n<p>Las herramientas para alta tensi\u00f3n est\u00e1n <strong>dise\u00f1adas para proteger al operario<\/strong> en trabajos con <strong>componentes energizados<\/strong>. Cuentan con <strong>aislaci\u00f3n certificada<\/strong>, materiales resistentes y ergonom\u00eda pensada para tareas prolongadas.<\/p>\n<p><strong>Caracter\u00edsticas esenciales:<\/strong><\/p>\n<ul>\n<li>Aislaci\u00f3n hasta 1.000 VCA \/ 1.500 VCC<\/li>\n<li><strong>Certificaci\u00f3n VDE<\/strong> (Verband der Elektrotechnik)<\/li>\n<li>Materiales como cromo vanadio y pol\u00edmeros aislantes<\/li>\n<li>Mangos ergon\u00f3micos para mayor control<\/li>\n<\/ul>\n<p>&nbsp;<\/p>\n<p><strong>Estas herramientas son indispensables para intervenir en sistemas el\u00e9ctricos de veh\u00edculos, tableros, cableados y componentes de alta tensi\u00f3n.<\/strong><\/p>\n<p>&nbsp;<\/p>\n<h3><strong><a href=\"https:\/\/www.wurth.com.ar\/tienda\/maletin-de-herramientas-vde-61-pc.html?utm_campaign=blog&amp;utm_source=blog&amp;utm_medium=blog&amp;utm_content=maletin+61+herramientas+vde\">Malet\u00edn de herramientas VDE<\/a>: soluci\u00f3n completa para profesionales<\/strong><\/h3>\n<h4><strong>\u00bfQu\u00e9 incluye el malet\u00edn de 61 piezas?<\/strong><\/h4>\n<p>El <a href=\"https:\/\/www.wurth.com.ar\/tienda\/maletin-de-herramientas-vde-61-pc.html?utm_campaign=blog&amp;utm_source=blog&amp;utm_medium=blog&amp;utm_content=maletin+61+herramientas+vde\"><strong>malet\u00edn de herramientas VDE para alta tensi\u00f3n<\/strong> de <strong>W\u00fcrth <\/strong><\/a>Argentina est\u00e1 pensado para electricistas, t\u00e9cnicos automotrices e instaladores que trabajan en entornos exigentes.<\/p>\n<p>&nbsp;<\/p>\n<p><a href=\"https:\/\/www.wurth.com.ar\/tienda\/maletin-de-herramientas-vde-61-pc.html?utm_campaign=blog&amp;utm_source=blog&amp;utm_medium=blog&amp;utm_content=maletin+61+herramientas+vde\"><img loading=\"lazy\" decoding=\"async\" class=\"wp-image-2963 aligncenter\" src=\"https:\/\/www.wurth.com.ar\/blog\/wp-content\/uploads\/2025\/10\/90965-100-062-maletin-de-herramientas-vde-4.png\" alt=\"\" width=\"468\" height=\"468\" srcset=\"https:\/\/www.wurth.com.ar\/blog\/wp-content\/uploads\/2025\/10\/90965-100-062-maletin-de-herramientas-vde-4.png 1080w, https:\/\/www.wurth.com.ar\/blog\/wp-content\/uploads\/2025\/10\/90965-100-062-maletin-de-herramientas-vde-4-300x300.png 300w, https:\/\/www.wurth.com.ar\/blog\/wp-content\/uploads\/2025\/10\/90965-100-062-maletin-de-herramientas-vde-4-1024x1024.png 1024w, https:\/\/www.wurth.com.ar\/blog\/wp-content\/uploads\/2025\/10\/90965-100-062-maletin-de-herramientas-vde-4-150x150.png 150w, https:\/\/www.wurth.com.ar\/blog\/wp-content\/uploads\/2025\/10\/90965-100-062-maletin-de-herramientas-vde-4-768x768.png 768w\" sizes=\"(max-width: 468px) 100vw, 468px\" \/><\/a><\/p>\n<h4><strong>Contenido destacado:<\/strong><\/h4>\n<ul>\n<li>Destornilladores aislados (planos, Phillips, Pozidriv, Torx)<\/li>\n<li>Llaves combinadas y criques de 1\/4\u201d y 3\/8\u201d<\/li>\n<li>Tubos encastre cortos y largos<\/li>\n<li>Pinzas aislantes: universal, punta, corte diagonal y pico de loro<\/li>\n<li>Herramientas de corte y pelacables<\/li>\n<li>Mango ergon\u00f3mico intercambiable<\/li>\n<\/ul>\n<p><img loading=\"lazy\" decoding=\"async\" class=\"alignnone wp-image-2964 size-medium\" src=\"https:\/\/www.wurth.com.ar\/blog\/wp-content\/uploads\/2025\/10\/90965-100-062-maletin-de-herramientas-vde-10-300x300.jpg\" alt=\"\" width=\"300\" height=\"300\" srcset=\"https:\/\/www.wurth.com.ar\/blog\/wp-content\/uploads\/2025\/10\/90965-100-062-maletin-de-herramientas-vde-10-300x300.jpg 300w, https:\/\/www.wurth.com.ar\/blog\/wp-content\/uploads\/2025\/10\/90965-100-062-maletin-de-herramientas-vde-10-1024x1024.jpg 1024w, https:\/\/www.wurth.com.ar\/blog\/wp-content\/uploads\/2025\/10\/90965-100-062-maletin-de-herramientas-vde-10-150x150.jpg 150w, https:\/\/www.wurth.com.ar\/blog\/wp-content\/uploads\/2025\/10\/90965-100-062-maletin-de-herramientas-vde-10-768x768.jpg 768w, https:\/\/www.wurth.com.ar\/blog\/wp-content\/uploads\/2025\/10\/90965-100-062-maletin-de-herramientas-vde-10-1536x1536.jpg 1536w, https:\/\/www.wurth.com.ar\/blog\/wp-content\/uploads\/2025\/10\/90965-100-062-maletin-de-herramientas-vde-10-2048x2048.jpg 2048w\" sizes=\"(max-width: 300px) 100vw, 300px\" \/> <img loading=\"lazy\" decoding=\"async\" class=\"alignnone wp-image-2965 size-medium\" src=\"https:\/\/www.wurth.com.ar\/blog\/wp-content\/uploads\/2025\/10\/90965-100-062-maletin-de-herramientas-vde-20-300x300.jpg\" alt=\"\" width=\"300\" height=\"300\" srcset=\"https:\/\/www.wurth.com.ar\/blog\/wp-content\/uploads\/2025\/10\/90965-100-062-maletin-de-herramientas-vde-20-300x300.jpg 300w, https:\/\/www.wurth.com.ar\/blog\/wp-content\/uploads\/2025\/10\/90965-100-062-maletin-de-herramientas-vde-20-1024x1024.jpg 1024w, https:\/\/www.wurth.com.ar\/blog\/wp-content\/uploads\/2025\/10\/90965-100-062-maletin-de-herramientas-vde-20-150x150.jpg 150w, https:\/\/www.wurth.com.ar\/blog\/wp-content\/uploads\/2025\/10\/90965-100-062-maletin-de-herramientas-vde-20-768x768.jpg 768w, https:\/\/www.wurth.com.ar\/blog\/wp-content\/uploads\/2025\/10\/90965-100-062-maletin-de-herramientas-vde-20-1536x1536.jpg 1536w, https:\/\/www.wurth.com.ar\/blog\/wp-content\/uploads\/2025\/10\/90965-100-062-maletin-de-herramientas-vde-20-2048x2048.jpg 2048w\" sizes=\"(max-width: 300px) 100vw, 300px\" \/><\/p>\n<h4><strong>Beneficios:<\/strong><\/h4>\n<ul>\n<li>Estuche r\u00edgido moldeado por soplado, f\u00e1cil de transportar<\/li>\n<li>Organizaci\u00f3n eficiente de cada pieza<\/li>\n<li><strong>Reducci\u00f3n de riesgos el\u00e9ctricos<\/strong><\/li>\n<li>Mayor eficiencia en trabajos t\u00e9cnicos<\/li>\n<\/ul>\n<p>&nbsp;<\/p>\n<h3><strong>Aplicaciones pr\u00e1cticas en el sector el\u00e9ctrico y automotriz<\/strong><\/h3>\n<h4><strong>\u00bfD\u00f3nde se usa este tipo de herramientas?<\/strong><\/h4>\n<p>Las herramientas para alta tensi\u00f3n son ideales para:<\/p>\n<ul>\n<li>Instalaciones el\u00e9ctricas domiciliarias, industriales y comerciales<\/li>\n<li>Mantenimiento de tableros el\u00e9ctricos<\/li>\n<li>Conexi\u00f3n y desconexi\u00f3n de componentes energizados<\/li>\n<li>Montaje de cableados en autos el\u00e9ctricos<\/li>\n<li>Diagn\u00f3stico y reparaci\u00f3n de sistemas de propulsi\u00f3n el\u00e9ctrica<\/li>\n<\/ul>\n<p>&nbsp;<\/p>\n<p>En el contexto automotriz, permiten trabajar con seguridad en <strong>bater\u00edas, motores el\u00e9ctricos y sistemas de carga<\/strong>.<\/p>\n<p>&nbsp;<\/p>\n<h4><strong>Ventajas para el profesional t\u00e9cnico<\/strong><\/h4>\n<p><strong>\u00bfPor qu\u00e9 invertir en herramientas para alta tensi\u00f3n?<\/strong><\/p>\n<ul>\n<li><strong>Protecci\u00f3n personal<\/strong>: aislaci\u00f3n certificada para evitar accidentes<\/li>\n<li><strong>Versatilidad<\/strong>: cubren m\u00faltiples tareas en un solo set<\/li>\n<li><strong>Portabilidad<\/strong>: f\u00e1cil de transportar y almacenar<\/li>\n<li><strong>Durabilidad<\/strong>: materiales resistentes y dise\u00f1o profesional<\/li>\n<\/ul>\n<p>Este <a href=\"http:\/\/\u00bfD\u00f3nde se usa este tipo de herramientas? Las herramientas para alta tensi\u00f3n son ideales para: \u2022 Instalaciones el\u00e9ctricas domiciliarias, industriales y comerciales \u2022 Mantenimiento de tableros el\u00e9ctricos \u2022 Conexi\u00f3n y desconexi\u00f3n de componentes energizados \u2022 Montaje de cableados en autos el\u00e9ctricos \u2022 Diagn\u00f3stico y reparaci\u00f3n de sistemas de propulsi\u00f3n el\u00e9ctrica En el contexto automotriz, permiten trabajar con seguridad en bater\u00edas, motores el\u00e9ctricos y sistemas de carga. Ventajas para el profesional t\u00e9cnico \u00bfPor qu\u00e9 invertir en herramientas para alta tensi\u00f3n? \u2022 Protecci\u00f3n personal: aislaci\u00f3n certificada para evitar accidentes \u2022 Versatilidad: cubren m\u00faltiples tareas en un solo set \u2022 Portabilidad: f\u00e1cil de transportar y almacenar \u2022 Durabilidad: materiales resistentes y dise\u00f1o profesional Este malet\u00edn representa una inversi\u00f3n inteligente para quienes buscan seguridad, eficiencia y profesionalismo en sus intervenciones t\u00e9cnicas. Conclusi\u00f3n La expansi\u00f3n de los autos el\u00e9ctricos en Argentina representa una oportunidad para los profesionales t\u00e9cnicos, pero tambi\u00e9n un desaf\u00edo en t\u00e9rminos de seguridad y capacitaci\u00f3n. Contar con herramientas certificadas como el malet\u00edn VDE de 61 piezas es una inversi\u00f3n inteligente para quienes desean estar preparados para esta nueva era de movilidad. \u00bfEst\u00e1s listo para dar el siguiente paso en tu carrera profesional? Si trabaj\u00e1s con veh\u00edculos el\u00e9ctricos o quer\u00e9s comenzar a hacerlo, este malet\u00edn de herramientas VDE es el equipo que necesit\u00e1s. \u00a1Invert\u00ed en tu seguridad y en tu futuro profesional! Ingres\u00e1 ahora en nuestra tienda online www.wurth.com.ar\">malet\u00edn<\/a> representa una <strong>inversi\u00f3n inteligente<\/strong> para quienes buscan <strong>seguridad, eficiencia y profesionalismo<\/strong> en sus intervenciones t\u00e9cnicas.<\/p>\n<h4><strong>Conclusi\u00f3n<\/strong><\/h4>\n<p>La expansi\u00f3n de los <strong>autos el\u00e9ctricos en Argentina<\/strong> <strong>representa una oportunidad para los profesionales t\u00e9cnicos<\/strong>, pero tambi\u00e9n un desaf\u00edo en t\u00e9rminos de seguridad y capacitaci\u00f3n. Contar con <strong>herramientas certificadas<\/strong> como el <strong>malet\u00edn VDE de 61 piezas<\/strong> es una <strong>inversi\u00f3n inteligente<\/strong> para quienes desean estar preparados para esta nueva era de movilidad.<\/p>\n<p>\u00bfEst\u00e1s listo para dar el siguiente paso en tu carrera profesional?<\/p>\n<p>&nbsp;<\/p>\n<p>Si trabaj\u00e1s con veh\u00edculos el\u00e9ctricos o quer\u00e9s comenzar a hacerlo, este <a href=\"http:\/\/\u00bfD\u00f3nde se usa este tipo de herramientas? Las herramientas para alta tensi\u00f3n son ideales para: \u2022 Instalaciones el\u00e9ctricas domiciliarias, industriales y comerciales \u2022 Mantenimiento de tableros el\u00e9ctricos \u2022 Conexi\u00f3n y desconexi\u00f3n de componentes energizados \u2022 Montaje de cableados en autos el\u00e9ctricos \u2022 Diagn\u00f3stico y reparaci\u00f3n de sistemas de propulsi\u00f3n el\u00e9ctrica En el contexto automotriz, permiten trabajar con seguridad en bater\u00edas, motores el\u00e9ctricos y sistemas de carga. Ventajas para el profesional t\u00e9cnico \u00bfPor qu\u00e9 invertir en herramientas para alta tensi\u00f3n? \u2022 Protecci\u00f3n personal: aislaci\u00f3n certificada para evitar accidentes \u2022 Versatilidad: cubren m\u00faltiples tareas en un solo set \u2022 Portabilidad: f\u00e1cil de transportar y almacenar \u2022 Durabilidad: materiales resistentes y dise\u00f1o profesional Este malet\u00edn representa una inversi\u00f3n inteligente para quienes buscan seguridad, eficiencia y profesionalismo en sus intervenciones t\u00e9cnicas. Conclusi\u00f3n La expansi\u00f3n de los autos el\u00e9ctricos en Argentina representa una oportunidad para los profesionales t\u00e9cnicos, pero tambi\u00e9n un desaf\u00edo en t\u00e9rminos de seguridad y capacitaci\u00f3n. Contar con herramientas certificadas como el malet\u00edn VDE de 61 piezas es una inversi\u00f3n inteligente para quienes desean estar preparados para esta nueva era de movilidad. \u00bfEst\u00e1s listo para dar el siguiente paso en tu carrera profesional? Si trabaj\u00e1s con veh\u00edculos el\u00e9ctricos o quer\u00e9s comenzar a hacerlo, este malet\u00edn de herramientas VDE es el equipo que necesit\u00e1s. \u00a1Invert\u00ed en tu seguridad y en tu futuro profesional! Ingres\u00e1 ahora en nuestra tienda online www.wurth.com.ar\"><strong>malet\u00edn de herramientas VDE<\/strong><\/a> es el equipo que necesit\u00e1s.<\/p>\n<p>\u00a1Invert\u00ed en tu seguridad y en tu futuro profesional!<\/p>\n<p>Ingres\u00e1 ahora en nuestra tienda online <a href=\"https:\/\/www.wurth.com.ar\/?utm_campaign=blog&amp;utm_source=blog&amp;utm_medium=blog&amp;utm_content=web\">www.wurth.com.ar<\/a><\/p>\n<p>&nbsp;<\/p>\n  <div class=\"related-post grid\">\r\n      <div class=\"post-list \">\r\n\r\n            <div class=\"item\">\r\n            <div class=\"thumb post_thumb\">\r\n    <a  title=\"Llega el Work Out Week de W\u00fcrth: herramientas exclusivas, ofertas y solidaridad\" href=\"https:\/\/www.wurth.com.ar\/blog\/eventos-en-wurth-argentina\/llega-el-work-out-week-de-wurth-herramientas-exclusivas-ofertas-y-solidaridad\/\">\r\n\r\n      <img loading=\"lazy\" decoding=\"async\" width=\"600\" height=\"200\" src=\"https:\/\/www.wurth.com.ar\/blog\/wp-content\/uploads\/2024\/04\/workouttt.jpg\" class=\"attachment-full size-full wp-post-image\" alt=\"\" srcset=\"https:\/\/www.wurth.com.ar\/blog\/wp-content\/uploads\/2024\/04\/workouttt.jpg 600w, https:\/\/www.wurth.com.ar\/blog\/wp-content\/uploads\/2024\/04\/workouttt-300x100.jpg 300w\" sizes=\"(max-width: 600px) 100vw, 600px\" \/>\r\n\r\n    <\/a>\r\n  <\/div>\r\n\r\n  <a class=\"title post_title\"  title=\"Llega el Work Out Week de W\u00fcrth: herramientas exclusivas, ofertas y solidaridad\" href=\"https:\/\/www.wurth.com.ar\/blog\/eventos-en-wurth-argentina\/llega-el-work-out-week-de-wurth-herramientas-exclusivas-ofertas-y-solidaridad\/\">\r\n        Llega el Work Out Week de W\u00fcrth: herramientas exclusivas, ofertas y solidaridad  <\/a>\r\n\r\n  <p class=\"excerpt post_excerpt\">\r\n    En W\u00fcrth, cada momento es una oportunidad para innovar y acercarnos m\u00e1s a nuestros clientes. Durante Abril, del 22 al <a class=\"read-more\" href=\"https:\/\/www.wurth.com.ar\/blog\/eventos-en-wurth-argentina\/llega-el-work-out-week-de-wurth-herramientas-exclusivas-ofertas-y-solidaridad\/\"> Leer m\u00e1s<\/a>  <\/p>\r\n        <\/div>\r\n              <div class=\"item\">\r\n            <div class=\"thumb post_thumb\">\r\n    <a  title=\"Protecci\u00f3n, limpieza y cuidado\" href=\"https:\/\/www.wurth.com.ar\/blog\/caja-de-herramientas\/proteccion-limpieza-y-cuidado\/\">\r\n\r\n      <img loading=\"lazy\" decoding=\"async\" width=\"1000\" height=\"662\" src=\"https:\/\/www.wurth.com.ar\/blog\/wp-content\/uploads\/2024\/06\/crema.avif\" class=\"attachment-full size-full wp-post-image\" alt=\"\" srcset=\"https:\/\/www.wurth.com.ar\/blog\/wp-content\/uploads\/2024\/06\/crema.avif 1000w, https:\/\/www.wurth.com.ar\/blog\/wp-content\/uploads\/2024\/06\/crema-300x199.avif 300w, https:\/\/www.wurth.com.ar\/blog\/wp-content\/uploads\/2024\/06\/crema-768x508.avif 768w\" sizes=\"(max-width: 1000px) 100vw, 1000px\" \/>\r\n\r\n    <\/a>\r\n  <\/div>\r\n\r\n  <a class=\"title post_title\"  title=\"Protecci\u00f3n, limpieza y cuidado\" href=\"https:\/\/www.wurth.com.ar\/blog\/caja-de-herramientas\/proteccion-limpieza-y-cuidado\/\">\r\n        Protecci\u00f3n, limpieza y cuidado  <\/a>\r\n\r\n  <p class=\"excerpt post_excerpt\">\r\n    En nuestro d\u00eda a d\u00eda, nuestras manos enfrentan desaf\u00edos constantes. Desde trabajos pesados hasta tareas cotidianas, las manos acumulan suciedad <a class=\"read-more\" href=\"https:\/\/www.wurth.com.ar\/blog\/caja-de-herramientas\/proteccion-limpieza-y-cuidado\/\"> Leer m\u00e1s<\/a>  <\/p>\r\n        <\/div>\r\n              <div class=\"item\">\r\n            <div class=\"thumb post_thumb\">\r\n    <a  title=\"Todo sobre la amoladora neum\u00e1tica W\u00fcrth: especificaciones y ventajas \u00fanicas\" href=\"https:\/\/www.wurth.com.ar\/blog\/herramientas-neumaticas\/todo-sobre-la-amoladora-neumatica-wurth-especificaciones-y-ventajas-unicas\/\">\r\n\r\n      <img loading=\"lazy\" decoding=\"async\" width=\"500\" height=\"375\" src=\"https:\/\/www.wurth.com.ar\/blog\/wp-content\/uploads\/2024\/02\/amoladora-interna-e1707931636794.jpg\" class=\"attachment-full size-full wp-post-image\" alt=\"\" srcset=\"https:\/\/www.wurth.com.ar\/blog\/wp-content\/uploads\/2024\/02\/amoladora-interna-e1707931636794.jpg 500w, https:\/\/www.wurth.com.ar\/blog\/wp-content\/uploads\/2024\/02\/amoladora-interna-e1707931636794-300x225.jpg 300w\" sizes=\"(max-width: 500px) 100vw, 500px\" \/>\r\n\r\n    <\/a>\r\n  <\/div>\r\n\r\n  <a class=\"title post_title\"  title=\"Todo sobre la amoladora neum\u00e1tica W\u00fcrth: especificaciones y ventajas \u00fanicas\" href=\"https:\/\/www.wurth.com.ar\/blog\/herramientas-neumaticas\/todo-sobre-la-amoladora-neumatica-wurth-especificaciones-y-ventajas-unicas\/\">\r\n        Todo sobre la amoladora neum\u00e1tica W\u00fcrth: especificaciones y ventajas \u00fanicas  <\/a>\r\n\r\n  <p class=\"excerpt post_excerpt\">\r\n    \u00bfPensaste en hacer un desbaste manual y te preguntaste c\u00f3mo podr\u00eda mejorar tu trabajo con s\u00f3lo una herramienta?\u00a0 Ahora bien, <a class=\"read-more\" href=\"https:\/\/www.wurth.com.ar\/blog\/herramientas-neumaticas\/todo-sobre-la-amoladora-neumatica-wurth-especificaciones-y-ventajas-unicas\/\"> Leer m\u00e1s<\/a>  <\/p>\r\n        <\/div>\r\n              <div class=\"item\">\r\n            <div class=\"thumb post_thumb\">\r\n    <a  title=\"Tipos de discos de cortes W\u00fcrth: conoc\u00e9 todos los modelos\" href=\"https:\/\/www.wurth.com.ar\/blog\/disco-de-corte\/tipos-de-discos-de-cortes-wurth-conoce-todos-los-modelos\/\">\r\n\r\n      <img loading=\"lazy\" decoding=\"async\" width=\"1200\" height=\"1200\" src=\"https:\/\/www.wurth.com.ar\/blog\/wp-content\/uploads\/2022\/10\/disco-de-corte-destacada.jpg\" class=\"attachment-full size-full wp-post-image\" alt=\"C\u00f3mo elegir el disco de corte en la amoladora\" srcset=\"https:\/\/www.wurth.com.ar\/blog\/wp-content\/uploads\/2022\/10\/disco-de-corte-destacada.jpg 1200w, https:\/\/www.wurth.com.ar\/blog\/wp-content\/uploads\/2022\/10\/disco-de-corte-destacada-300x300.jpg 300w, https:\/\/www.wurth.com.ar\/blog\/wp-content\/uploads\/2022\/10\/disco-de-corte-destacada-1024x1024.jpg 1024w, https:\/\/www.wurth.com.ar\/blog\/wp-content\/uploads\/2022\/10\/disco-de-corte-destacada-150x150.jpg 150w, https:\/\/www.wurth.com.ar\/blog\/wp-content\/uploads\/2022\/10\/disco-de-corte-destacada-768x768.jpg 768w\" sizes=\"(max-width: 1200px) 100vw, 1200px\" \/>\r\n\r\n    <\/a>\r\n  <\/div>\r\n\r\n  <a class=\"title post_title\"  title=\"Tipos de discos de cortes W\u00fcrth: conoc\u00e9 todos los modelos\" href=\"https:\/\/www.wurth.com.ar\/blog\/disco-de-corte\/tipos-de-discos-de-cortes-wurth-conoce-todos-los-modelos\/\">\r\n        Tipos de discos de cortes W\u00fcrth: conoc\u00e9 todos los modelos  <\/a>\r\n\r\n  <p class=\"excerpt post_excerpt\">\r\n    Los discos de cortes W\u00fcrth son uno de los productos m\u00e1s destacados del cat\u00e1logo de la empresa. No obstante, no <a class=\"read-more\" href=\"https:\/\/www.wurth.com.ar\/blog\/disco-de-corte\/tipos-de-discos-de-cortes-wurth-conoce-todos-los-modelos\/\"> Leer m\u00e1s<\/a>  <\/p>\r\n        <\/div>\r\n              <div class=\"item\">\r\n            <div class=\"thumb post_thumb\">\r\n    <a  title=\"5 Consejos esenciales para cuidar tu auto a fondo\" href=\"https:\/\/www.wurth.com.ar\/blog\/taller-mecanico\/5-consejos-esenciales-para-cuidar-tu-auto-a-fondo\/\">\r\n\r\n      <img loading=\"lazy\" decoding=\"async\" width=\"1350\" height=\"900\" src=\"https:\/\/www.wurth.com.ar\/blog\/wp-content\/uploads\/2022\/12\/taller-automotriz-destacada.jpg\" class=\"attachment-full size-full wp-post-image\" alt=\"herramientas neum\u00e1ticas\" srcset=\"https:\/\/www.wurth.com.ar\/blog\/wp-content\/uploads\/2022\/12\/taller-automotriz-destacada.jpg 1350w, https:\/\/www.wurth.com.ar\/blog\/wp-content\/uploads\/2022\/12\/taller-automotriz-destacada-300x200.jpg 300w, https:\/\/www.wurth.com.ar\/blog\/wp-content\/uploads\/2022\/12\/taller-automotriz-destacada-1024x683.jpg 1024w, https:\/\/www.wurth.com.ar\/blog\/wp-content\/uploads\/2022\/12\/taller-automotriz-destacada-768x512.jpg 768w\" sizes=\"(max-width: 1350px) 100vw, 1350px\" \/>\r\n\r\n    <\/a>\r\n  <\/div>\r\n\r\n  <a class=\"title post_title\"  title=\"5 Consejos esenciales para cuidar tu auto a fondo\" href=\"https:\/\/www.wurth.com.ar\/blog\/taller-mecanico\/5-consejos-esenciales-para-cuidar-tu-auto-a-fondo\/\">\r\n        5 Consejos esenciales para cuidar tu auto a fondo  <\/a>\r\n\r\n  <p class=\"excerpt post_excerpt\">\r\n    Si acab\u00e1s de conseguir tu primer auto o si quer\u00e9s comenzar a aprender c\u00f3mo cuidar un auto, este art\u00edculo es <a class=\"read-more\" href=\"https:\/\/www.wurth.com.ar\/blog\/taller-mecanico\/5-consejos-esenciales-para-cuidar-tu-auto-a-fondo\/\"> Leer m\u00e1s<\/a>  <\/p>\r\n        <\/div>\r\n              <div class=\"item\">\r\n            <div class=\"thumb post_thumb\">\r\n    <a  title=\"Fresas met\u00e1licas: c\u00f3mo lograr acabados delicados\" href=\"https:\/\/www.wurth.com.ar\/blog\/fresadoras\/fresas-metalicas-como-lograr-acabados-delicados\/\">\r\n\r\n      <img loading=\"lazy\" decoding=\"async\" width=\"500\" height=\"500\" src=\"https:\/\/www.wurth.com.ar\/blog\/wp-content\/uploads\/2024\/03\/2148-gr-10566241461651587793.jpg\" class=\"attachment-full size-full wp-post-image\" alt=\"\" srcset=\"https:\/\/www.wurth.com.ar\/blog\/wp-content\/uploads\/2024\/03\/2148-gr-10566241461651587793.jpg 500w, https:\/\/www.wurth.com.ar\/blog\/wp-content\/uploads\/2024\/03\/2148-gr-10566241461651587793-300x300.jpg 300w, https:\/\/www.wurth.com.ar\/blog\/wp-content\/uploads\/2024\/03\/2148-gr-10566241461651587793-150x150.jpg 150w\" sizes=\"(max-width: 500px) 100vw, 500px\" \/>\r\n\r\n    <\/a>\r\n  <\/div>\r\n\r\n  <a class=\"title post_title\"  title=\"Fresas met\u00e1licas: c\u00f3mo lograr acabados delicados\" href=\"https:\/\/www.wurth.com.ar\/blog\/fresadoras\/fresas-metalicas-como-lograr-acabados-delicados\/\">\r\n        Fresas met\u00e1licas: c\u00f3mo lograr acabados delicados  <\/a>\r\n\r\n  <p class=\"excerpt post_excerpt\">\r\n    \u00bfAlguna vez trabajaste en tu proyecto artesanal durante horas y horas, y a\u00fan as\u00ed el acabado met\u00e1lico simplemente no luce <a class=\"read-more\" href=\"https:\/\/www.wurth.com.ar\/blog\/fresadoras\/fresas-metalicas-como-lograr-acabados-delicados\/\"> Leer m\u00e1s<\/a>  <\/p>\r\n        <\/div>\r\n      \r\n  <\/div>\r\n\r\n  <script>\r\n      <\/script>\r\n  <style>\r\n    .related-post {}\r\n\r\n    .related-post .post-list {\r\n      text-align: left;\r\n          }\r\n\r\n    .related-post .post-list .item {\r\n      margin: 10px;\r\n      padding: 5px;\r\n          }\r\n\r\n    .related-post .headline {\r\n      font-size: 18px !important;\r\n      color: #999999 !important;\r\n          }\r\n\r\n    .related-post .post-list .item .post_thumb {\r\n      max-height: 220px;\r\n      margin: 10px 0px;\r\n      padding: 0px;\r\n      display: block;\r\n          }\r\n\r\n    .related-post .post-list .item .post_title {\r\n      font-size: 16px;\r\n      color: #3f3f3f;\r\n      margin: 10px 0px;\r\n      padding: 0px;\r\n      display: block;\r\n      text-decoration: none;\r\n          }\r\n\r\n    .related-post .post-list .item .post_excerpt {\r\n      font-size: 13px;\r\n      color: #3f3f3f;\r\n      margin: 10px 0px;\r\n      padding: 0px;\r\n      display: block;\r\n      text-decoration: none;\r\n          }\r\n\r\n    @media only screen and (min-width: 1024px) {\r\n      .related-post .post-list .item {\r\n        width: 45%;\r\n      }\r\n    }\r\n\r\n    @media only screen and (min-width: 768px) and (max-width: 1023px) {\r\n      .related-post .post-list .item {\r\n        width: 90%;\r\n      }\r\n    }\r\n\r\n    @media only screen and (min-width: 0px) and (max-width: 767px) {\r\n      .related-post .post-list .item {\r\n        width: 90%;\r\n      }\r\n    }\r\n\r\n      <\/style>\r\n    <\/div>\r\n","protected":false},"excerpt":{"rendered":"<p>Introducci\u00f3n La llegada de los autos el\u00e9ctricos a Argentina marca un antes y un despu\u00e9s en la industria automotriz y en los servicios t\u00e9cnicos especializados. Este cambio no solo implica nuevas tecnolog\u00edas, sino tambi\u00e9n nuevas exigencias en cuanto a seguridad y herramientas adecuadas para trabajar con sistemas de alta tensi\u00f3n. Para los profesionales del sector, &#8230; <a title=\"Precintos: Que es, Usos, Tipos y Medidas\" class=\"read-more\" href=\"https:\/\/www.wurth.com.ar\/blog\/normalizado-y-fijaciones\/precintos-que-es-usos-tipos-y-medidas-guia-completa\/\" aria-label=\"More on Precintos: Que es, Usos, Tipos y Medidas\">Leer m\u00e1s<\/a><\/p>\n","protected":false},"author":3,"featured_media":2962,"comment_status":"closed","ping_status":"open","sticky":false,"template":"","format":"standard","meta":{"footnotes":""},"categories":[140,139,142,141],"tags":[146,151,143,145,150,144,154,153,149,147,148,152],"_links":{"self":[{"href":"https:\/\/www.wurth.com.ar\/blog\/wp-json\/wp\/v2\/posts\/2960"}],"collection":[{"href":"https:\/\/www.wurth.com.ar\/blog\/wp-json\/wp\/v2\/posts"}],"about":[{"href":"https:\/\/www.wurth.com.ar\/blog\/wp-json\/wp\/v2\/types\/post"}],"author":[{"embeddable":true,"href":"https:\/\/www.wurth.com.ar\/blog\/wp-json\/wp\/v2\/users\/3"}],"replies":[{"embeddable":true,"href":"https:\/\/www.wurth.com.ar\/blog\/wp-json\/wp\/v2\/comments?post=2960"}],"version-history":[{"count":5,"href":"https:\/\/www.wurth.com.ar\/blog\/wp-json\/wp\/v2\/posts\/2960\/revisions"}],"predecessor-version":[{"id":2970,"href":"https:\/\/www.wurth.com.ar\/blog\/wp-json\/wp\/v2\/posts\/2960\/revisions\/2970"}],"wp:featuredmedia":[{"embeddable":true,"href":"https:\/\/www.wurth.com.ar\/blog\/wp-json\/wp\/v2\/media\/2962"}],"wp:attachment":[{"href":"https:\/\/www.wurth.com.ar\/blog\/wp-json\/wp\/v2\/media?parent=2960"}],"wp:term":[{"taxonomy":"category","embeddable":true,"href":"https:\/\/www.wurth.com.ar\/blog\/wp-json\/wp\/v2\/categories?post=2960"},{"taxonomy":"post_tag","embeddable":true,"href":"https:\/\/www.wurth.com.ar\/blog\/wp-json\/wp\/v2\/tags?post=2960"}],"curies":[{"name":"wp","href":"https:\/\/api.w.org\/{rel}","templated":true}]}}