{"id":2567,"date":"2025-02-20T10:01:37","date_gmt":"2025-02-20T13:01:37","guid":{"rendered":"https:\/\/www.wurth.com.ar\/blog\/?p=2567"},"modified":"2025-02-20T10:01:37","modified_gmt":"2025-02-20T13:01:37","slug":"multicanalidad-atencion-personalizada-para-nuestros-clientes","status":"publish","type":"post","link":"https:\/\/www.wurth.com.ar\/blog\/sin-categoria\/multicanalidad-atencion-personalizada-para-nuestros-clientes\/","title":{"rendered":"Multicanalidad: Atenci\u00f3n personalizada para nuestros clientes"},"content":{"rendered":"<p>En Wurth tenemos m\u00e1s de <strong>35 mil clientes en el pa\u00eds<\/strong> y queremos darle lo mejor a cada uno de ellos.<\/p>\n<p>Creemos que la atenci\u00f3n debe ser personalizada, por eso, nuestra empresa promueve un nuevo concepto, <strong>la multicanalidad<\/strong>, que es la manera de llegar a cada cliente, a trav\u00e9s de <strong>distintos canales de atenci\u00f3n<\/strong>, pensando en el contexto de los clientes y en las necesidades de sus negocios.<\/p>\n<span class='mb-center maxbutton-1-center'><span class='maxbutton-1-container mb-container'><a class=\"maxbutton-1 maxbutton maxbutton-boton\" target=\"_blank\" rel=\"noopener\" href=\"https:\/\/www.linkedin.com\/company\/wurth-argentina-s-a-\/posts\/?feedView=all\"><span class='mb-text'>Seguinos en LinkedIn <\/span><\/a><\/span><\/span>\n<p>Tenemos tres canales de contacto:<\/p>\n<p>\ud83d\udc68\u200d\ud83d\udcbc<strong>Asesor comercial:<\/strong> cont\u00e1s con una amplia fuerza de ventas, que puede brindarte atenci\u00f3n presencial y personalizada. Nuestros asesore se acercan a tu negocio. Pueden mostrarte los cat\u00e1logos y mapas de procesos y darte soporte t\u00e9cnico al instante.<\/p>\n<p>\ud83d\udcde <strong>Televentas:<\/strong> cont\u00e1s con la atenci\u00f3n de un asesor de televentas, que se comunicar\u00e1 con vos desde Casa Central, para brindarte atenci\u00f3n personalizada, gestionar tus consultas r\u00e1pidamente y brindarte asesoramiento t\u00e9cnico.<\/p>\n<p><span style=\"font-weight: 400;\">        <div id=\"ba-api-productos-container\">\n            <!-- Iterar sobre los resultados filtrados y ordenados para mostrar cada producto -->\n                            <div class=\"ba-api-caja-grid\">\n                    <div class=\"grid-container ba-api-caja-centrada\">                        \n                        <div class=\"grid-50 ba-api-ancho-60\">\n                            <p class=\"ba-api-marca-texto\">\n                                <span class=\"ba-api-marca-producto ba-api-marca-producto-color-uno\">\n                                    Wurth Argentina                                <\/span>\n                            <\/p>\n                            <a class=\"ba-api-grid-titulo\" href=\"https:\/\/www.wurth.com.ar\/tienda\/kit-llave-multiplicadora-2-rost-off-de-regalo.html\" target=\"_blank\">\n                                 Kit 2 Llaves Multiplicadoras + Rost Off De Regalo                            <\/a>\n                            <hr class=\"separador\">\n                            <p class=\"ba-api-marca-texto\">\n                                <span><strong>Descripci\u00f3n:<\/strong> <br\/><\/span><br>\n                            <\/p>\n                        <\/div>\n                        <div class=\"grid-50 ba-api-ancho-40\">\n                            <a href=\"https:\/\/www.wurth.com.ar\/tienda\/kit-llave-multiplicadora-2-rost-off-de-regalo.html\" target=\"_blank\" rel=\"nofollow\">\n                                <img decoding=\"async\" class=\"ba-api-grid-imagen-individual\" src=\"https:\/\/www.wurth.com.ar\/img\/productos\/1264536-gr-kit-llave-multiplicadora-2-rost-off-de-regalo.jpg\" alt=\" Kit 2 Llaves Multiplicadoras + Rost Off De Regalo\" width=\"100%\" \/>\n                            <\/a>\n                        <\/div>\n                    <\/div>\n                    <a id=\"boton-blog-producto\" class=\"ba-api-boton-con-precio\" href=\"https:\/\/www.wurth.com.ar\/tienda\/kit-llave-multiplicadora-2-rost-off-de-regalo.html?utm_medium=https:\/\/www.wurth.com.ar\/blog\/sin-categoria\/guia-definitiva-para-usar-cinta-de-enmascarar-automotriz-sin-filtraciones\/&utm_source=WurthBlog\" rel=\"nofollow\" target=\"_blank\">VER PRODUCTO<\/a>\n                <\/div>\n                        <span class=\"fecha-update\">\u00daltima actualizaci\u00f3n: 2026-05-01 01:50:22<\/span>\n        <\/div>\n\n\t\t<script>\n\t\t  \/\/ Espera a que el DOM est\u00e9 completamente cargado\n\t\t  document.addEventListener('DOMContentLoaded', function() {\n\t\t\t\/\/ Selecciona el elemento por su ID\n\t\t\tvar botonBlogProducto = document.getElementById('boton-blog-producto');\n\n\t\t\t\/\/ Verifica si el elemento existe\n\t\t\tif (botonBlogProducto) {\n\t\t\t  \/\/ A\u00f1ade un evento de clic al elemento\n\t\t\t  botonBlogProducto.addEventListener('click', function() {\n\t\t\t\t\/\/ Env\u00eda el evento a Google Analytics 4\n\t\t\t\tgtag('event', 'click_boton_blog_producto', {\n\t\t\t\t  'event_category': 'boton',\n\t\t\t\t  'event_label': 'blog_producto'\n\t\t\t\t});\n\t\t\t  });\n\t\t\t}\n\t\t  });\n\t\t<\/script>\n\n<\/span><\/p>\n<p>\ud83d\udcbb<strong>Tienda Online:<\/strong> cont\u00e1s con nuestro sitio web <a href=\"https:\/\/www.wurth.com.ar\/\">www.wurth.com.ar<\/a> que est\u00e1 disponible 24\/7 para vos. Atenci\u00f3n personalizada y servicio post &#8211; venta. Podes gestionar tus compras, seguimientos y consultas desde d\u00f3nde est\u00e9s. Adem\u00e1s, hay ofertas exclusivas y pago con tarjeta.<\/p>\n<p>Creemos que la adaptaci\u00f3n a las nuevas tecnolog\u00edas y tendencias, es la manera de estar cerca de nuestros clientes. Por cualquiera de nuestros canales de venta, pod\u00e9s conocer sobre nuestros productos, enterarte de las promociones y beneficios, contar con <strong>atenci\u00f3n personalizada<\/strong> y gestionar tus compras y reclamos. La multicanalidad nos permite llegar a cada uno de ellos y sus necesidades.<\/p>\n  <div class=\"related-post grid\">\r\n      <div class=\"post-list \">\r\n\r\n            <div class=\"item\">\r\n            <div class=\"thumb post_thumb\">\r\n    <a  title=\"W\u00fcrth se presenta nuevamente en ExpoAgro 2024\" href=\"https:\/\/www.wurth.com.ar\/blog\/eventos-en-wurth-argentina\/wurth-se-presenta-nuevamente-en-expoagro-2024\/\">\r\n\r\n      <img loading=\"lazy\" decoding=\"async\" width=\"2560\" height=\"1305\" src=\"https:\/\/www.wurth.com.ar\/blog\/wp-content\/uploads\/2024\/01\/expoagro-2024-destacada-e1705592384593.jpg\" class=\"attachment-full size-full wp-post-image\" alt=\"\" srcset=\"https:\/\/www.wurth.com.ar\/blog\/wp-content\/uploads\/2024\/01\/expoagro-2024-destacada-e1705592384593.jpg 2560w, https:\/\/www.wurth.com.ar\/blog\/wp-content\/uploads\/2024\/01\/expoagro-2024-destacada-e1705592384593-300x153.jpg 300w, https:\/\/www.wurth.com.ar\/blog\/wp-content\/uploads\/2024\/01\/expoagro-2024-destacada-e1705592384593-1024x522.jpg 1024w, https:\/\/www.wurth.com.ar\/blog\/wp-content\/uploads\/2024\/01\/expoagro-2024-destacada-e1705592384593-768x392.jpg 768w, https:\/\/www.wurth.com.ar\/blog\/wp-content\/uploads\/2024\/01\/expoagro-2024-destacada-e1705592384593-1536x783.jpg 1536w, https:\/\/www.wurth.com.ar\/blog\/wp-content\/uploads\/2024\/01\/expoagro-2024-destacada-e1705592384593-2048x1044.jpg 2048w\" sizes=\"(max-width: 2560px) 100vw, 2560px\" \/>\r\n\r\n    <\/a>\r\n  <\/div>\r\n\r\n  <a class=\"title post_title\"  title=\"W\u00fcrth se presenta nuevamente en ExpoAgro 2024\" href=\"https:\/\/www.wurth.com.ar\/blog\/eventos-en-wurth-argentina\/wurth-se-presenta-nuevamente-en-expoagro-2024\/\">\r\n        W\u00fcrth se presenta nuevamente en ExpoAgro 2024  <\/a>\r\n\r\n  <p class=\"excerpt post_excerpt\">\r\n    W\u00fcrth Argentina participar\u00e1 nuevamente en ExpoAgro 2024, el evento l\u00edder del sector que re\u00fane a los principales exponentes de la <a class=\"read-more\" href=\"https:\/\/www.wurth.com.ar\/blog\/eventos-en-wurth-argentina\/wurth-se-presenta-nuevamente-en-expoagro-2024\/\"> Leer m\u00e1s<\/a>  <\/p>\r\n        <\/div>\r\n              <div class=\"item\">\r\n            <div class=\"thumb post_thumb\">\r\n    <a  title=\"Llega el Work Out Week de W\u00fcrth: herramientas exclusivas, ofertas y solidaridad\" href=\"https:\/\/www.wurth.com.ar\/blog\/eventos-en-wurth-argentina\/llega-el-work-out-week-de-wurth-herramientas-exclusivas-ofertas-y-solidaridad\/\">\r\n\r\n      <img loading=\"lazy\" decoding=\"async\" width=\"600\" height=\"200\" src=\"https:\/\/www.wurth.com.ar\/blog\/wp-content\/uploads\/2024\/04\/workouttt.jpg\" class=\"attachment-full size-full wp-post-image\" alt=\"\" srcset=\"https:\/\/www.wurth.com.ar\/blog\/wp-content\/uploads\/2024\/04\/workouttt.jpg 600w, https:\/\/www.wurth.com.ar\/blog\/wp-content\/uploads\/2024\/04\/workouttt-300x100.jpg 300w\" sizes=\"(max-width: 600px) 100vw, 600px\" \/>\r\n\r\n    <\/a>\r\n  <\/div>\r\n\r\n  <a class=\"title post_title\"  title=\"Llega el Work Out Week de W\u00fcrth: herramientas exclusivas, ofertas y solidaridad\" href=\"https:\/\/www.wurth.com.ar\/blog\/eventos-en-wurth-argentina\/llega-el-work-out-week-de-wurth-herramientas-exclusivas-ofertas-y-solidaridad\/\">\r\n        Llega el Work Out Week de W\u00fcrth: herramientas exclusivas, ofertas y solidaridad  <\/a>\r\n\r\n  <p class=\"excerpt post_excerpt\">\r\n    En W\u00fcrth, cada momento es una oportunidad para innovar y acercarnos m\u00e1s a nuestros clientes. Durante Abril, del 22 al <a class=\"read-more\" href=\"https:\/\/www.wurth.com.ar\/blog\/eventos-en-wurth-argentina\/llega-el-work-out-week-de-wurth-herramientas-exclusivas-ofertas-y-solidaridad\/\"> Leer m\u00e1s<\/a>  <\/p>\r\n        <\/div>\r\n              <div class=\"item\">\r\n            <div class=\"thumb post_thumb\">\r\n    <a  title=\"D\u00eda internacional de la seguridad y la salud en el trabajo\" href=\"https:\/\/www.wurth.com.ar\/blog\/sin-categoria\/dia-internacional-de-la-seguridad-y-la-salud-en-el-trabajo\/\">\r\n\r\n      <img loading=\"lazy\" decoding=\"async\" width=\"1500\" height=\"844\" src=\"https:\/\/www.wurth.com.ar\/blog\/wp-content\/uploads\/2024\/04\/amoladora-destacada-2.jpg\" class=\"attachment-full size-full wp-post-image\" alt=\"\" srcset=\"https:\/\/www.wurth.com.ar\/blog\/wp-content\/uploads\/2024\/04\/amoladora-destacada-2.jpg 1500w, https:\/\/www.wurth.com.ar\/blog\/wp-content\/uploads\/2024\/04\/amoladora-destacada-2-300x169.jpg 300w, https:\/\/www.wurth.com.ar\/blog\/wp-content\/uploads\/2024\/04\/amoladora-destacada-2-1024x576.jpg 1024w, https:\/\/www.wurth.com.ar\/blog\/wp-content\/uploads\/2024\/04\/amoladora-destacada-2-768x432.jpg 768w\" sizes=\"(max-width: 1500px) 100vw, 1500px\" \/>\r\n\r\n    <\/a>\r\n  <\/div>\r\n\r\n  <a class=\"title post_title\"  title=\"D\u00eda internacional de la seguridad y la salud en el trabajo\" href=\"https:\/\/www.wurth.com.ar\/blog\/sin-categoria\/dia-internacional-de-la-seguridad-y-la-salud-en-el-trabajo\/\">\r\n        D\u00eda internacional de la seguridad y la salud en el trabajo  <\/a>\r\n\r\n  <p class=\"excerpt post_excerpt\">\r\n    El 28 de abril marca un hecho clave en el calendario laboral como el D\u00eda Mundial de la Seguridad y <a class=\"read-more\" href=\"https:\/\/www.wurth.com.ar\/blog\/sin-categoria\/dia-internacional-de-la-seguridad-y-la-salud-en-el-trabajo\/\"> Leer m\u00e1s<\/a>  <\/p>\r\n        <\/div>\r\n              <div class=\"item\">\r\n            <div class=\"thumb post_thumb\">\r\n    <a  title=\"Remaches pop medidas: \u00bfCu\u00e1les son las medidas de los remaches?\" href=\"https:\/\/www.wurth.com.ar\/blog\/remachadoras\/remaches-pop-medidas-cuales-son-las-medidas-de-los-remaches\/\">\r\n\r\n      <img loading=\"lazy\" decoding=\"async\" width=\"632\" height=\"533\" src=\"https:\/\/www.wurth.com.ar\/blog\/wp-content\/uploads\/2022\/09\/remaches.jpg\" class=\"attachment-full size-full wp-post-image\" alt=\"tipos de remaches\" srcset=\"https:\/\/www.wurth.com.ar\/blog\/wp-content\/uploads\/2022\/09\/remaches.jpg 632w, https:\/\/www.wurth.com.ar\/blog\/wp-content\/uploads\/2022\/09\/remaches-300x253.jpg 300w\" sizes=\"(max-width: 632px) 100vw, 632px\" \/>\r\n\r\n    <\/a>\r\n  <\/div>\r\n\r\n  <a class=\"title post_title\"  title=\"Remaches pop medidas: \u00bfCu\u00e1les son las medidas de los remaches?\" href=\"https:\/\/www.wurth.com.ar\/blog\/remachadoras\/remaches-pop-medidas-cuales-son-las-medidas-de-los-remaches\/\">\r\n        Remaches pop medidas: \u00bfCu\u00e1les son las medidas de los remaches?  <\/a>\r\n\r\n  <p class=\"excerpt post_excerpt\">\r\n    Las medidas de los remaches pop son tan variadas que muchas veces no sabemos hasta cu\u00e1les existen y c\u00f3mo elegir <a class=\"read-more\" href=\"https:\/\/www.wurth.com.ar\/blog\/remachadoras\/remaches-pop-medidas-cuales-son-las-medidas-de-los-remaches\/\"> Leer m\u00e1s<\/a>  <\/p>\r\n        <\/div>\r\n              <div class=\"item\">\r\n            <div class=\"thumb post_thumb\">\r\n    <a  title=\"Protecci\u00f3n, limpieza y cuidado\" href=\"https:\/\/www.wurth.com.ar\/blog\/caja-de-herramientas\/proteccion-limpieza-y-cuidado\/\">\r\n\r\n      <img loading=\"lazy\" decoding=\"async\" width=\"1000\" height=\"662\" src=\"https:\/\/www.wurth.com.ar\/blog\/wp-content\/uploads\/2024\/06\/crema.avif\" class=\"attachment-full size-full wp-post-image\" alt=\"\" srcset=\"https:\/\/www.wurth.com.ar\/blog\/wp-content\/uploads\/2024\/06\/crema.avif 1000w, https:\/\/www.wurth.com.ar\/blog\/wp-content\/uploads\/2024\/06\/crema-300x199.avif 300w, https:\/\/www.wurth.com.ar\/blog\/wp-content\/uploads\/2024\/06\/crema-768x508.avif 768w\" sizes=\"(max-width: 1000px) 100vw, 1000px\" \/>\r\n\r\n    <\/a>\r\n  <\/div>\r\n\r\n  <a class=\"title post_title\"  title=\"Protecci\u00f3n, limpieza y cuidado\" href=\"https:\/\/www.wurth.com.ar\/blog\/caja-de-herramientas\/proteccion-limpieza-y-cuidado\/\">\r\n        Protecci\u00f3n, limpieza y cuidado  <\/a>\r\n\r\n  <p class=\"excerpt post_excerpt\">\r\n    En nuestro d\u00eda a d\u00eda, nuestras manos enfrentan desaf\u00edos constantes. Desde trabajos pesados hasta tareas cotidianas, las manos acumulan suciedad <a class=\"read-more\" href=\"https:\/\/www.wurth.com.ar\/blog\/caja-de-herramientas\/proteccion-limpieza-y-cuidado\/\"> Leer m\u00e1s<\/a>  <\/p>\r\n        <\/div>\r\n              <div class=\"item\">\r\n            <div class=\"thumb post_thumb\">\r\n    <a  title=\"Gu\u00eda definitiva para usar cinta de enmascarar automotriz sin filtraciones\" href=\"https:\/\/www.wurth.com.ar\/blog\/sin-categoria\/guia-definitiva-para-usar-cinta-de-enmascarar-automotriz-sin-filtraciones\/\">\r\n\r\n      <img loading=\"lazy\" decoding=\"async\" width=\"2560\" height=\"1707\" src=\"https:\/\/www.wurth.com.ar\/blog\/wp-content\/uploads\/2024\/01\/chapa-y-pitura-2.jpg\" class=\"attachment-full size-full wp-post-image\" alt=\"\" srcset=\"https:\/\/www.wurth.com.ar\/blog\/wp-content\/uploads\/2024\/01\/chapa-y-pitura-2.jpg 2560w, https:\/\/www.wurth.com.ar\/blog\/wp-content\/uploads\/2024\/01\/chapa-y-pitura-2-300x200.jpg 300w, https:\/\/www.wurth.com.ar\/blog\/wp-content\/uploads\/2024\/01\/chapa-y-pitura-2-1024x683.jpg 1024w, https:\/\/www.wurth.com.ar\/blog\/wp-content\/uploads\/2024\/01\/chapa-y-pitura-2-768x512.jpg 768w, https:\/\/www.wurth.com.ar\/blog\/wp-content\/uploads\/2024\/01\/chapa-y-pitura-2-1536x1024.jpg 1536w, https:\/\/www.wurth.com.ar\/blog\/wp-content\/uploads\/2024\/01\/chapa-y-pitura-2-2048x1366.jpg 2048w\" sizes=\"(max-width: 2560px) 100vw, 2560px\" \/>\r\n\r\n    <\/a>\r\n  <\/div>\r\n\r\n  <a class=\"title post_title\"  title=\"Gu\u00eda definitiva para usar cinta de enmascarar automotriz sin filtraciones\" href=\"https:\/\/www.wurth.com.ar\/blog\/sin-categoria\/guia-definitiva-para-usar-cinta-de-enmascarar-automotriz-sin-filtraciones\/\">\r\n        Gu\u00eda definitiva para usar cinta de enmascarar automotriz sin filtraciones  <\/a>\r\n\r\n  <p class=\"excerpt post_excerpt\">\r\n    \u00bfAlguna vez te preguntaste c\u00f3mo los profesionales consiguen ese acabado impecable en la pintura de los autos, libre de cualquier <a class=\"read-more\" href=\"https:\/\/www.wurth.com.ar\/blog\/sin-categoria\/guia-definitiva-para-usar-cinta-de-enmascarar-automotriz-sin-filtraciones\/\"> Leer m\u00e1s<\/a>  <\/p>\r\n        <\/div>\r\n      \r\n  <\/div>\r\n\r\n  <script>\r\n      <\/script>\r\n  <style>\r\n    .related-post {}\r\n\r\n    .related-post .post-list {\r\n      text-align: left;\r\n          }\r\n\r\n    .related-post .post-list .item {\r\n      margin: 10px;\r\n      padding: 5px;\r\n          }\r\n\r\n    .related-post .headline {\r\n      font-size: 18px !important;\r\n      color: #999999 !important;\r\n          }\r\n\r\n    .related-post .post-list .item .post_thumb {\r\n      max-height: 220px;\r\n      margin: 10px 0px;\r\n      padding: 0px;\r\n      display: block;\r\n          }\r\n\r\n    .related-post .post-list .item .post_title {\r\n      font-size: 16px;\r\n      color: #3f3f3f;\r\n      margin: 10px 0px;\r\n      padding: 0px;\r\n      display: block;\r\n      text-decoration: none;\r\n          }\r\n\r\n    .related-post .post-list .item .post_excerpt {\r\n      font-size: 13px;\r\n      color: #3f3f3f;\r\n      margin: 10px 0px;\r\n      padding: 0px;\r\n      display: block;\r\n      text-decoration: none;\r\n          }\r\n\r\n    @media only screen and (min-width: 1024px) {\r\n      .related-post .post-list .item {\r\n        width: 45%;\r\n      }\r\n    }\r\n\r\n    @media only screen and (min-width: 768px) and (max-width: 1023px) {\r\n      .related-post .post-list .item {\r\n        width: 90%;\r\n      }\r\n    }\r\n\r\n    @media only screen and (min-width: 0px) and (max-width: 767px) {\r\n      .related-post .post-list .item {\r\n        width: 90%;\r\n      }\r\n    }\r\n\r\n      <\/style>\r\n    <\/div>\r\n","protected":false},"excerpt":{"rendered":"<p>En Wurth tenemos m\u00e1s de 35 mil clientes en el pa\u00eds y queremos darle lo mejor a cada uno de ellos. Creemos que la atenci\u00f3n debe ser personalizada, por eso, nuestra empresa promueve un nuevo concepto, la multicanalidad, que es la manera de llegar a cada cliente, a trav\u00e9s de distintos canales de atenci\u00f3n, pensando &#8230; <a title=\"Sujet\u00e1 fuerte con las abrazaderas: \u00bfqu\u00e9 son y para qu\u00e9 sirven?\" class=\"read-more\" href=\"https:\/\/www.wurth.com.ar\/blog\/accesorios-vehiculos\/sujeta-fuerte-con-las-abrazaderas-que-son-y-para-que-sirven\/\" aria-label=\"More on Sujet\u00e1 fuerte con las abrazaderas: \u00bfqu\u00e9 son y para qu\u00e9 sirven?\">Leer m\u00e1s<\/a><\/p>\n","protected":false},"author":3,"featured_media":2603,"comment_status":"closed","ping_status":"open","sticky":false,"template":"","format":"standard","meta":{"footnotes":""},"categories":[1],"tags":[],"_links":{"self":[{"href":"https:\/\/www.wurth.com.ar\/blog\/wp-json\/wp\/v2\/posts\/2567"}],"collection":[{"href":"https:\/\/www.wurth.com.ar\/blog\/wp-json\/wp\/v2\/posts"}],"about":[{"href":"https:\/\/www.wurth.com.ar\/blog\/wp-json\/wp\/v2\/types\/post"}],"author":[{"embeddable":true,"href":"https:\/\/www.wurth.com.ar\/blog\/wp-json\/wp\/v2\/users\/3"}],"replies":[{"embeddable":true,"href":"https:\/\/www.wurth.com.ar\/blog\/wp-json\/wp\/v2\/comments?post=2567"}],"version-history":[{"count":11,"href":"https:\/\/www.wurth.com.ar\/blog\/wp-json\/wp\/v2\/posts\/2567\/revisions"}],"predecessor-version":[{"id":2611,"href":"https:\/\/www.wurth.com.ar\/blog\/wp-json\/wp\/v2\/posts\/2567\/revisions\/2611"}],"wp:featuredmedia":[{"embeddable":true,"href":"https:\/\/www.wurth.com.ar\/blog\/wp-json\/wp\/v2\/media\/2603"}],"wp:attachment":[{"href":"https:\/\/www.wurth.com.ar\/blog\/wp-json\/wp\/v2\/media?parent=2567"}],"wp:term":[{"taxonomy":"category","embeddable":true,"href":"https:\/\/www.wurth.com.ar\/blog\/wp-json\/wp\/v2\/categories?post=2567"},{"taxonomy":"post_tag","embeddable":true,"href":"https:\/\/www.wurth.com.ar\/blog\/wp-json\/wp\/v2\/tags?post=2567"}],"curies":[{"name":"wp","href":"https:\/\/api.w.org\/{rel}","templated":true}]}}