{"id":2443,"date":"2025-01-16T08:45:59","date_gmt":"2025-01-16T11:45:59","guid":{"rendered":"https:\/\/www.wurth.com.ar\/blog\/?p=2443"},"modified":"2025-01-16T08:45:59","modified_gmt":"2025-01-16T11:45:59","slug":"como-son-las-politicas-reparacion-y-cambio-de-wurth-argentina","status":"publish","type":"post","link":"https:\/\/www.wurth.com.ar\/blog\/sin-categoria\/como-son-las-politicas-reparacion-y-cambio-de-wurth-argentina\/","title":{"rendered":"\u00bfC\u00f3mo son las pol\u00edticas reparaci\u00f3n y cambio de W\u00fcrth Argentina?"},"content":{"rendered":"<p>\u00bfQu\u00e9 hacer si tu producto lleg\u00f3 fallado o en mal estado? <span style=\"font-weight: 400;\">Si recibiste mercader\u00eda defectuosa o en mal estado y necesitas un cambio, ten\u00e9s que seguir <strong>el siguiente proceso<\/strong>:\u00a0<\/span><\/p>\n<ol>\n<li style=\"font-weight: 400;\" aria-level=\"1\"><strong>Cambio del producto defectuoso:<\/strong><span style=\"font-weight: 400;\"><br \/>\n<\/span><span style=\"font-weight: 400;\">Si deseas recibir el mismo producto en buen estado, podes solicitar el <\/span><i><span style=\"font-weight: 400;\">&#8220;CAMBIO&#8221;<\/span><\/i><span style=\"font-weight: 400;\"> . Una vez comprobado el estado del producto recibido, te enviaremos un reemplazo del mismo art\u00edculo en perfectas condiciones, \u00a1sin costos de env\u00edo adicionales!<\/span><\/li>\n<li style=\"font-weight: 400;\" aria-level=\"1\"><strong>Cambio por otro producto:<\/strong><span style=\"font-weight: 400;\"><br \/>\n<\/span><span style=\"font-weight: 400;\">En caso de que prefieras cambiar el producto por otro diferente, se gestionar\u00e1 como una devoluci\u00f3n y se realizar\u00e1:<\/span><\/p>\n<ul>\n<li style=\"font-weight: 400;\" aria-level=\"2\"><span style=\"font-weight: 400;\">Una <\/span>nota de cr\u00e9dito por el producto inicial.<\/li>\n<li style=\"font-weight: 400;\" aria-level=\"2\">Un nuevo pedido<span style=\"font-weight: 400;\"> del producto deseado.<\/span><\/li>\n<\/ul>\n<\/li>\n<li style=\"font-weight: 400;\" aria-level=\"1\"><b>Garant\u00eda y tiempos<\/b><span style=\"font-weight: 400;\">:<\/span><span style=\"font-weight: 400;\"><br \/>\n<\/span><span style=\"font-weight: 400;\">Es importante que la solicitud de cambio se realice dentro del per\u00edodo de garant\u00eda especificado en el comprobante. Pasado este tiempo, no se reconocer\u00e1 el cambio.<\/span><\/li>\n<li style=\"font-weight: 400;\" aria-level=\"1\"><b>Seguimiento del proceso<\/b><span style=\"font-weight: 400;\">:<\/span><span style=\"font-weight: 400;\"><br \/>\n<\/span><span style=\"font-weight: 400;\">La solicitud ser\u00e1 registrada en nuestro sistema y, una vez procesada, te informaremos del estado del cambio y del n\u00famero de remito asociado a la nueva entrega.<\/span><\/li>\n<\/ol>\n<span class='mb-center maxbutton-1-center'><span class='maxbutton-1-container mb-container'><a class=\"maxbutton-1 maxbutton maxbutton-boton\" target=\"_blank\" rel=\"noopener\" href=\"https:\/\/www.wurth.com.ar\/contenidos\/preguntas-frecuentes\/politica-de-devolucion.html\"><span class='mb-text'>Conoc\u00e9 m\u00e1s, haciendo clic ac\u00e1!<\/span><\/a><\/span><\/span>\n<h4><strong>Pol\u00edtica de reparaciones<\/strong><\/h4>\n<p><span style=\"font-weight: 400;\">Ofrecemos un servicio de reparaci\u00f3n que garantiza la calidad y funcionamiento de tus herramientas neum\u00e1ticas. A continuaci\u00f3n, te detallamos el proceso:<\/span><\/p>\n<ul>\n<li style=\"font-weight: 400;\" aria-level=\"1\"><b>Garant\u00eda:<\/b><span style=\"font-weight: 400;\"> Todas las m\u00e1quinas neum\u00e1ticas cuentan con 6 meses de garant\u00eda desde la fecha de compra. La garant\u00eda incluye la reparaci\u00f3n sin cargo de la misma m\u00e1quina siempre que no haya sido abierta o desarmada por el cliente.<\/span><\/li>\n<li style=\"font-weight: 400;\" aria-level=\"1\"><b>Reparaci\u00f3n o reemplazo:<\/b><span style=\"font-weight: 400;\"> Si el da\u00f1o es irreparable y cumple con las condiciones de garant\u00eda, se reemplazar\u00e1 la m\u00e1quina por una nueva. En caso de que el problema sea por mal uso o no haya repuestos disponibles, nos pondremos en contacto contigo para ofrecerte una soluci\u00f3n.<\/span><\/li>\n<li style=\"font-weight: 400;\" aria-level=\"1\"><b>Plazo de reparaci\u00f3n:<\/b><span style=\"font-weight: 400;\"> El proceso de reparaci\u00f3n en nuestras instalaciones tiene un promedio de 4 d\u00edas h\u00e1biles (sin contar los d\u00edas de transporte).<\/span><\/li>\n<li style=\"font-weight: 400;\" aria-level=\"1\"><b>Env\u00edo sin costo:<\/b><span style=\"font-weight: 400;\"> No se cobrar\u00e1 el env\u00edo si la m\u00e1quina est\u00e1 dentro de la garant\u00eda y cumple con las condiciones establecidas.<\/span><\/li>\n<li style=\"font-weight: 400;\" aria-level=\"1\"><b>Reparaci\u00f3n garantizada:<\/b><span style=\"font-weight: 400;\"> Todas las reparaciones tienen una garant\u00eda de 3 meses.<\/span><\/li>\n<li style=\"font-weight: 400;\" aria-level=\"1\"><b>Nota importante:<\/b><span style=\"font-weight: 400;\"> No vendemos repuestos de m\u00e1quinas neum\u00e1ticas por separado.<\/span><\/li>\n<\/ul>\n<p><span style=\"font-weight: 400;\">Una vez que tu m\u00e1quina est\u00e9 lista, recibir\u00e1s un informe detallado de lo reparado y recomendaciones para un uso \u00f3ptimo.<\/span><\/p>\n<h4>\u00a1Visit\u00e1 nuestro\u00a0<a href=\"https:\/\/www.wurth.com.ar\/\">nuevo sitio web<\/a>\u00a0y enterate de todas las novedades!<\/h4>\n  <div class=\"related-post grid\">\r\n      <div class=\"post-list \">\r\n\r\n            <div class=\"item\">\r\n            <div class=\"thumb post_thumb\">\r\n    <a  title=\"W\u00fcrth se presenta nuevamente en ExpoAgro 2024\" href=\"https:\/\/www.wurth.com.ar\/blog\/eventos-en-wurth-argentina\/wurth-se-presenta-nuevamente-en-expoagro-2024\/\">\r\n\r\n      <img loading=\"lazy\" decoding=\"async\" width=\"2560\" height=\"1305\" src=\"https:\/\/www.wurth.com.ar\/blog\/wp-content\/uploads\/2024\/01\/expoagro-2024-destacada-e1705592384593.jpg\" class=\"attachment-full size-full wp-post-image\" alt=\"\" srcset=\"https:\/\/www.wurth.com.ar\/blog\/wp-content\/uploads\/2024\/01\/expoagro-2024-destacada-e1705592384593.jpg 2560w, https:\/\/www.wurth.com.ar\/blog\/wp-content\/uploads\/2024\/01\/expoagro-2024-destacada-e1705592384593-300x153.jpg 300w, https:\/\/www.wurth.com.ar\/blog\/wp-content\/uploads\/2024\/01\/expoagro-2024-destacada-e1705592384593-1024x522.jpg 1024w, https:\/\/www.wurth.com.ar\/blog\/wp-content\/uploads\/2024\/01\/expoagro-2024-destacada-e1705592384593-768x392.jpg 768w, https:\/\/www.wurth.com.ar\/blog\/wp-content\/uploads\/2024\/01\/expoagro-2024-destacada-e1705592384593-1536x783.jpg 1536w, https:\/\/www.wurth.com.ar\/blog\/wp-content\/uploads\/2024\/01\/expoagro-2024-destacada-e1705592384593-2048x1044.jpg 2048w\" sizes=\"(max-width: 2560px) 100vw, 2560px\" \/>\r\n\r\n    <\/a>\r\n  <\/div>\r\n\r\n  <a class=\"title post_title\"  title=\"W\u00fcrth se presenta nuevamente en ExpoAgro 2024\" href=\"https:\/\/www.wurth.com.ar\/blog\/eventos-en-wurth-argentina\/wurth-se-presenta-nuevamente-en-expoagro-2024\/\">\r\n        W\u00fcrth se presenta nuevamente en ExpoAgro 2024  <\/a>\r\n\r\n  <p class=\"excerpt post_excerpt\">\r\n    W\u00fcrth Argentina participar\u00e1 nuevamente en ExpoAgro 2024, el evento l\u00edder del sector que re\u00fane a los principales exponentes de la <a class=\"read-more\" href=\"https:\/\/www.wurth.com.ar\/blog\/eventos-en-wurth-argentina\/wurth-se-presenta-nuevamente-en-expoagro-2024\/\"> Leer m\u00e1s<\/a>  <\/p>\r\n        <\/div>\r\n              <div class=\"item\">\r\n            <div class=\"thumb post_thumb\">\r\n    <a  title=\"Llega el Work Out Week de W\u00fcrth: herramientas exclusivas, ofertas y solidaridad\" href=\"https:\/\/www.wurth.com.ar\/blog\/eventos-en-wurth-argentina\/llega-el-work-out-week-de-wurth-herramientas-exclusivas-ofertas-y-solidaridad\/\">\r\n\r\n      <img loading=\"lazy\" decoding=\"async\" width=\"600\" height=\"200\" src=\"https:\/\/www.wurth.com.ar\/blog\/wp-content\/uploads\/2024\/04\/workouttt.jpg\" class=\"attachment-full size-full wp-post-image\" alt=\"\" srcset=\"https:\/\/www.wurth.com.ar\/blog\/wp-content\/uploads\/2024\/04\/workouttt.jpg 600w, https:\/\/www.wurth.com.ar\/blog\/wp-content\/uploads\/2024\/04\/workouttt-300x100.jpg 300w\" sizes=\"(max-width: 600px) 100vw, 600px\" \/>\r\n\r\n    <\/a>\r\n  <\/div>\r\n\r\n  <a class=\"title post_title\"  title=\"Llega el Work Out Week de W\u00fcrth: herramientas exclusivas, ofertas y solidaridad\" href=\"https:\/\/www.wurth.com.ar\/blog\/eventos-en-wurth-argentina\/llega-el-work-out-week-de-wurth-herramientas-exclusivas-ofertas-y-solidaridad\/\">\r\n        Llega el Work Out Week de W\u00fcrth: herramientas exclusivas, ofertas y solidaridad  <\/a>\r\n\r\n  <p class=\"excerpt post_excerpt\">\r\n    En W\u00fcrth, cada momento es una oportunidad para innovar y acercarnos m\u00e1s a nuestros clientes. Durante Abril, del 22 al <a class=\"read-more\" href=\"https:\/\/www.wurth.com.ar\/blog\/eventos-en-wurth-argentina\/llega-el-work-out-week-de-wurth-herramientas-exclusivas-ofertas-y-solidaridad\/\"> Leer m\u00e1s<\/a>  <\/p>\r\n        <\/div>\r\n              <div class=\"item\">\r\n            <div class=\"thumb post_thumb\">\r\n    <a  title=\"D\u00eda internacional de la seguridad y la salud en el trabajo\" href=\"https:\/\/www.wurth.com.ar\/blog\/sin-categoria\/dia-internacional-de-la-seguridad-y-la-salud-en-el-trabajo\/\">\r\n\r\n      <img loading=\"lazy\" decoding=\"async\" width=\"1500\" height=\"844\" src=\"https:\/\/www.wurth.com.ar\/blog\/wp-content\/uploads\/2024\/04\/amoladora-destacada-2.jpg\" class=\"attachment-full size-full wp-post-image\" alt=\"\" srcset=\"https:\/\/www.wurth.com.ar\/blog\/wp-content\/uploads\/2024\/04\/amoladora-destacada-2.jpg 1500w, https:\/\/www.wurth.com.ar\/blog\/wp-content\/uploads\/2024\/04\/amoladora-destacada-2-300x169.jpg 300w, https:\/\/www.wurth.com.ar\/blog\/wp-content\/uploads\/2024\/04\/amoladora-destacada-2-1024x576.jpg 1024w, https:\/\/www.wurth.com.ar\/blog\/wp-content\/uploads\/2024\/04\/amoladora-destacada-2-768x432.jpg 768w\" sizes=\"(max-width: 1500px) 100vw, 1500px\" \/>\r\n\r\n    <\/a>\r\n  <\/div>\r\n\r\n  <a class=\"title post_title\"  title=\"D\u00eda internacional de la seguridad y la salud en el trabajo\" href=\"https:\/\/www.wurth.com.ar\/blog\/sin-categoria\/dia-internacional-de-la-seguridad-y-la-salud-en-el-trabajo\/\">\r\n        D\u00eda internacional de la seguridad y la salud en el trabajo  <\/a>\r\n\r\n  <p class=\"excerpt post_excerpt\">\r\n    El 28 de abril marca un hecho clave en el calendario laboral como el D\u00eda Mundial de la Seguridad y <a class=\"read-more\" href=\"https:\/\/www.wurth.com.ar\/blog\/sin-categoria\/dia-internacional-de-la-seguridad-y-la-salud-en-el-trabajo\/\"> Leer m\u00e1s<\/a>  <\/p>\r\n        <\/div>\r\n              <div class=\"item\">\r\n            <div class=\"thumb post_thumb\">\r\n    <a  title=\"Remaches pop medidas: \u00bfCu\u00e1les son las medidas de los remaches?\" href=\"https:\/\/www.wurth.com.ar\/blog\/remachadoras\/remaches-pop-medidas-cuales-son-las-medidas-de-los-remaches\/\">\r\n\r\n      <img loading=\"lazy\" decoding=\"async\" width=\"632\" height=\"533\" src=\"https:\/\/www.wurth.com.ar\/blog\/wp-content\/uploads\/2022\/09\/remaches.jpg\" class=\"attachment-full size-full wp-post-image\" alt=\"tipos de remaches\" srcset=\"https:\/\/www.wurth.com.ar\/blog\/wp-content\/uploads\/2022\/09\/remaches.jpg 632w, https:\/\/www.wurth.com.ar\/blog\/wp-content\/uploads\/2022\/09\/remaches-300x253.jpg 300w\" sizes=\"(max-width: 632px) 100vw, 632px\" \/>\r\n\r\n    <\/a>\r\n  <\/div>\r\n\r\n  <a class=\"title post_title\"  title=\"Remaches pop medidas: \u00bfCu\u00e1les son las medidas de los remaches?\" href=\"https:\/\/www.wurth.com.ar\/blog\/remachadoras\/remaches-pop-medidas-cuales-son-las-medidas-de-los-remaches\/\">\r\n        Remaches pop medidas: \u00bfCu\u00e1les son las medidas de los remaches?  <\/a>\r\n\r\n  <p class=\"excerpt post_excerpt\">\r\n    Las medidas de los remaches pop son tan variadas que muchas veces no sabemos hasta cu\u00e1les existen y c\u00f3mo elegir <a class=\"read-more\" href=\"https:\/\/www.wurth.com.ar\/blog\/remachadoras\/remaches-pop-medidas-cuales-son-las-medidas-de-los-remaches\/\"> Leer m\u00e1s<\/a>  <\/p>\r\n        <\/div>\r\n              <div class=\"item\">\r\n            <div class=\"thumb post_thumb\">\r\n    <a  title=\"Protecci\u00f3n, limpieza y cuidado\" href=\"https:\/\/www.wurth.com.ar\/blog\/caja-de-herramientas\/proteccion-limpieza-y-cuidado\/\">\r\n\r\n      <img loading=\"lazy\" decoding=\"async\" width=\"1000\" height=\"662\" src=\"https:\/\/www.wurth.com.ar\/blog\/wp-content\/uploads\/2024\/06\/crema.avif\" class=\"attachment-full size-full wp-post-image\" alt=\"\" srcset=\"https:\/\/www.wurth.com.ar\/blog\/wp-content\/uploads\/2024\/06\/crema.avif 1000w, https:\/\/www.wurth.com.ar\/blog\/wp-content\/uploads\/2024\/06\/crema-300x199.avif 300w, https:\/\/www.wurth.com.ar\/blog\/wp-content\/uploads\/2024\/06\/crema-768x508.avif 768w\" sizes=\"(max-width: 1000px) 100vw, 1000px\" \/>\r\n\r\n    <\/a>\r\n  <\/div>\r\n\r\n  <a class=\"title post_title\"  title=\"Protecci\u00f3n, limpieza y cuidado\" href=\"https:\/\/www.wurth.com.ar\/blog\/caja-de-herramientas\/proteccion-limpieza-y-cuidado\/\">\r\n        Protecci\u00f3n, limpieza y cuidado  <\/a>\r\n\r\n  <p class=\"excerpt post_excerpt\">\r\n    En nuestro d\u00eda a d\u00eda, nuestras manos enfrentan desaf\u00edos constantes. Desde trabajos pesados hasta tareas cotidianas, las manos acumulan suciedad <a class=\"read-more\" href=\"https:\/\/www.wurth.com.ar\/blog\/caja-de-herramientas\/proteccion-limpieza-y-cuidado\/\"> Leer m\u00e1s<\/a>  <\/p>\r\n        <\/div>\r\n              <div class=\"item\">\r\n            <div class=\"thumb post_thumb\">\r\n    <a  title=\"Gu\u00eda definitiva para usar cinta de enmascarar automotriz sin filtraciones\" href=\"https:\/\/www.wurth.com.ar\/blog\/sin-categoria\/guia-definitiva-para-usar-cinta-de-enmascarar-automotriz-sin-filtraciones\/\">\r\n\r\n      <img loading=\"lazy\" decoding=\"async\" width=\"2560\" height=\"1707\" src=\"https:\/\/www.wurth.com.ar\/blog\/wp-content\/uploads\/2024\/01\/chapa-y-pitura-2.jpg\" class=\"attachment-full size-full wp-post-image\" alt=\"\" srcset=\"https:\/\/www.wurth.com.ar\/blog\/wp-content\/uploads\/2024\/01\/chapa-y-pitura-2.jpg 2560w, https:\/\/www.wurth.com.ar\/blog\/wp-content\/uploads\/2024\/01\/chapa-y-pitura-2-300x200.jpg 300w, https:\/\/www.wurth.com.ar\/blog\/wp-content\/uploads\/2024\/01\/chapa-y-pitura-2-1024x683.jpg 1024w, https:\/\/www.wurth.com.ar\/blog\/wp-content\/uploads\/2024\/01\/chapa-y-pitura-2-768x512.jpg 768w, https:\/\/www.wurth.com.ar\/blog\/wp-content\/uploads\/2024\/01\/chapa-y-pitura-2-1536x1024.jpg 1536w, https:\/\/www.wurth.com.ar\/blog\/wp-content\/uploads\/2024\/01\/chapa-y-pitura-2-2048x1366.jpg 2048w\" sizes=\"(max-width: 2560px) 100vw, 2560px\" \/>\r\n\r\n    <\/a>\r\n  <\/div>\r\n\r\n  <a class=\"title post_title\"  title=\"Gu\u00eda definitiva para usar cinta de enmascarar automotriz sin filtraciones\" href=\"https:\/\/www.wurth.com.ar\/blog\/sin-categoria\/guia-definitiva-para-usar-cinta-de-enmascarar-automotriz-sin-filtraciones\/\">\r\n        Gu\u00eda definitiva para usar cinta de enmascarar automotriz sin filtraciones  <\/a>\r\n\r\n  <p class=\"excerpt post_excerpt\">\r\n    \u00bfAlguna vez te preguntaste c\u00f3mo los profesionales consiguen ese acabado impecable en la pintura de los autos, libre de cualquier <a class=\"read-more\" href=\"https:\/\/www.wurth.com.ar\/blog\/sin-categoria\/guia-definitiva-para-usar-cinta-de-enmascarar-automotriz-sin-filtraciones\/\"> Leer m\u00e1s<\/a>  <\/p>\r\n        <\/div>\r\n      \r\n  <\/div>\r\n\r\n  <script>\r\n      <\/script>\r\n  <style>\r\n    .related-post {}\r\n\r\n    .related-post .post-list {\r\n      text-align: left;\r\n          }\r\n\r\n    .related-post .post-list .item {\r\n      margin: 10px;\r\n      padding: 5px;\r\n          }\r\n\r\n    .related-post .headline {\r\n      font-size: 18px !important;\r\n      color: #999999 !important;\r\n          }\r\n\r\n    .related-post .post-list .item .post_thumb {\r\n      max-height: 220px;\r\n      margin: 10px 0px;\r\n      padding: 0px;\r\n      display: block;\r\n          }\r\n\r\n    .related-post .post-list .item .post_title {\r\n      font-size: 16px;\r\n      color: #3f3f3f;\r\n      margin: 10px 0px;\r\n      padding: 0px;\r\n      display: block;\r\n      text-decoration: none;\r\n          }\r\n\r\n    .related-post .post-list .item .post_excerpt {\r\n      font-size: 13px;\r\n      color: #3f3f3f;\r\n      margin: 10px 0px;\r\n      padding: 0px;\r\n      display: block;\r\n      text-decoration: none;\r\n          }\r\n\r\n    @media only screen and (min-width: 1024px) {\r\n      .related-post .post-list .item {\r\n        width: 45%;\r\n      }\r\n    }\r\n\r\n    @media only screen and (min-width: 768px) and (max-width: 1023px) {\r\n      .related-post .post-list .item {\r\n        width: 90%;\r\n      }\r\n    }\r\n\r\n    @media only screen and (min-width: 0px) and (max-width: 767px) {\r\n      .related-post .post-list .item {\r\n        width: 90%;\r\n      }\r\n    }\r\n\r\n      <\/style>\r\n    <\/div>\r\n","protected":false},"excerpt":{"rendered":"<p>\u00bfQu\u00e9 hacer si tu producto lleg\u00f3 fallado o en mal estado? Si recibiste mercader\u00eda defectuosa o en mal estado y necesitas un cambio, ten\u00e9s que seguir el siguiente proceso:\u00a0 Cambio del producto defectuoso: Si deseas recibir el mismo producto en buen estado, podes solicitar el &#8220;CAMBIO&#8221; . Una vez comprobado el estado del producto recibido, &#8230; <a title=\"Sujet\u00e1 fuerte con las abrazaderas: \u00bfqu\u00e9 son y para qu\u00e9 sirven?\" class=\"read-more\" href=\"https:\/\/www.wurth.com.ar\/blog\/accesorios-vehiculos\/sujeta-fuerte-con-las-abrazaderas-que-son-y-para-que-sirven\/\" aria-label=\"More on Sujet\u00e1 fuerte con las abrazaderas: \u00bfqu\u00e9 son y para qu\u00e9 sirven?\">Leer m\u00e1s<\/a><\/p>\n","protected":false},"author":3,"featured_media":2422,"comment_status":"closed","ping_status":"open","sticky":false,"template":"","format":"standard","meta":{"footnotes":""},"categories":[1],"tags":[],"_links":{"self":[{"href":"https:\/\/www.wurth.com.ar\/blog\/wp-json\/wp\/v2\/posts\/2443"}],"collection":[{"href":"https:\/\/www.wurth.com.ar\/blog\/wp-json\/wp\/v2\/posts"}],"about":[{"href":"https:\/\/www.wurth.com.ar\/blog\/wp-json\/wp\/v2\/types\/post"}],"author":[{"embeddable":true,"href":"https:\/\/www.wurth.com.ar\/blog\/wp-json\/wp\/v2\/users\/3"}],"replies":[{"embeddable":true,"href":"https:\/\/www.wurth.com.ar\/blog\/wp-json\/wp\/v2\/comments?post=2443"}],"version-history":[{"count":5,"href":"https:\/\/www.wurth.com.ar\/blog\/wp-json\/wp\/v2\/posts\/2443\/revisions"}],"predecessor-version":[{"id":2496,"href":"https:\/\/www.wurth.com.ar\/blog\/wp-json\/wp\/v2\/posts\/2443\/revisions\/2496"}],"wp:featuredmedia":[{"embeddable":true,"href":"https:\/\/www.wurth.com.ar\/blog\/wp-json\/wp\/v2\/media\/2422"}],"wp:attachment":[{"href":"https:\/\/www.wurth.com.ar\/blog\/wp-json\/wp\/v2\/media?parent=2443"}],"wp:term":[{"taxonomy":"category","embeddable":true,"href":"https:\/\/www.wurth.com.ar\/blog\/wp-json\/wp\/v2\/categories?post=2443"},{"taxonomy":"post_tag","embeddable":true,"href":"https:\/\/www.wurth.com.ar\/blog\/wp-json\/wp\/v2\/tags?post=2443"}],"curies":[{"name":"wp","href":"https:\/\/api.w.org\/{rel}","templated":true}]}}