{"id":2375,"date":"2024-12-26T16:07:57","date_gmt":"2024-12-26T19:07:57","guid":{"rendered":"https:\/\/www.wurth.com.ar\/blog\/?p=2375"},"modified":"2024-12-26T16:07:57","modified_gmt":"2024-12-26T19:07:57","slug":"como-realizar-un-reclamo-en-la-nueva-web-de-wurth-argentina","status":"publish","type":"post","link":"https:\/\/www.wurth.com.ar\/blog\/sin-categoria\/como-realizar-un-reclamo-en-la-nueva-web-de-wurth-argentina\/","title":{"rendered":"C\u00f3mo realizar un reclamo en la nueva web de W\u00fcrth Argentina"},"content":{"rendered":"<p>\u00a1Bienvenido a la nueva web de W\u00fcrth Argentina! En este art\u00edculo te explicamos c\u00f3mo realizar un reclamo, recuperar tu cuenta y otras funciones nuevas de nuestro sitio.<\/p>\n<h3>\u00bfC\u00f3mo hacer un reclamo por la web?<\/h3>\n<p>Acced\u00e9 a nuestro <strong>Centro de Atenci\u00f3n al Cliente<\/strong> de forma r\u00e1pida, estamos para brindarte ayuda.<\/p>\n<p><img loading=\"lazy\" decoding=\"async\" class=\"alignnone size-full wp-image-2397\" src=\"https:\/\/www.wurth.com.ar\/blog\/wp-content\/uploads\/2024\/12\/reclamos-2.png\" alt=\"\" width=\"1274\" height=\"525\" srcset=\"https:\/\/www.wurth.com.ar\/blog\/wp-content\/uploads\/2024\/12\/reclamos-2.png 1274w, https:\/\/www.wurth.com.ar\/blog\/wp-content\/uploads\/2024\/12\/reclamos-2-300x124.png 300w, https:\/\/www.wurth.com.ar\/blog\/wp-content\/uploads\/2024\/12\/reclamos-2-1024x422.png 1024w, https:\/\/www.wurth.com.ar\/blog\/wp-content\/uploads\/2024\/12\/reclamos-2-768x316.png 768w\" sizes=\"(max-width: 1274px) 100vw, 1274px\" \/><\/p>\n<p><u>RECLAMOS<\/u>: consulta sobre reparaciones, cambios, devoluciones o faltantes de productos.<\/p>\n<p><u>SEGUIMIENTO DE PEDIDOS<\/u>: conoc\u00e9 el estado de tu pedido mediante el n\u00famero de factura.<\/p>\n<p><u>QUIERO ASESORARME<\/u>: si tenes dudas con tu compra web o pedidos en general, contactate con nosotros mediante llamada, mail o WhatsApp, de lunes a viernes de 8 a 17 hs.<\/p>\n<p><img loading=\"lazy\" decoding=\"async\" class=\"alignnone size-full wp-image-2417\" src=\"https:\/\/www.wurth.com.ar\/blog\/wp-content\/uploads\/2024\/12\/reclamo-3.png\" alt=\"\" width=\"1201\" height=\"452\" srcset=\"https:\/\/www.wurth.com.ar\/blog\/wp-content\/uploads\/2024\/12\/reclamo-3.png 1201w, https:\/\/www.wurth.com.ar\/blog\/wp-content\/uploads\/2024\/12\/reclamo-3-300x113.png 300w, https:\/\/www.wurth.com.ar\/blog\/wp-content\/uploads\/2024\/12\/reclamo-3-1024x385.png 1024w, https:\/\/www.wurth.com.ar\/blog\/wp-content\/uploads\/2024\/12\/reclamo-3-768x289.png 768w\" sizes=\"(max-width: 1201px) 100vw, 1201px\" \/><\/p>\n<p>Seleccion\u00e1 la opci\u00f3n <strong>RECLAMOS<\/strong> y tendr\u00e1s tres opciones para elegir:<\/p>\n<ul>\n<li>Quiero reparar mi m\u00e1quina<\/li>\n<li>Quiero hacer un cambio o devoluci\u00f3n por falla<\/li>\n<li>Recib\u00ed mi pedido incompleto<\/li>\n<\/ul>\n<p>Cada opci\u00f3n, contiene un formulario para completar con los datos correspondientes y de manera directa, se transfiere a nuestro sistema para procesar el reclamo.<\/p>\n<h3>Recuperar tu cuenta<\/h3>\n<p>Si te olvidaste tu contrase\u00f1a, seleccion\u00e1 la opci\u00f3n \u201cOLVID\u00c9 MI CONTRASE\u00d1A\u201d. Ingres\u00e1 tu mail y hace click en \u201cRECUPERAR CUENTA\u201d. Vas a recibir un mail con 6 d\u00edgitos que debes ingresar en los cuadrados correspondientes y tu nueva contrase\u00f1a.<\/p>\n<p><img loading=\"lazy\" decoding=\"async\" class=\"size-full wp-image-2407 aligncenter\" src=\"https:\/\/www.wurth.com.ar\/blog\/wp-content\/uploads\/2024\/12\/contrasena.png\" alt=\"\" width=\"373\" height=\"405\" srcset=\"https:\/\/www.wurth.com.ar\/blog\/wp-content\/uploads\/2024\/12\/contrasena.png 373w, https:\/\/www.wurth.com.ar\/blog\/wp-content\/uploads\/2024\/12\/contrasena-276x300.png 276w\" sizes=\"(max-width: 373px) 100vw, 373px\" \/><\/p>\n<h3>Novedades en nuestra home<\/h3>\n<p>En el men\u00fa principal de la web tenemos diversas categor\u00edas para que puedas explorar y encontrar el producto que buscas.<\/p>\n<ul>\n<li>Productos: todos nuestros insumos y herramientas est\u00e1n organizados en categor\u00edas para que puedas encontrarlos f\u00e1cilmente.<\/li>\n<li>Cat\u00e1logos: los cat\u00e1logos y revistas mensuales en formato iPaper.<\/li>\n<li>La empresa: conoc\u00e9 nuestra historia.<\/li>\n<li>RRHH: si queres ser parte de W\u00fcrth Argentina carg\u00e1 tu CV.<\/li>\n<li>Blog: noticias, informaci\u00f3n y novedades sobre la industria.<\/li>\n<li>Informaci\u00f3n: si tenes alguna duda, podes revisar nuestra informaci\u00f3n sobre medios de pago, plazos de env\u00edos, plan canje y dem\u00e1s consultas.<\/li>\n<li>Contacto: podes comunicarte directamente con nosotros v\u00eda mail, llamada o WhatsApp.<\/li>\n<li>Productos del d\u00eda: el producto estrella de W\u00fcrth.<\/li>\n<li>Promociones mensuales: acced\u00e9 a descuentos incre\u00edbles.<\/li>\n<li>Kit esenciales del mes: tus productos indispensables preparados en un kit.<\/li>\n<li>Lanzamientos: nuestros nuevos productos para vos.<\/li>\n<\/ul>\n<h3>Puntos de venta<\/h3>\n<p><img loading=\"lazy\" decoding=\"async\" class=\"alignnone size-full wp-image-2399\" src=\"https:\/\/www.wurth.com.ar\/blog\/wp-content\/uploads\/2024\/12\/puntos-1.png\" alt=\"\" width=\"1196\" height=\"553\" srcset=\"https:\/\/www.wurth.com.ar\/blog\/wp-content\/uploads\/2024\/12\/puntos-1.png 1196w, https:\/\/www.wurth.com.ar\/blog\/wp-content\/uploads\/2024\/12\/puntos-1-300x139.png 300w, https:\/\/www.wurth.com.ar\/blog\/wp-content\/uploads\/2024\/12\/puntos-1-1024x473.png 1024w, https:\/\/www.wurth.com.ar\/blog\/wp-content\/uploads\/2024\/12\/puntos-1-768x355.png 768w\" sizes=\"(max-width: 1196px) 100vw, 1196px\" \/><\/p>\n<p>\u00bfRevendes nuestros productos en tu negocio? \u00a1Entonces podes formar parte de nuestros puntos de venta y figurar en la web!<\/p>\n<p>En la parte inferior del home, seleccion\u00e1 \u201cENCONTR\u00c1 TU PUNTO DE VENTA\u201d, dentro de la fila \u201cDESCUBRIR\u201d. Debes <strong>completar un formulario<\/strong> para solicitar que tu negocio aparezca en nuestra web. Hace click en el link que figura bajo el mapa.<\/p>\n<h3>\u00a1Trabaj\u00e1 con nosotros!<\/h3>\n<p>Si te interesa formar parte de W\u00fcrth Argentina, te damos la posibilidad de cargar tu CV en nuestra base de datos o bien, buscar en nuestra bolsa de empleo.<\/p>\n<p><img loading=\"lazy\" decoding=\"async\" class=\"alignnone size-full wp-image-2400\" src=\"https:\/\/www.wurth.com.ar\/blog\/wp-content\/uploads\/2024\/12\/rrhh.png\" alt=\"\" width=\"1081\" height=\"560\" srcset=\"https:\/\/www.wurth.com.ar\/blog\/wp-content\/uploads\/2024\/12\/rrhh.png 1081w, https:\/\/www.wurth.com.ar\/blog\/wp-content\/uploads\/2024\/12\/rrhh-300x155.png 300w, https:\/\/www.wurth.com.ar\/blog\/wp-content\/uploads\/2024\/12\/rrhh-1024x530.png 1024w, https:\/\/www.wurth.com.ar\/blog\/wp-content\/uploads\/2024\/12\/rrhh-768x398.png 768w\" sizes=\"(max-width: 1081px) 100vw, 1081px\" \/><\/p>\n<p>En el home, dirigite a la opci\u00f3n \u201c<strong>RRHH<\/strong>\u201d que aparece en el men\u00fa principal. Podes ver las \u201cVACANTES DISPONIBLES\u201d. Tocando el signo \u201c+\u201d vas a encontrar una breve descripci\u00f3n del puesto. Tambi\u00e9n podes cargar tus datos y dejar tu CV en la secci\u00f3n \u201cBOLSA DE TRABAJO\u201d.<\/p>\n<h4>\u00a1Visit\u00e1 nuestro <a href=\"https:\/\/www.wurth.com.ar\/\">nuevo sitio web<\/a> y enterate de todas las novedades!<\/h4>\n  <div class=\"related-post grid\">\r\n      <div class=\"post-list \">\r\n\r\n            <div class=\"item\">\r\n            <div class=\"thumb post_thumb\">\r\n    <a  title=\"W\u00fcrth se presenta nuevamente en ExpoAgro 2024\" href=\"https:\/\/www.wurth.com.ar\/blog\/eventos-en-wurth-argentina\/wurth-se-presenta-nuevamente-en-expoagro-2024\/\">\r\n\r\n      <img loading=\"lazy\" decoding=\"async\" width=\"2560\" height=\"1305\" src=\"https:\/\/www.wurth.com.ar\/blog\/wp-content\/uploads\/2024\/01\/expoagro-2024-destacada-e1705592384593.jpg\" class=\"attachment-full size-full wp-post-image\" alt=\"\" srcset=\"https:\/\/www.wurth.com.ar\/blog\/wp-content\/uploads\/2024\/01\/expoagro-2024-destacada-e1705592384593.jpg 2560w, https:\/\/www.wurth.com.ar\/blog\/wp-content\/uploads\/2024\/01\/expoagro-2024-destacada-e1705592384593-300x153.jpg 300w, https:\/\/www.wurth.com.ar\/blog\/wp-content\/uploads\/2024\/01\/expoagro-2024-destacada-e1705592384593-1024x522.jpg 1024w, https:\/\/www.wurth.com.ar\/blog\/wp-content\/uploads\/2024\/01\/expoagro-2024-destacada-e1705592384593-768x392.jpg 768w, https:\/\/www.wurth.com.ar\/blog\/wp-content\/uploads\/2024\/01\/expoagro-2024-destacada-e1705592384593-1536x783.jpg 1536w, https:\/\/www.wurth.com.ar\/blog\/wp-content\/uploads\/2024\/01\/expoagro-2024-destacada-e1705592384593-2048x1044.jpg 2048w\" sizes=\"(max-width: 2560px) 100vw, 2560px\" \/>\r\n\r\n    <\/a>\r\n  <\/div>\r\n\r\n  <a class=\"title post_title\"  title=\"W\u00fcrth se presenta nuevamente en ExpoAgro 2024\" href=\"https:\/\/www.wurth.com.ar\/blog\/eventos-en-wurth-argentina\/wurth-se-presenta-nuevamente-en-expoagro-2024\/\">\r\n        W\u00fcrth se presenta nuevamente en ExpoAgro 2024  <\/a>\r\n\r\n  <p class=\"excerpt post_excerpt\">\r\n    W\u00fcrth Argentina participar\u00e1 nuevamente en ExpoAgro 2024, el evento l\u00edder del sector que re\u00fane a los principales exponentes de la <a class=\"read-more\" href=\"https:\/\/www.wurth.com.ar\/blog\/eventos-en-wurth-argentina\/wurth-se-presenta-nuevamente-en-expoagro-2024\/\"> Leer m\u00e1s<\/a>  <\/p>\r\n        <\/div>\r\n              <div class=\"item\">\r\n            <div class=\"thumb post_thumb\">\r\n    <a  title=\"Llega el Work Out Week de W\u00fcrth: herramientas exclusivas, ofertas y solidaridad\" href=\"https:\/\/www.wurth.com.ar\/blog\/eventos-en-wurth-argentina\/llega-el-work-out-week-de-wurth-herramientas-exclusivas-ofertas-y-solidaridad\/\">\r\n\r\n      <img loading=\"lazy\" decoding=\"async\" width=\"600\" height=\"200\" src=\"https:\/\/www.wurth.com.ar\/blog\/wp-content\/uploads\/2024\/04\/workouttt.jpg\" class=\"attachment-full size-full wp-post-image\" alt=\"\" srcset=\"https:\/\/www.wurth.com.ar\/blog\/wp-content\/uploads\/2024\/04\/workouttt.jpg 600w, https:\/\/www.wurth.com.ar\/blog\/wp-content\/uploads\/2024\/04\/workouttt-300x100.jpg 300w\" sizes=\"(max-width: 600px) 100vw, 600px\" \/>\r\n\r\n    <\/a>\r\n  <\/div>\r\n\r\n  <a class=\"title post_title\"  title=\"Llega el Work Out Week de W\u00fcrth: herramientas exclusivas, ofertas y solidaridad\" href=\"https:\/\/www.wurth.com.ar\/blog\/eventos-en-wurth-argentina\/llega-el-work-out-week-de-wurth-herramientas-exclusivas-ofertas-y-solidaridad\/\">\r\n        Llega el Work Out Week de W\u00fcrth: herramientas exclusivas, ofertas y solidaridad  <\/a>\r\n\r\n  <p class=\"excerpt post_excerpt\">\r\n    En W\u00fcrth, cada momento es una oportunidad para innovar y acercarnos m\u00e1s a nuestros clientes. Durante Abril, del 22 al <a class=\"read-more\" href=\"https:\/\/www.wurth.com.ar\/blog\/eventos-en-wurth-argentina\/llega-el-work-out-week-de-wurth-herramientas-exclusivas-ofertas-y-solidaridad\/\"> Leer m\u00e1s<\/a>  <\/p>\r\n        <\/div>\r\n              <div class=\"item\">\r\n            <div class=\"thumb post_thumb\">\r\n    <a  title=\"D\u00eda internacional de la seguridad y la salud en el trabajo\" href=\"https:\/\/www.wurth.com.ar\/blog\/sin-categoria\/dia-internacional-de-la-seguridad-y-la-salud-en-el-trabajo\/\">\r\n\r\n      <img loading=\"lazy\" decoding=\"async\" width=\"1500\" height=\"844\" src=\"https:\/\/www.wurth.com.ar\/blog\/wp-content\/uploads\/2024\/04\/amoladora-destacada-2.jpg\" class=\"attachment-full size-full wp-post-image\" alt=\"\" srcset=\"https:\/\/www.wurth.com.ar\/blog\/wp-content\/uploads\/2024\/04\/amoladora-destacada-2.jpg 1500w, https:\/\/www.wurth.com.ar\/blog\/wp-content\/uploads\/2024\/04\/amoladora-destacada-2-300x169.jpg 300w, https:\/\/www.wurth.com.ar\/blog\/wp-content\/uploads\/2024\/04\/amoladora-destacada-2-1024x576.jpg 1024w, https:\/\/www.wurth.com.ar\/blog\/wp-content\/uploads\/2024\/04\/amoladora-destacada-2-768x432.jpg 768w\" sizes=\"(max-width: 1500px) 100vw, 1500px\" \/>\r\n\r\n    <\/a>\r\n  <\/div>\r\n\r\n  <a class=\"title post_title\"  title=\"D\u00eda internacional de la seguridad y la salud en el trabajo\" href=\"https:\/\/www.wurth.com.ar\/blog\/sin-categoria\/dia-internacional-de-la-seguridad-y-la-salud-en-el-trabajo\/\">\r\n        D\u00eda internacional de la seguridad y la salud en el trabajo  <\/a>\r\n\r\n  <p class=\"excerpt post_excerpt\">\r\n    El 28 de abril marca un hecho clave en el calendario laboral como el D\u00eda Mundial de la Seguridad y <a class=\"read-more\" href=\"https:\/\/www.wurth.com.ar\/blog\/sin-categoria\/dia-internacional-de-la-seguridad-y-la-salud-en-el-trabajo\/\"> Leer m\u00e1s<\/a>  <\/p>\r\n        <\/div>\r\n              <div class=\"item\">\r\n            <div class=\"thumb post_thumb\">\r\n    <a  title=\"Remaches pop medidas: \u00bfCu\u00e1les son las medidas de los remaches?\" href=\"https:\/\/www.wurth.com.ar\/blog\/remachadoras\/remaches-pop-medidas-cuales-son-las-medidas-de-los-remaches\/\">\r\n\r\n      <img loading=\"lazy\" decoding=\"async\" width=\"632\" height=\"533\" src=\"https:\/\/www.wurth.com.ar\/blog\/wp-content\/uploads\/2022\/09\/remaches.jpg\" class=\"attachment-full size-full wp-post-image\" alt=\"tipos de remaches\" srcset=\"https:\/\/www.wurth.com.ar\/blog\/wp-content\/uploads\/2022\/09\/remaches.jpg 632w, https:\/\/www.wurth.com.ar\/blog\/wp-content\/uploads\/2022\/09\/remaches-300x253.jpg 300w\" sizes=\"(max-width: 632px) 100vw, 632px\" \/>\r\n\r\n    <\/a>\r\n  <\/div>\r\n\r\n  <a class=\"title post_title\"  title=\"Remaches pop medidas: \u00bfCu\u00e1les son las medidas de los remaches?\" href=\"https:\/\/www.wurth.com.ar\/blog\/remachadoras\/remaches-pop-medidas-cuales-son-las-medidas-de-los-remaches\/\">\r\n        Remaches pop medidas: \u00bfCu\u00e1les son las medidas de los remaches?  <\/a>\r\n\r\n  <p class=\"excerpt post_excerpt\">\r\n    Las medidas de los remaches pop son tan variadas que muchas veces no sabemos hasta cu\u00e1les existen y c\u00f3mo elegir <a class=\"read-more\" href=\"https:\/\/www.wurth.com.ar\/blog\/remachadoras\/remaches-pop-medidas-cuales-son-las-medidas-de-los-remaches\/\"> Leer m\u00e1s<\/a>  <\/p>\r\n        <\/div>\r\n              <div class=\"item\">\r\n            <div class=\"thumb post_thumb\">\r\n    <a  title=\"Protecci\u00f3n, limpieza y cuidado\" href=\"https:\/\/www.wurth.com.ar\/blog\/caja-de-herramientas\/proteccion-limpieza-y-cuidado\/\">\r\n\r\n      <img loading=\"lazy\" decoding=\"async\" width=\"1000\" height=\"662\" src=\"https:\/\/www.wurth.com.ar\/blog\/wp-content\/uploads\/2024\/06\/crema.avif\" class=\"attachment-full size-full wp-post-image\" alt=\"\" srcset=\"https:\/\/www.wurth.com.ar\/blog\/wp-content\/uploads\/2024\/06\/crema.avif 1000w, https:\/\/www.wurth.com.ar\/blog\/wp-content\/uploads\/2024\/06\/crema-300x199.avif 300w, https:\/\/www.wurth.com.ar\/blog\/wp-content\/uploads\/2024\/06\/crema-768x508.avif 768w\" sizes=\"(max-width: 1000px) 100vw, 1000px\" \/>\r\n\r\n    <\/a>\r\n  <\/div>\r\n\r\n  <a class=\"title post_title\"  title=\"Protecci\u00f3n, limpieza y cuidado\" href=\"https:\/\/www.wurth.com.ar\/blog\/caja-de-herramientas\/proteccion-limpieza-y-cuidado\/\">\r\n        Protecci\u00f3n, limpieza y cuidado  <\/a>\r\n\r\n  <p class=\"excerpt post_excerpt\">\r\n    En nuestro d\u00eda a d\u00eda, nuestras manos enfrentan desaf\u00edos constantes. Desde trabajos pesados hasta tareas cotidianas, las manos acumulan suciedad <a class=\"read-more\" href=\"https:\/\/www.wurth.com.ar\/blog\/caja-de-herramientas\/proteccion-limpieza-y-cuidado\/\"> Leer m\u00e1s<\/a>  <\/p>\r\n        <\/div>\r\n              <div class=\"item\">\r\n            <div class=\"thumb post_thumb\">\r\n    <a  title=\"Gu\u00eda definitiva para usar cinta de enmascarar automotriz sin filtraciones\" href=\"https:\/\/www.wurth.com.ar\/blog\/sin-categoria\/guia-definitiva-para-usar-cinta-de-enmascarar-automotriz-sin-filtraciones\/\">\r\n\r\n      <img loading=\"lazy\" decoding=\"async\" width=\"2560\" height=\"1707\" src=\"https:\/\/www.wurth.com.ar\/blog\/wp-content\/uploads\/2024\/01\/chapa-y-pitura-2.jpg\" class=\"attachment-full size-full wp-post-image\" alt=\"\" srcset=\"https:\/\/www.wurth.com.ar\/blog\/wp-content\/uploads\/2024\/01\/chapa-y-pitura-2.jpg 2560w, https:\/\/www.wurth.com.ar\/blog\/wp-content\/uploads\/2024\/01\/chapa-y-pitura-2-300x200.jpg 300w, https:\/\/www.wurth.com.ar\/blog\/wp-content\/uploads\/2024\/01\/chapa-y-pitura-2-1024x683.jpg 1024w, https:\/\/www.wurth.com.ar\/blog\/wp-content\/uploads\/2024\/01\/chapa-y-pitura-2-768x512.jpg 768w, https:\/\/www.wurth.com.ar\/blog\/wp-content\/uploads\/2024\/01\/chapa-y-pitura-2-1536x1024.jpg 1536w, https:\/\/www.wurth.com.ar\/blog\/wp-content\/uploads\/2024\/01\/chapa-y-pitura-2-2048x1366.jpg 2048w\" sizes=\"(max-width: 2560px) 100vw, 2560px\" \/>\r\n\r\n    <\/a>\r\n  <\/div>\r\n\r\n  <a class=\"title post_title\"  title=\"Gu\u00eda definitiva para usar cinta de enmascarar automotriz sin filtraciones\" href=\"https:\/\/www.wurth.com.ar\/blog\/sin-categoria\/guia-definitiva-para-usar-cinta-de-enmascarar-automotriz-sin-filtraciones\/\">\r\n        Gu\u00eda definitiva para usar cinta de enmascarar automotriz sin filtraciones  <\/a>\r\n\r\n  <p class=\"excerpt post_excerpt\">\r\n    \u00bfAlguna vez te preguntaste c\u00f3mo los profesionales consiguen ese acabado impecable en la pintura de los autos, libre de cualquier <a class=\"read-more\" href=\"https:\/\/www.wurth.com.ar\/blog\/sin-categoria\/guia-definitiva-para-usar-cinta-de-enmascarar-automotriz-sin-filtraciones\/\"> Leer m\u00e1s<\/a>  <\/p>\r\n        <\/div>\r\n      \r\n  <\/div>\r\n\r\n  <script>\r\n      <\/script>\r\n  <style>\r\n    .related-post {}\r\n\r\n    .related-post .post-list {\r\n      text-align: left;\r\n          }\r\n\r\n    .related-post .post-list .item {\r\n      margin: 10px;\r\n      padding: 5px;\r\n          }\r\n\r\n    .related-post .headline {\r\n      font-size: 18px !important;\r\n      color: #999999 !important;\r\n          }\r\n\r\n    .related-post .post-list .item .post_thumb {\r\n      max-height: 220px;\r\n      margin: 10px 0px;\r\n      padding: 0px;\r\n      display: block;\r\n          }\r\n\r\n    .related-post .post-list .item .post_title {\r\n      font-size: 16px;\r\n      color: #3f3f3f;\r\n      margin: 10px 0px;\r\n      padding: 0px;\r\n      display: block;\r\n      text-decoration: none;\r\n          }\r\n\r\n    .related-post .post-list .item .post_excerpt {\r\n      font-size: 13px;\r\n      color: #3f3f3f;\r\n      margin: 10px 0px;\r\n      padding: 0px;\r\n      display: block;\r\n      text-decoration: none;\r\n          }\r\n\r\n    @media only screen and (min-width: 1024px) {\r\n      .related-post .post-list .item {\r\n        width: 45%;\r\n      }\r\n    }\r\n\r\n    @media only screen and (min-width: 768px) and (max-width: 1023px) {\r\n      .related-post .post-list .item {\r\n        width: 90%;\r\n      }\r\n    }\r\n\r\n    @media only screen and (min-width: 0px) and (max-width: 767px) {\r\n      .related-post .post-list .item {\r\n        width: 90%;\r\n      }\r\n    }\r\n\r\n      <\/style>\r\n    <\/div>\r\n","protected":false},"excerpt":{"rendered":"<p>\u00a1Bienvenido a la nueva web de W\u00fcrth Argentina! En este art\u00edculo te explicamos c\u00f3mo realizar un reclamo, recuperar tu cuenta y otras funciones nuevas de nuestro sitio. \u00bfC\u00f3mo hacer un reclamo por la web? Acced\u00e9 a nuestro Centro de Atenci\u00f3n al Cliente de forma r\u00e1pida, estamos para brindarte ayuda. RECLAMOS: consulta sobre reparaciones, cambios, devoluciones &#8230; <a title=\"Sujet\u00e1 fuerte con las abrazaderas: \u00bfqu\u00e9 son y para qu\u00e9 sirven?\" class=\"read-more\" href=\"https:\/\/www.wurth.com.ar\/blog\/accesorios-vehiculos\/sujeta-fuerte-con-las-abrazaderas-que-son-y-para-que-sirven\/\" aria-label=\"More on Sujet\u00e1 fuerte con las abrazaderas: \u00bfqu\u00e9 son y para qu\u00e9 sirven?\">Leer m\u00e1s<\/a><\/p>\n","protected":false},"author":3,"featured_media":2422,"comment_status":"closed","ping_status":"open","sticky":false,"template":"","format":"standard","meta":{"footnotes":""},"categories":[55,1],"tags":[],"_links":{"self":[{"href":"https:\/\/www.wurth.com.ar\/blog\/wp-json\/wp\/v2\/posts\/2375"}],"collection":[{"href":"https:\/\/www.wurth.com.ar\/blog\/wp-json\/wp\/v2\/posts"}],"about":[{"href":"https:\/\/www.wurth.com.ar\/blog\/wp-json\/wp\/v2\/types\/post"}],"author":[{"embeddable":true,"href":"https:\/\/www.wurth.com.ar\/blog\/wp-json\/wp\/v2\/users\/3"}],"replies":[{"embeddable":true,"href":"https:\/\/www.wurth.com.ar\/blog\/wp-json\/wp\/v2\/comments?post=2375"}],"version-history":[{"count":15,"href":"https:\/\/www.wurth.com.ar\/blog\/wp-json\/wp\/v2\/posts\/2375\/revisions"}],"predecessor-version":[{"id":2461,"href":"https:\/\/www.wurth.com.ar\/blog\/wp-json\/wp\/v2\/posts\/2375\/revisions\/2461"}],"wp:featuredmedia":[{"embeddable":true,"href":"https:\/\/www.wurth.com.ar\/blog\/wp-json\/wp\/v2\/media\/2422"}],"wp:attachment":[{"href":"https:\/\/www.wurth.com.ar\/blog\/wp-json\/wp\/v2\/media?parent=2375"}],"wp:term":[{"taxonomy":"category","embeddable":true,"href":"https:\/\/www.wurth.com.ar\/blog\/wp-json\/wp\/v2\/categories?post=2375"},{"taxonomy":"post_tag","embeddable":true,"href":"https:\/\/www.wurth.com.ar\/blog\/wp-json\/wp\/v2\/tags?post=2375"}],"curies":[{"name":"wp","href":"https:\/\/api.w.org\/{rel}","templated":true}]}}