{"id":2372,"date":"2024-12-26T16:05:16","date_gmt":"2024-12-26T19:05:16","guid":{"rendered":"https:\/\/www.wurth.com.ar\/blog\/?p=2372"},"modified":"2024-12-26T16:05:16","modified_gmt":"2024-12-26T19:05:16","slug":"como-usar-la-nueva-web-de-wurth-argentina-segui-el-paso-a-paso","status":"publish","type":"post","link":"https:\/\/www.wurth.com.ar\/blog\/sin-categoria\/como-usar-la-nueva-web-de-wurth-argentina-segui-el-paso-a-paso\/","title":{"rendered":"\u00bfC\u00f3mo usar la nueva web de W\u00fcrth Argentina? Segu\u00ed el paso a paso"},"content":{"rendered":"<p>\u00a1Bienvenido a la nueva web de W\u00fcrth Argentina! En este art\u00edculo te explicamos el paso a paso de c\u00f3mo navegar por nuestro sitio web y comprar todo lo que necesitas.<\/p>\n<h3>\u00bfC\u00f3mo registrarse?<\/h3>\n<p>Existen dos maneras de registrarte en la nueva web. Al ingresar al sitio, te aparecer\u00e1 el siguiente cartel. Podes seleccionar <strong>\u201cREGISTRARSE\u201d<\/strong> y cargar tus datos. Tambi\u00e9n pod\u00e9s seleccionar <strong>\u201cINICIAR SESI\u00d3N\u201d<\/strong> en la parte superior derecha del sitio, y luego la opci\u00f3n \u201cCrear cuenta\u201d.<\/p>\n<p><img loading=\"lazy\" decoding=\"async\" class=\"alignnone size-full wp-image-2382\" src=\"https:\/\/www.wurth.com.ar\/blog\/wp-content\/uploads\/2024\/12\/inicia-sesion-web-nueva.png\" alt=\"\" width=\"929\" height=\"353\" srcset=\"https:\/\/www.wurth.com.ar\/blog\/wp-content\/uploads\/2024\/12\/inicia-sesion-web-nueva.png 929w, https:\/\/www.wurth.com.ar\/blog\/wp-content\/uploads\/2024\/12\/inicia-sesion-web-nueva-300x114.png 300w, https:\/\/www.wurth.com.ar\/blog\/wp-content\/uploads\/2024\/12\/inicia-sesion-web-nueva-768x292.png 768w\" sizes=\"(max-width: 929px) 100vw, 929px\" \/><\/p>\n<p>En la categor\u00eda <strong>\u201cCOMERCIO\/ EMPRESA\u201d<\/strong> deber\u00e1s completar el CUIT, raz\u00f3n social y condici\u00f3n de IVA.<\/p>\n<p>En <strong>\u201cUSO PERSONAL\u201d<\/strong> \u00fanicamente el DNI. En esta secci\u00f3n, podr\u00e1s comprar herramientas e insumos exclusivos para uso hogare\u00f1o o hobista.<\/p>\n<p>Al terminar de cargar tus datos, seleccion\u00e1 la opci\u00f3n \u201c<strong>CREAR CUENTA<\/strong>\u201d y revis\u00e1 tu casilla de mail para confirmar tu registro.<\/p>\n<p><img loading=\"lazy\" decoding=\"async\" class=\"alignnone size-full wp-image-2383\" src=\"https:\/\/www.wurth.com.ar\/blog\/wp-content\/uploads\/2024\/12\/cat-nueva-web.png\" alt=\"\" width=\"972\" height=\"567\" srcset=\"https:\/\/www.wurth.com.ar\/blog\/wp-content\/uploads\/2024\/12\/cat-nueva-web.png 972w, https:\/\/www.wurth.com.ar\/blog\/wp-content\/uploads\/2024\/12\/cat-nueva-web-300x175.png 300w, https:\/\/www.wurth.com.ar\/blog\/wp-content\/uploads\/2024\/12\/cat-nueva-web-768x448.png 768w\" sizes=\"(max-width: 972px) 100vw, 972px\" \/><\/p>\n<p><strong>Importante:<\/strong> aunque no est\u00e9s registrado, vas a poder navegar por nuestra web pero, si queres ver los precios, debes iniciar sesi\u00f3n con tu usuario.<\/p>\n<h3>Nuevas funcionalidades de tu cuenta<\/h3>\n<p>Una vez iniciada la sesi\u00f3n, seleccion\u00e1 <strong>\u201cMI CUENTA\u201d<\/strong> en la parte superior derecha del sitio. Luego, podr\u00e1s ver todas las opciones dentro de tu usuario.<\/p>\n<ul>\n<li>Mis datos<\/li>\n<li>Mis compras<\/li>\n<li>Mis cotizaciones<\/li>\n<li>Mis favoritos<\/li>\n<li>\u00daltimos vistos<\/li>\n<li>Mis reclamos<\/li>\n<\/ul>\n<h3>\u00bfC\u00f3mo realizar una compra?<\/h3>\n<p>Para realizar una compra, busc\u00e1 el producto que quieras comprar, ya sea, en el buscador de la tienda o explorando en las categor\u00edas que est\u00e1n fijadas en la p\u00e1gina. Una vez que tengas elegido tu producto, seleccion\u00e1<strong> \u201cAGREGAR AL CARRITO\u201d.<\/strong><\/p>\n<p><img loading=\"lazy\" decoding=\"async\" class=\"alignnone size-full wp-image-2392\" src=\"https:\/\/www.wurth.com.ar\/blog\/wp-content\/uploads\/2024\/12\/test-1.png\" alt=\"\" width=\"1174\" height=\"543\" srcset=\"https:\/\/www.wurth.com.ar\/blog\/wp-content\/uploads\/2024\/12\/test-1.png 1174w, https:\/\/www.wurth.com.ar\/blog\/wp-content\/uploads\/2024\/12\/test-1-300x139.png 300w, https:\/\/www.wurth.com.ar\/blog\/wp-content\/uploads\/2024\/12\/test-1-1024x474.png 1024w, https:\/\/www.wurth.com.ar\/blog\/wp-content\/uploads\/2024\/12\/test-1-768x355.png 768w\" sizes=\"(max-width: 1174px) 100vw, 1174px\" \/><\/p>\n<p>&nbsp;<\/p>\n<p>Cuando hayas elegido todo lo que necesitas, debes ir al men\u00fa que se encuentra en la parte superior de la pantalla. Hace click en \u201cCARRITO DE COMPRAS\u201d y luego \u201cIR AL CARRITO\u201d para ver tu compra final.<\/p>\n<p>En esta secci\u00f3n vas a poder ver todos los productos cargados a tu carrito virtual. Tambi\u00e9n podes agregar y sacar elementos. Una vez que tengas tu pedido listo, seleccion\u00e1 <strong>\u201cFINALIZAR COMPRA\u201d<\/strong>.<\/p>\n<p><img loading=\"lazy\" decoding=\"async\" class=\"alignnone size-full wp-image-2385\" src=\"https:\/\/www.wurth.com.ar\/blog\/wp-content\/uploads\/2024\/12\/compra-1-.png\" alt=\"\" width=\"1224\" height=\"528\" srcset=\"https:\/\/www.wurth.com.ar\/blog\/wp-content\/uploads\/2024\/12\/compra-1-.png 1224w, https:\/\/www.wurth.com.ar\/blog\/wp-content\/uploads\/2024\/12\/compra-1--300x129.png 300w, https:\/\/www.wurth.com.ar\/blog\/wp-content\/uploads\/2024\/12\/compra-1--1024x442.png 1024w, https:\/\/www.wurth.com.ar\/blog\/wp-content\/uploads\/2024\/12\/compra-1--768x331.png 768w\" sizes=\"(max-width: 1224px) 100vw, 1224px\" \/><\/p>\n<p>Revisa y <strong>completa los datos<\/strong> de tu cuenta y la direcci\u00f3n de la facturaci\u00f3n. En caso de ser \u201cComercio\/ empresa\u201d tambi\u00e9n debes agregar el rubro y la cantidad aproximada de personas que utilizar\u00e1n lo adquirido. Una vez completado los datos, seleccion\u00e1 \u201cCONTINUAR COMPRA\u201d.<\/p>\n<p>Seleccion\u00e1 el <strong>m\u00e9todo de entrega de tu compra<\/strong>. Podes retirarlo en planta o elegir el env\u00edo a domicilio (la direcci\u00f3n de entrega puede ser la misma que figura en la facturaci\u00f3n o podes cargar otra). Para continuar, hace click en \u201cCONTINUAR COMPRA\u201d.<\/p>\n<p><img loading=\"lazy\" decoding=\"async\" class=\"alignnone size-full wp-image-2386\" src=\"https:\/\/www.wurth.com.ar\/blog\/wp-content\/uploads\/2024\/12\/compra-3.png\" alt=\"\" width=\"1196\" height=\"417\" srcset=\"https:\/\/www.wurth.com.ar\/blog\/wp-content\/uploads\/2024\/12\/compra-3.png 1196w, https:\/\/www.wurth.com.ar\/blog\/wp-content\/uploads\/2024\/12\/compra-3-300x105.png 300w, https:\/\/www.wurth.com.ar\/blog\/wp-content\/uploads\/2024\/12\/compra-3-1024x357.png 1024w, https:\/\/www.wurth.com.ar\/blog\/wp-content\/uploads\/2024\/12\/compra-3-768x268.png 768w\" sizes=\"(max-width: 1196px) 100vw, 1196px\" \/><\/p>\n<p>Por \u00faltimo, debes confirmar tu pedido. Por favor, revis\u00e1 que toda la informaci\u00f3n este cargada de manera correcta para gestionar el pago del mismo. Al hacer click en \u201c<strong>CONFIRMAR PEDIDO<\/strong>\u201d vas a poder realizar el pago del mismo mediante el m\u00e9todo que m\u00e1s te guste.<\/p>\n<ul>\n<li>Mercado Pago<\/li>\n<li>Transferencia<\/li>\n<li>Tarjeta de cr\u00e9dito<\/li>\n<li>Tarjeta de debito<\/li>\n<\/ul>\n<p><strong>Importante: <\/strong>para ver el estado de tu pedido debes ingresar en \u201c<strong>MI CUENTA\/ MIS COMPRAS<\/strong>\u201d.<\/p>\n<p><img loading=\"lazy\" decoding=\"async\" class=\"size-full wp-image-2387 alignnone\" src=\"https:\/\/www.wurth.com.ar\/blog\/wp-content\/uploads\/2024\/12\/compra-5.png\" alt=\"\" width=\"1077\" height=\"493\" srcset=\"https:\/\/www.wurth.com.ar\/blog\/wp-content\/uploads\/2024\/12\/compra-5.png 1077w, https:\/\/www.wurth.com.ar\/blog\/wp-content\/uploads\/2024\/12\/compra-5-300x137.png 300w, https:\/\/www.wurth.com.ar\/blog\/wp-content\/uploads\/2024\/12\/compra-5-1024x469.png 1024w, https:\/\/www.wurth.com.ar\/blog\/wp-content\/uploads\/2024\/12\/compra-5-768x352.png 768w\" sizes=\"(max-width: 1077px) 100vw, 1077px\" \/><\/p>\n<h3>\u00bfC\u00f3mo realizar una cotizaci\u00f3n?<\/h3>\n<p>Para realizar una cotizaci\u00f3n, busc\u00e1 el producto que quieras agregar a la cotizaci\u00f3n, ya sea en el buscador de la tienda o explorando en las categor\u00edas que est\u00e1n fijadas en la p\u00e1gina. Una vez que tengas elegido tu producto, seleccion\u00e1 <strong>\u201cAGREGAR A COTIZACI\u00d3N\u201d.<\/strong><\/p>\n<p>Cuando hayas elegido todo lo que necesitas, debes ir al men\u00fa que se encuentra en la parte superior de la pantalla. Hace click en \u201cCOTIZACI\u00d3N y luego \u201cIR A LA COTIZACI\u00d3N\u201d.<\/p>\n<p><img loading=\"lazy\" decoding=\"async\" class=\"alignnone size-full wp-image-2390\" src=\"https:\/\/www.wurth.com.ar\/blog\/wp-content\/uploads\/2024\/12\/coti-2.png\" alt=\"\" width=\"1196\" height=\"546\" srcset=\"https:\/\/www.wurth.com.ar\/blog\/wp-content\/uploads\/2024\/12\/coti-2.png 1196w, https:\/\/www.wurth.com.ar\/blog\/wp-content\/uploads\/2024\/12\/coti-2-300x137.png 300w, https:\/\/www.wurth.com.ar\/blog\/wp-content\/uploads\/2024\/12\/coti-2-1024x467.png 1024w, https:\/\/www.wurth.com.ar\/blog\/wp-content\/uploads\/2024\/12\/coti-2-768x351.png 768w\" sizes=\"(max-width: 1196px) 100vw, 1196px\" \/><\/p>\n<p>&nbsp;<\/p>\n<p>En esta secci\u00f3n podes ver todos los productos que seleccionaste para cotizar. En la parte superior vas a encontrar un paso a paso m\u00e1s detallado de c\u00f3mo cargar la informaci\u00f3n necesaria. Adem\u00e1s, podes agregar productos a la cotizaci\u00f3n, vaciarla o avanzar con la opci\u00f3n \u201cSIGUIENTE\u201d.<\/p>\n<p>Si avanzaste, en la parte derecha te aparecer\u00e1 un resumen con el monto final de la compra cotizada. Nuevamente tenes la posibilidad de agregar productos, vaciar la cotizaci\u00f3n, pero adem\u00e1s pod\u00e9s actualizar los valores con los productos nuevos o confirmarla.<\/p>\n<p>En caso de confirmar, vas a ser redireccionado a \u201c<strong>MI CUENTA\/ MIS COTIZACIONES<\/strong>\u201d. All\u00ed podes ver tu cotizaci\u00f3n y otras realizadas anteriormente.<\/p>\n<p><img loading=\"lazy\" decoding=\"async\" class=\"alignnone size-full wp-image-2391\" src=\"https:\/\/www.wurth.com.ar\/blog\/wp-content\/uploads\/2024\/12\/coti-3.png\" alt=\"\" width=\"965\" height=\"573\" srcset=\"https:\/\/www.wurth.com.ar\/blog\/wp-content\/uploads\/2024\/12\/coti-3.png 965w, https:\/\/www.wurth.com.ar\/blog\/wp-content\/uploads\/2024\/12\/coti-3-300x178.png 300w, https:\/\/www.wurth.com.ar\/blog\/wp-content\/uploads\/2024\/12\/coti-3-768x456.png 768w\" sizes=\"(max-width: 965px) 100vw, 965px\" \/><\/p>\n<p><strong>Importante:<\/strong> la cotizaci\u00f3n incluye los impuestos correspondientes y el costo de env\u00edo, por favor, revis\u00e1 que toda la informaci\u00f3n este cargada correctamente.<\/p>\n<p>Con tu cotizaci\u00f3n tenes la posibilidad de:<\/p>\n<p><u>CONFIRMAR<\/u>: al confirmar, tu cotizaci\u00f3n se transforma en un pedido web.<\/p>\n<p><u>RECHAZAR<\/u>: podes rechazar completamente la cotizaci\u00f3n. Por favor, indicanos el motivo.<\/p>\n<p><u>EDITAR<\/u>: agrega o eliminar productos.<\/p>\n<p><u>DESCARGAR<\/u>: descarga tu cotizaci\u00f3n, de forma detallada, en formato PDF.<\/p>\n<h4>\u00a1Visit\u00e1 nuestro <a href=\"https:\/\/www.wurth.com.ar\/\">nuevo sitio web <\/a>y enterate de todas las novedades!<\/h4>\n  <div class=\"related-post grid\">\r\n      <div class=\"post-list \">\r\n\r\n            <div class=\"item\">\r\n            <div class=\"thumb post_thumb\">\r\n    <a  title=\"W\u00fcrth se presenta nuevamente en ExpoAgro 2024\" href=\"https:\/\/www.wurth.com.ar\/blog\/eventos-en-wurth-argentina\/wurth-se-presenta-nuevamente-en-expoagro-2024\/\">\r\n\r\n      <img loading=\"lazy\" decoding=\"async\" width=\"2560\" height=\"1305\" src=\"https:\/\/www.wurth.com.ar\/blog\/wp-content\/uploads\/2024\/01\/expoagro-2024-destacada-e1705592384593.jpg\" class=\"attachment-full size-full wp-post-image\" alt=\"\" srcset=\"https:\/\/www.wurth.com.ar\/blog\/wp-content\/uploads\/2024\/01\/expoagro-2024-destacada-e1705592384593.jpg 2560w, https:\/\/www.wurth.com.ar\/blog\/wp-content\/uploads\/2024\/01\/expoagro-2024-destacada-e1705592384593-300x153.jpg 300w, https:\/\/www.wurth.com.ar\/blog\/wp-content\/uploads\/2024\/01\/expoagro-2024-destacada-e1705592384593-1024x522.jpg 1024w, https:\/\/www.wurth.com.ar\/blog\/wp-content\/uploads\/2024\/01\/expoagro-2024-destacada-e1705592384593-768x392.jpg 768w, https:\/\/www.wurth.com.ar\/blog\/wp-content\/uploads\/2024\/01\/expoagro-2024-destacada-e1705592384593-1536x783.jpg 1536w, https:\/\/www.wurth.com.ar\/blog\/wp-content\/uploads\/2024\/01\/expoagro-2024-destacada-e1705592384593-2048x1044.jpg 2048w\" sizes=\"(max-width: 2560px) 100vw, 2560px\" \/>\r\n\r\n    <\/a>\r\n  <\/div>\r\n\r\n  <a class=\"title post_title\"  title=\"W\u00fcrth se presenta nuevamente en ExpoAgro 2024\" href=\"https:\/\/www.wurth.com.ar\/blog\/eventos-en-wurth-argentina\/wurth-se-presenta-nuevamente-en-expoagro-2024\/\">\r\n        W\u00fcrth se presenta nuevamente en ExpoAgro 2024  <\/a>\r\n\r\n  <p class=\"excerpt post_excerpt\">\r\n    W\u00fcrth Argentina participar\u00e1 nuevamente en ExpoAgro 2024, el evento l\u00edder del sector que re\u00fane a los principales exponentes de la <a class=\"read-more\" href=\"https:\/\/www.wurth.com.ar\/blog\/eventos-en-wurth-argentina\/wurth-se-presenta-nuevamente-en-expoagro-2024\/\"> Leer m\u00e1s<\/a>  <\/p>\r\n        <\/div>\r\n              <div class=\"item\">\r\n            <div class=\"thumb post_thumb\">\r\n    <a  title=\"Llega el Work Out Week de W\u00fcrth: herramientas exclusivas, ofertas y solidaridad\" href=\"https:\/\/www.wurth.com.ar\/blog\/eventos-en-wurth-argentina\/llega-el-work-out-week-de-wurth-herramientas-exclusivas-ofertas-y-solidaridad\/\">\r\n\r\n      <img loading=\"lazy\" decoding=\"async\" width=\"600\" height=\"200\" src=\"https:\/\/www.wurth.com.ar\/blog\/wp-content\/uploads\/2024\/04\/workouttt.jpg\" class=\"attachment-full size-full wp-post-image\" alt=\"\" srcset=\"https:\/\/www.wurth.com.ar\/blog\/wp-content\/uploads\/2024\/04\/workouttt.jpg 600w, https:\/\/www.wurth.com.ar\/blog\/wp-content\/uploads\/2024\/04\/workouttt-300x100.jpg 300w\" sizes=\"(max-width: 600px) 100vw, 600px\" \/>\r\n\r\n    <\/a>\r\n  <\/div>\r\n\r\n  <a class=\"title post_title\"  title=\"Llega el Work Out Week de W\u00fcrth: herramientas exclusivas, ofertas y solidaridad\" href=\"https:\/\/www.wurth.com.ar\/blog\/eventos-en-wurth-argentina\/llega-el-work-out-week-de-wurth-herramientas-exclusivas-ofertas-y-solidaridad\/\">\r\n        Llega el Work Out Week de W\u00fcrth: herramientas exclusivas, ofertas y solidaridad  <\/a>\r\n\r\n  <p class=\"excerpt post_excerpt\">\r\n    En W\u00fcrth, cada momento es una oportunidad para innovar y acercarnos m\u00e1s a nuestros clientes. Durante Abril, del 22 al <a class=\"read-more\" href=\"https:\/\/www.wurth.com.ar\/blog\/eventos-en-wurth-argentina\/llega-el-work-out-week-de-wurth-herramientas-exclusivas-ofertas-y-solidaridad\/\"> Leer m\u00e1s<\/a>  <\/p>\r\n        <\/div>\r\n              <div class=\"item\">\r\n            <div class=\"thumb post_thumb\">\r\n    <a  title=\"D\u00eda internacional de la seguridad y la salud en el trabajo\" href=\"https:\/\/www.wurth.com.ar\/blog\/sin-categoria\/dia-internacional-de-la-seguridad-y-la-salud-en-el-trabajo\/\">\r\n\r\n      <img loading=\"lazy\" decoding=\"async\" width=\"1500\" height=\"844\" src=\"https:\/\/www.wurth.com.ar\/blog\/wp-content\/uploads\/2024\/04\/amoladora-destacada-2.jpg\" class=\"attachment-full size-full wp-post-image\" alt=\"\" srcset=\"https:\/\/www.wurth.com.ar\/blog\/wp-content\/uploads\/2024\/04\/amoladora-destacada-2.jpg 1500w, https:\/\/www.wurth.com.ar\/blog\/wp-content\/uploads\/2024\/04\/amoladora-destacada-2-300x169.jpg 300w, https:\/\/www.wurth.com.ar\/blog\/wp-content\/uploads\/2024\/04\/amoladora-destacada-2-1024x576.jpg 1024w, https:\/\/www.wurth.com.ar\/blog\/wp-content\/uploads\/2024\/04\/amoladora-destacada-2-768x432.jpg 768w\" sizes=\"(max-width: 1500px) 100vw, 1500px\" \/>\r\n\r\n    <\/a>\r\n  <\/div>\r\n\r\n  <a class=\"title post_title\"  title=\"D\u00eda internacional de la seguridad y la salud en el trabajo\" href=\"https:\/\/www.wurth.com.ar\/blog\/sin-categoria\/dia-internacional-de-la-seguridad-y-la-salud-en-el-trabajo\/\">\r\n        D\u00eda internacional de la seguridad y la salud en el trabajo  <\/a>\r\n\r\n  <p class=\"excerpt post_excerpt\">\r\n    El 28 de abril marca un hecho clave en el calendario laboral como el D\u00eda Mundial de la Seguridad y <a class=\"read-more\" href=\"https:\/\/www.wurth.com.ar\/blog\/sin-categoria\/dia-internacional-de-la-seguridad-y-la-salud-en-el-trabajo\/\"> Leer m\u00e1s<\/a>  <\/p>\r\n        <\/div>\r\n              <div class=\"item\">\r\n            <div class=\"thumb post_thumb\">\r\n    <a  title=\"Remaches pop medidas: \u00bfCu\u00e1les son las medidas de los remaches?\" href=\"https:\/\/www.wurth.com.ar\/blog\/remachadoras\/remaches-pop-medidas-cuales-son-las-medidas-de-los-remaches\/\">\r\n\r\n      <img loading=\"lazy\" decoding=\"async\" width=\"632\" height=\"533\" src=\"https:\/\/www.wurth.com.ar\/blog\/wp-content\/uploads\/2022\/09\/remaches.jpg\" class=\"attachment-full size-full wp-post-image\" alt=\"tipos de remaches\" srcset=\"https:\/\/www.wurth.com.ar\/blog\/wp-content\/uploads\/2022\/09\/remaches.jpg 632w, https:\/\/www.wurth.com.ar\/blog\/wp-content\/uploads\/2022\/09\/remaches-300x253.jpg 300w\" sizes=\"(max-width: 632px) 100vw, 632px\" \/>\r\n\r\n    <\/a>\r\n  <\/div>\r\n\r\n  <a class=\"title post_title\"  title=\"Remaches pop medidas: \u00bfCu\u00e1les son las medidas de los remaches?\" href=\"https:\/\/www.wurth.com.ar\/blog\/remachadoras\/remaches-pop-medidas-cuales-son-las-medidas-de-los-remaches\/\">\r\n        Remaches pop medidas: \u00bfCu\u00e1les son las medidas de los remaches?  <\/a>\r\n\r\n  <p class=\"excerpt post_excerpt\">\r\n    Las medidas de los remaches pop son tan variadas que muchas veces no sabemos hasta cu\u00e1les existen y c\u00f3mo elegir <a class=\"read-more\" href=\"https:\/\/www.wurth.com.ar\/blog\/remachadoras\/remaches-pop-medidas-cuales-son-las-medidas-de-los-remaches\/\"> Leer m\u00e1s<\/a>  <\/p>\r\n        <\/div>\r\n              <div class=\"item\">\r\n            <div class=\"thumb post_thumb\">\r\n    <a  title=\"Protecci\u00f3n, limpieza y cuidado\" href=\"https:\/\/www.wurth.com.ar\/blog\/caja-de-herramientas\/proteccion-limpieza-y-cuidado\/\">\r\n\r\n      <img loading=\"lazy\" decoding=\"async\" width=\"1000\" height=\"662\" src=\"https:\/\/www.wurth.com.ar\/blog\/wp-content\/uploads\/2024\/06\/crema.avif\" class=\"attachment-full size-full wp-post-image\" alt=\"\" srcset=\"https:\/\/www.wurth.com.ar\/blog\/wp-content\/uploads\/2024\/06\/crema.avif 1000w, https:\/\/www.wurth.com.ar\/blog\/wp-content\/uploads\/2024\/06\/crema-300x199.avif 300w, https:\/\/www.wurth.com.ar\/blog\/wp-content\/uploads\/2024\/06\/crema-768x508.avif 768w\" sizes=\"(max-width: 1000px) 100vw, 1000px\" \/>\r\n\r\n    <\/a>\r\n  <\/div>\r\n\r\n  <a class=\"title post_title\"  title=\"Protecci\u00f3n, limpieza y cuidado\" href=\"https:\/\/www.wurth.com.ar\/blog\/caja-de-herramientas\/proteccion-limpieza-y-cuidado\/\">\r\n        Protecci\u00f3n, limpieza y cuidado  <\/a>\r\n\r\n  <p class=\"excerpt post_excerpt\">\r\n    En nuestro d\u00eda a d\u00eda, nuestras manos enfrentan desaf\u00edos constantes. Desde trabajos pesados hasta tareas cotidianas, las manos acumulan suciedad <a class=\"read-more\" href=\"https:\/\/www.wurth.com.ar\/blog\/caja-de-herramientas\/proteccion-limpieza-y-cuidado\/\"> Leer m\u00e1s<\/a>  <\/p>\r\n        <\/div>\r\n              <div class=\"item\">\r\n            <div class=\"thumb post_thumb\">\r\n    <a  title=\"Gu\u00eda definitiva para usar cinta de enmascarar automotriz sin filtraciones\" href=\"https:\/\/www.wurth.com.ar\/blog\/sin-categoria\/guia-definitiva-para-usar-cinta-de-enmascarar-automotriz-sin-filtraciones\/\">\r\n\r\n      <img loading=\"lazy\" decoding=\"async\" width=\"2560\" height=\"1707\" src=\"https:\/\/www.wurth.com.ar\/blog\/wp-content\/uploads\/2024\/01\/chapa-y-pitura-2.jpg\" class=\"attachment-full size-full wp-post-image\" alt=\"\" srcset=\"https:\/\/www.wurth.com.ar\/blog\/wp-content\/uploads\/2024\/01\/chapa-y-pitura-2.jpg 2560w, https:\/\/www.wurth.com.ar\/blog\/wp-content\/uploads\/2024\/01\/chapa-y-pitura-2-300x200.jpg 300w, https:\/\/www.wurth.com.ar\/blog\/wp-content\/uploads\/2024\/01\/chapa-y-pitura-2-1024x683.jpg 1024w, https:\/\/www.wurth.com.ar\/blog\/wp-content\/uploads\/2024\/01\/chapa-y-pitura-2-768x512.jpg 768w, https:\/\/www.wurth.com.ar\/blog\/wp-content\/uploads\/2024\/01\/chapa-y-pitura-2-1536x1024.jpg 1536w, https:\/\/www.wurth.com.ar\/blog\/wp-content\/uploads\/2024\/01\/chapa-y-pitura-2-2048x1366.jpg 2048w\" sizes=\"(max-width: 2560px) 100vw, 2560px\" \/>\r\n\r\n    <\/a>\r\n  <\/div>\r\n\r\n  <a class=\"title post_title\"  title=\"Gu\u00eda definitiva para usar cinta de enmascarar automotriz sin filtraciones\" href=\"https:\/\/www.wurth.com.ar\/blog\/sin-categoria\/guia-definitiva-para-usar-cinta-de-enmascarar-automotriz-sin-filtraciones\/\">\r\n        Gu\u00eda definitiva para usar cinta de enmascarar automotriz sin filtraciones  <\/a>\r\n\r\n  <p class=\"excerpt post_excerpt\">\r\n    \u00bfAlguna vez te preguntaste c\u00f3mo los profesionales consiguen ese acabado impecable en la pintura de los autos, libre de cualquier <a class=\"read-more\" href=\"https:\/\/www.wurth.com.ar\/blog\/sin-categoria\/guia-definitiva-para-usar-cinta-de-enmascarar-automotriz-sin-filtraciones\/\"> Leer m\u00e1s<\/a>  <\/p>\r\n        <\/div>\r\n      \r\n  <\/div>\r\n\r\n  <script>\r\n      <\/script>\r\n  <style>\r\n    .related-post {}\r\n\r\n    .related-post .post-list {\r\n      text-align: left;\r\n          }\r\n\r\n    .related-post .post-list .item {\r\n      margin: 10px;\r\n      padding: 5px;\r\n          }\r\n\r\n    .related-post .headline {\r\n      font-size: 18px !important;\r\n      color: #999999 !important;\r\n          }\r\n\r\n    .related-post .post-list .item .post_thumb {\r\n      max-height: 220px;\r\n      margin: 10px 0px;\r\n      padding: 0px;\r\n      display: block;\r\n          }\r\n\r\n    .related-post .post-list .item .post_title {\r\n      font-size: 16px;\r\n      color: #3f3f3f;\r\n      margin: 10px 0px;\r\n      padding: 0px;\r\n      display: block;\r\n      text-decoration: none;\r\n          }\r\n\r\n    .related-post .post-list .item .post_excerpt {\r\n      font-size: 13px;\r\n      color: #3f3f3f;\r\n      margin: 10px 0px;\r\n      padding: 0px;\r\n      display: block;\r\n      text-decoration: none;\r\n          }\r\n\r\n    @media only screen and (min-width: 1024px) {\r\n      .related-post .post-list .item {\r\n        width: 45%;\r\n      }\r\n    }\r\n\r\n    @media only screen and (min-width: 768px) and (max-width: 1023px) {\r\n      .related-post .post-list .item {\r\n        width: 90%;\r\n      }\r\n    }\r\n\r\n    @media only screen and (min-width: 0px) and (max-width: 767px) {\r\n      .related-post .post-list .item {\r\n        width: 90%;\r\n      }\r\n    }\r\n\r\n      <\/style>\r\n    <\/div>\r\n","protected":false},"excerpt":{"rendered":"<p>\u00a1Bienvenido a la nueva web de W\u00fcrth Argentina! En este art\u00edculo te explicamos el paso a paso de c\u00f3mo navegar por nuestro sitio web y comprar todo lo que necesitas. \u00bfC\u00f3mo registrarse? Existen dos maneras de registrarte en la nueva web. Al ingresar al sitio, te aparecer\u00e1 el siguiente cartel. Podes seleccionar \u201cREGISTRARSE\u201d y cargar &#8230; <a title=\"Sujet\u00e1 fuerte con las abrazaderas: \u00bfqu\u00e9 son y para qu\u00e9 sirven?\" class=\"read-more\" href=\"https:\/\/www.wurth.com.ar\/blog\/accesorios-vehiculos\/sujeta-fuerte-con-las-abrazaderas-que-son-y-para-que-sirven\/\" aria-label=\"More on Sujet\u00e1 fuerte con las abrazaderas: \u00bfqu\u00e9 son y para qu\u00e9 sirven?\">Leer m\u00e1s<\/a><\/p>\n","protected":false},"author":3,"featured_media":2379,"comment_status":"closed","ping_status":"open","sticky":false,"template":"","format":"standard","meta":{"footnotes":""},"categories":[55,1],"tags":[],"_links":{"self":[{"href":"https:\/\/www.wurth.com.ar\/blog\/wp-json\/wp\/v2\/posts\/2372"}],"collection":[{"href":"https:\/\/www.wurth.com.ar\/blog\/wp-json\/wp\/v2\/posts"}],"about":[{"href":"https:\/\/www.wurth.com.ar\/blog\/wp-json\/wp\/v2\/types\/post"}],"author":[{"embeddable":true,"href":"https:\/\/www.wurth.com.ar\/blog\/wp-json\/wp\/v2\/users\/3"}],"replies":[{"embeddable":true,"href":"https:\/\/www.wurth.com.ar\/blog\/wp-json\/wp\/v2\/comments?post=2372"}],"version-history":[{"count":17,"href":"https:\/\/www.wurth.com.ar\/blog\/wp-json\/wp\/v2\/posts\/2372\/revisions"}],"predecessor-version":[{"id":2460,"href":"https:\/\/www.wurth.com.ar\/blog\/wp-json\/wp\/v2\/posts\/2372\/revisions\/2460"}],"wp:featuredmedia":[{"embeddable":true,"href":"https:\/\/www.wurth.com.ar\/blog\/wp-json\/wp\/v2\/media\/2379"}],"wp:attachment":[{"href":"https:\/\/www.wurth.com.ar\/blog\/wp-json\/wp\/v2\/media?parent=2372"}],"wp:term":[{"taxonomy":"category","embeddable":true,"href":"https:\/\/www.wurth.com.ar\/blog\/wp-json\/wp\/v2\/categories?post=2372"},{"taxonomy":"post_tag","embeddable":true,"href":"https:\/\/www.wurth.com.ar\/blog\/wp-json\/wp\/v2\/tags?post=2372"}],"curies":[{"name":"wp","href":"https:\/\/api.w.org\/{rel}","templated":true}]}}