{"id":2264,"date":"2024-10-03T14:30:30","date_gmt":"2024-10-03T17:30:30","guid":{"rendered":"https:\/\/www.wurth.com.ar\/blog\/?p=2264"},"modified":"2024-10-03T14:32:14","modified_gmt":"2024-10-03T17:32:14","slug":"masilla-para-auto-tipos-y-caracteristicas","status":"publish","type":"post","link":"https:\/\/www.wurth.com.ar\/blog\/masilla\/masilla-para-auto-tipos-y-caracteristicas\/","title":{"rendered":"Masilla para auto: tipos y caracter\u00edsticas"},"content":{"rendered":"<p><span style=\"font-weight: 400;\">El arreglo de la carrocer\u00eda u otros inconvenientes relacionados con los soportes de los veh\u00edculos requiere de este producto para <\/span><b>nivelar la superficie de manera correcta.<\/b><\/p>\n<p><span style=\"font-weight: 400;\">No obstante, cada material y problema necesita de una masilla especial, las cuales se <\/span><b>diferencian entre s\u00ed a partir de sus caracter\u00edsticas<\/b><span style=\"font-weight: 400;\">. Es decir, no es lo mismo un modelo creado para acero que para pl\u00e1stico.<\/span><\/p>\n<p><span style=\"font-weight: 400;\">Si est\u00e1s interesado en conocer la clasificaci\u00f3n de cada uno de los mismos, te invitamos a ver este art\u00edculo de <\/span><b>W\u00fcrth <\/b><span style=\"font-weight: 400;\">con todos los detalles sobre los tipos de masilla para auto.\u00a0<\/span><\/p>\n<span class='mb-center maxbutton-1-center'><span class='maxbutton-1-container mb-container'><a class=\"maxbutton-1 maxbutton maxbutton-boton\" target=\"_blank\" rel=\"noopener\" href=\"https:\/\/www.wurth.com.ar\/es\/tienda\/productos-quimicos\/masillas\/\"><span class='mb-text'>Comprar masilla en W\u00fcrth <\/span><\/a><\/span><\/span>\n<h2><span style=\"font-weight: 400;\">Caracter\u00edsticas de la masilla para auto<\/span><\/h2>\n<p><span style=\"font-weight: 400;\">La masilla para auto m\u00e1s utilizada es la <\/span><b>masilla de poli\u00e9ster<\/b><span style=\"font-weight: 400;\">, la cual est\u00e1 compuesta de dos componentes, debido a que requiere de un catalizador de per\u00f3xido de benzoilo para que logre una correcta activaci\u00f3n. De ese modo, se secar\u00e1 y endurecer\u00e1.<\/span><\/p>\n<p><span style=\"font-weight: 400;\">Con este producto, se puede igualar la superficie de la carrocer\u00eda para posteriormente pintarla y dejarla con un gran acabado.<\/span><\/p>\n<p><span style=\"font-weight: 400;\">Es importante destacar que las masillas no protegen a la superficie de la corrosi\u00f3n. Por otro lado, no sirve como base de anclaje para las pinturas finales de acabado. As\u00ed, despu\u00e9s de lijarla hay que colocar una capa de aparejo.<\/span><\/p>\n<h2><span style=\"font-weight: 400;\">Ventajas de la masilla para autos<\/span><\/h2>\n<p><span style=\"font-weight: 400;\">Las principales ventajas de la masilla para auto son:<\/span><\/p>\n<ul>\n<li><b>Baja porosidad y alta elasticidad:<\/b><span style=\"font-weight: 400;\"> cuando se aplica, no debe dejar poros, al mismo tiempo que debe aportar flexibilidad sobre el material para absorber aquellos impactos o vibraciones a los que se exponga y as\u00ed evitar que se agriete.\u00a0<\/span><\/li>\n<li aria-level=\"1\"><b>F\u00e1cil aplicaci\u00f3n y lijado: <\/b><span style=\"font-weight: 400;\">se aplica y extiende de manera sencilla hasta obtener una superficie regular y homog\u00e9nea. Durante el lijado, no hay que presionar demasiado.\u00a0<\/span><\/li>\n<\/ul>\n<ul>\n<li aria-level=\"1\"><b>Resistente a los esfuerzos de compresi\u00f3n y tracci\u00f3n:<\/b><span style=\"font-weight: 400;\"> no se expondr\u00e1 a agrietamientos o desprendimientos de masilla y\/o pintura.\u00a0<\/span><\/li>\n<li aria-level=\"1\"><b>Correcta adherencia:<\/b><span style=\"font-weight: 400;\"> siempre y cuando se elija la masilla correcta para el material con el que se trabaja, la misma se adherir\u00e1 de forma excelente.<\/span><\/li>\n<\/ul>\n<h2><span style=\"font-weight: 400;\">Tipos de masilla para auto<\/span><\/h2>\n<p><span style=\"font-weight: 400;\">De acuerdo a sus caracter\u00edsticas, existen distintos tipos de masillas para autos. A continuaci\u00f3n, los detalles.\u00a0<\/span><\/p>\n<p><span style=\"font-weight: 400;\">        <div id=\"ba-api-productos-container\">\n            <!-- Iterar sobre los resultados filtrados y ordenados para mostrar cada producto -->\n                            <div class=\"ba-api-caja-grid\">\n                    <div class=\"grid-container ba-api-caja-centrada\">                        \n                        <div class=\"grid-50 ba-api-ancho-60\">\n                            <p class=\"ba-api-marca-texto\">\n                                <span class=\"ba-api-marca-producto ba-api-marca-producto-color-uno\">\n                                    Wurth Argentina                                <\/span>\n                            <\/p>\n                            <a class=\"ba-api-grid-titulo\" href=\"https:\/\/www.wurth.com.ar\/tienda\/masilla-vaku-finish-1kg.html\" target=\"_blank\">\n                                Masilla Vaku Finish 1kg                            <\/a>\n                            <hr class=\"separador\">\n                            <p class=\"ba-api-marca-texto\">\n                                <span><strong>Descripci\u00f3n:<\/strong> <br\/><\/span><br>\n                            <\/p>\n                        <\/div>\n                        <div class=\"grid-50 ba-api-ancho-40\">\n                            <a href=\"https:\/\/www.wurth.com.ar\/tienda\/masilla-vaku-finish-1kg.html\" target=\"_blank\" rel=\"nofollow\">\n                                <img decoding=\"async\" class=\"ba-api-grid-imagen-individual\" src=\"https:\/\/www.wurth.com.ar\/img\/productos\/351716-gr-masilla-finish-1kg.jpg\" alt=\"Masilla Vaku Finish 1kg\" width=\"100%\" \/>\n                            <\/a>\n                        <\/div>\n                    <\/div>\n                    <a id=\"boton-blog-producto\" class=\"ba-api-boton-con-precio\" href=\"https:\/\/www.wurth.com.ar\/tienda\/masilla-vaku-finish-1kg.html?utm_medium=https:\/\/www.wurth.com.ar\/blog\/caja-de-herramientas\/alicate-herramienta-para-que-sirve-que-es-y-como-afilar\/&utm_source=WurthBlog\" rel=\"nofollow\" target=\"_blank\">VER PRODUCTO<\/a>\n                <\/div>\n                        <span class=\"fecha-update\">\u00daltima actualizaci\u00f3n: 2026-04-28 12:25:13<\/span>\n        <\/div>\n\n\t\t<script>\n\t\t  \/\/ Espera a que el DOM est\u00e9 completamente cargado\n\t\t  document.addEventListener('DOMContentLoaded', function() {\n\t\t\t\/\/ Selecciona el elemento por su ID\n\t\t\tvar botonBlogProducto = document.getElementById('boton-blog-producto');\n\n\t\t\t\/\/ Verifica si el elemento existe\n\t\t\tif (botonBlogProducto) {\n\t\t\t  \/\/ A\u00f1ade un evento de clic al elemento\n\t\t\t  botonBlogProducto.addEventListener('click', function() {\n\t\t\t\t\/\/ Env\u00eda el evento a Google Analytics 4\n\t\t\t\tgtag('event', 'click_boton_blog_producto', {\n\t\t\t\t  'event_category': 'boton',\n\t\t\t\t  'event_label': 'blog_producto'\n\t\t\t\t});\n\t\t\t  });\n\t\t\t}\n\t\t  });\n\t\t<\/script>\n\n<\/span><\/p>\n<h3><span style=\"font-weight: 400;\">Masilla de poli\u00e9ster universal<\/span><\/h3>\n<p><span style=\"font-weight: 400;\">La masilla de poli\u00e9ster universal se caracteriza por ofrecer una <\/span><b>gran dureza y resistencia. <\/b><span style=\"font-weight: 400;\">Por otro lado, otorga una buena adherencia a la chapa de acero, como as\u00ed tambi\u00e9n al galvanizado y al electrozincado.<\/span><\/p>\n<p><span style=\"font-weight: 400;\">Es de f\u00e1cil lijado y aplicaci\u00f3n. Tambi\u00e9n es muy flexible.<\/span><\/p>\n<h3><span style=\"font-weight: 400;\">Masillas ligeras o de baja densidad<\/span><\/h3>\n<p><span style=\"font-weight: 400;\">Estas masillas se destacan por su<\/span><b> baja densidad.<\/b><span style=\"font-weight: 400;\"> Las mismas poseen cargas huecas que las hacen m\u00e1s livianas.<\/span><\/p>\n<p><span style=\"font-weight: 400;\">Compuestas de poli\u00e9ster, son de f\u00e1cil lijado y aplicaci\u00f3n, a la vez que se caracterizan por su versatilidad y alta adherencia en aluminio galvanizado, pl\u00e1sticos y acero, por ejemplo.<\/span><\/p>\n<h3><span style=\"font-weight: 400;\">Masillas para pl\u00e1sticos<\/span><\/h3>\n<p><span style=\"font-weight: 400;\">Son excelentes para <\/span><b>nivelar deformaciones en aquellos materiales pl\u00e1sticos<\/b><span style=\"font-weight: 400;\">. Absorbe los impactos, es el\u00e1stica, flexible y su textura es m\u00e1s fina y menos porosa.\u00a0<\/span><\/p>\n<p><span style=\"font-weight: 400;\">Por otro lado, sus propiedades m\u00e1s importantes son su alta adherencia en paragolpes o molduras exteriores. Son las recomendadas para la nivelaci\u00f3n de deformaciones en piezas de pl\u00e1stico.<\/span><\/p>\n<p><span style=\"font-weight: 400;\">        <div id=\"ba-api-productos-container\">\n            <!-- Iterar sobre los resultados filtrados y ordenados para mostrar cada producto -->\n                            <div class=\"ba-api-caja-grid\">\n                    <div class=\"grid-container ba-api-caja-centrada\">                        \n                        <div class=\"grid-50 ba-api-ancho-60\">\n                            <p class=\"ba-api-marca-texto\">\n                                <span class=\"ba-api-marca-producto ba-api-marca-producto-color-uno\">\n                                    Wurth Argentina                                <\/span>\n                            <\/p>\n                            <a class=\"ba-api-grid-titulo\" href=\"https:\/\/www.wurth.com.ar\/tienda\/masilla-vaku-plastic-1kg.html\" target=\"_blank\">\n                                Masilla Vaku Plastic 1kg                            <\/a>\n                            <hr class=\"separador\">\n                            <p class=\"ba-api-marca-texto\">\n                                <span><strong>Descripci\u00f3n:<\/strong> <br\/><\/span><br>\n                            <\/p>\n                        <\/div>\n                        <div class=\"grid-50 ba-api-ancho-40\">\n                            <a href=\"https:\/\/www.wurth.com.ar\/tienda\/masilla-vaku-plastic-1kg.html\" target=\"_blank\" rel=\"nofollow\">\n                                <img decoding=\"async\" class=\"ba-api-grid-imagen-individual\" src=\"https:\/\/www.wurth.com.ar\/img\/productos\/351700-gr-masilla-vaku-plastic-1kg.jpg\" alt=\"Masilla Vaku Plastic 1kg\" width=\"100%\" \/>\n                            <\/a>\n                        <\/div>\n                    <\/div>\n                    <a id=\"boton-blog-producto\" class=\"ba-api-boton-con-precio\" href=\"https:\/\/www.wurth.com.ar\/tienda\/masilla-vaku-plastic-1kg.html?utm_medium=https:\/\/www.wurth.com.ar\/blog\/caja-de-herramientas\/alicate-herramienta-para-que-sirve-que-es-y-como-afilar\/&utm_source=WurthBlog\" rel=\"nofollow\" target=\"_blank\">VER PRODUCTO<\/a>\n                <\/div>\n                        <span class=\"fecha-update\">\u00daltima actualizaci\u00f3n: 2026-04-28 12:25:13<\/span>\n        <\/div>\n\n\t\t<script>\n\t\t  \/\/ Espera a que el DOM est\u00e9 completamente cargado\n\t\t  document.addEventListener('DOMContentLoaded', function() {\n\t\t\t\/\/ Selecciona el elemento por su ID\n\t\t\tvar botonBlogProducto = document.getElementById('boton-blog-producto');\n\n\t\t\t\/\/ Verifica si el elemento existe\n\t\t\tif (botonBlogProducto) {\n\t\t\t  \/\/ A\u00f1ade un evento de clic al elemento\n\t\t\t  botonBlogProducto.addEventListener('click', function() {\n\t\t\t\t\/\/ Env\u00eda el evento a Google Analytics 4\n\t\t\t\tgtag('event', 'click_boton_blog_producto', {\n\t\t\t\t  'event_category': 'boton',\n\t\t\t\t  'event_label': 'blog_producto'\n\t\t\t\t});\n\t\t\t  });\n\t\t\t}\n\t\t  });\n\t\t<\/script>\n\n<\/span><\/p>\n<h3><span style=\"font-weight: 400;\">Masillas con carga de aluminio<\/span><\/h3>\n<p><span style=\"font-weight: 400;\">Esta masilla posee <\/span><b>pigmentos met\u00e1licos de aluminio <\/b><span style=\"font-weight: 400;\">que hace que aumente la prestaci\u00f3n de relleno y dureza. Adhiere muy bien en acero, aluminio o sustratos revestidos con zinc.\u00a0<\/span><\/p>\n<h3><span style=\"font-weight: 400;\">Masillas reforzadas con fibra de vidrio<\/span><\/h3>\n<p><span style=\"font-weight: 400;\">Se caracteriza por ser una masilla de poli\u00e9ster compacta con una <\/span><b>dosis de fibra de vidrio<\/b><span style=\"font-weight: 400;\">, que permite una gran dureza y poder de relleno.\u00a0<\/span><\/p>\n<p><span style=\"font-weight: 400;\">Se caracteriza por ser adherente a distintos soportes y materiales.\u00a0<\/span><\/p>\n<h3><span style=\"font-weight: 400;\">Masilla de poli\u00e9ster de gran poder de relleno<\/span><\/h3>\n<p><span style=\"font-weight: 400;\">Es especial para todos los trabajos que requieran de una aplicaci\u00f3n de una <\/span><b>capa gruesa de masilla<\/b><span style=\"font-weight: 400;\">. Este escenario se presenta cuando son arreglos grandes y en los que no se pudo nivelar la superficie de manera correcta.\u00a0<\/span><\/p>\n<h3><span style=\"font-weight: 400;\">Masilla de aplicaci\u00f3n a pistola<\/span><\/h3>\n<p><span style=\"font-weight: 400;\">Perfectas para <\/span><b>enmasillados grandes<\/b><span style=\"font-weight: 400;\">. Brinda una aplicaci\u00f3n con pocos poros y uniforme. Para usarla, se necesita de una pistola aerogr\u00e1fica, a diferencia de otros ejemplares que se colocan con una esp\u00e1tula.\u00a0<\/span><\/p>\n<h3><span style=\"font-weight: 400;\">Masillas para retoques<\/span><\/h3>\n<p><span style=\"font-weight: 400;\">Se trata de una <\/span><b>masilla de poli\u00e9ster de un solo componente.<\/b><span style=\"font-weight: 400;\"> Su base es de resina acr\u00edlica, que permite un secado por evaporaci\u00f3n de aire.<\/span><\/p>\n<p><span style=\"font-weight: 400;\">Se usan para tapar aquellos poros que son peque\u00f1os o ara\u00f1azos, entre otras cosas.<\/span><\/p>\n<h2><span style=\"font-weight: 400;\">Cada material y problema requiere de su propia masilla para auto<\/span><\/h2>\n<p><span style=\"font-weight: 400;\">De esta manera, qued\u00f3 claro que <\/span><b>cada material y problema que tenga un veh\u00edculo se resuelve con una masilla para auto particular.\u00a0<\/b><\/p>\n<p><span style=\"font-weight: 400;\">Es que no es lo mismo tener que realizar un arreglo sobre un metal, que sobre un pl\u00e1stico. Tampoco da igual si es un peque\u00f1o poro o si se trata de una superficie amplia a la cual hay que nivelar.<\/span><\/p>\n<p><span style=\"font-weight: 400;\">Hay distintos modelos compuestos de poli\u00e9ster, con sus distintas variaciones, y otros con agregados como pigmentos met\u00e1licos de aluminio.<\/span><\/p>\n<p><span style=\"font-weight: 400;\">\u00a1Eso fue todo! Ahora, solo resta que, con tus necesidades, revises qu\u00e9 opci\u00f3n es la mejor para tu trabajo. Para eso, te recomendamos ingresar a la tienda oficial de W\u00fcrth para que compares todos los productos que tenemos a disposici\u00f3n.<\/span><\/p>\n  <div class=\"related-post grid\">\r\n      <div class=\"post-list \">\r\n\r\n            <div class=\"item\">\r\n            <div class=\"thumb post_thumb\">\r\n    <a  title=\"W\u00fcrth se presenta nuevamente en ExpoAgro 2024\" href=\"https:\/\/www.wurth.com.ar\/blog\/eventos-en-wurth-argentina\/wurth-se-presenta-nuevamente-en-expoagro-2024\/\">\r\n\r\n      <img loading=\"lazy\" decoding=\"async\" width=\"2560\" height=\"1305\" src=\"https:\/\/www.wurth.com.ar\/blog\/wp-content\/uploads\/2024\/01\/expoagro-2024-destacada-e1705592384593.jpg\" class=\"attachment-full size-full wp-post-image\" alt=\"\" srcset=\"https:\/\/www.wurth.com.ar\/blog\/wp-content\/uploads\/2024\/01\/expoagro-2024-destacada-e1705592384593.jpg 2560w, https:\/\/www.wurth.com.ar\/blog\/wp-content\/uploads\/2024\/01\/expoagro-2024-destacada-e1705592384593-300x153.jpg 300w, https:\/\/www.wurth.com.ar\/blog\/wp-content\/uploads\/2024\/01\/expoagro-2024-destacada-e1705592384593-1024x522.jpg 1024w, https:\/\/www.wurth.com.ar\/blog\/wp-content\/uploads\/2024\/01\/expoagro-2024-destacada-e1705592384593-768x392.jpg 768w, https:\/\/www.wurth.com.ar\/blog\/wp-content\/uploads\/2024\/01\/expoagro-2024-destacada-e1705592384593-1536x783.jpg 1536w, https:\/\/www.wurth.com.ar\/blog\/wp-content\/uploads\/2024\/01\/expoagro-2024-destacada-e1705592384593-2048x1044.jpg 2048w\" sizes=\"(max-width: 2560px) 100vw, 2560px\" \/>\r\n\r\n    <\/a>\r\n  <\/div>\r\n\r\n  <a class=\"title post_title\"  title=\"W\u00fcrth se presenta nuevamente en ExpoAgro 2024\" href=\"https:\/\/www.wurth.com.ar\/blog\/eventos-en-wurth-argentina\/wurth-se-presenta-nuevamente-en-expoagro-2024\/\">\r\n        W\u00fcrth se presenta nuevamente en ExpoAgro 2024  <\/a>\r\n\r\n  <p class=\"excerpt post_excerpt\">\r\n    W\u00fcrth Argentina participar\u00e1 nuevamente en ExpoAgro 2024, el evento l\u00edder del sector que re\u00fane a los principales exponentes de la <a class=\"read-more\" href=\"https:\/\/www.wurth.com.ar\/blog\/eventos-en-wurth-argentina\/wurth-se-presenta-nuevamente-en-expoagro-2024\/\"> Leer m\u00e1s<\/a>  <\/p>\r\n        <\/div>\r\n              <div class=\"item\">\r\n            <div class=\"thumb post_thumb\">\r\n    <a  title=\"D\u00eda internacional de la seguridad y la salud en el trabajo\" href=\"https:\/\/www.wurth.com.ar\/blog\/sin-categoria\/dia-internacional-de-la-seguridad-y-la-salud-en-el-trabajo\/\">\r\n\r\n      <img loading=\"lazy\" decoding=\"async\" width=\"1500\" height=\"844\" src=\"https:\/\/www.wurth.com.ar\/blog\/wp-content\/uploads\/2024\/04\/amoladora-destacada-2.jpg\" class=\"attachment-full size-full wp-post-image\" alt=\"\" srcset=\"https:\/\/www.wurth.com.ar\/blog\/wp-content\/uploads\/2024\/04\/amoladora-destacada-2.jpg 1500w, https:\/\/www.wurth.com.ar\/blog\/wp-content\/uploads\/2024\/04\/amoladora-destacada-2-300x169.jpg 300w, https:\/\/www.wurth.com.ar\/blog\/wp-content\/uploads\/2024\/04\/amoladora-destacada-2-1024x576.jpg 1024w, https:\/\/www.wurth.com.ar\/blog\/wp-content\/uploads\/2024\/04\/amoladora-destacada-2-768x432.jpg 768w\" sizes=\"(max-width: 1500px) 100vw, 1500px\" \/>\r\n\r\n    <\/a>\r\n  <\/div>\r\n\r\n  <a class=\"title post_title\"  title=\"D\u00eda internacional de la seguridad y la salud en el trabajo\" href=\"https:\/\/www.wurth.com.ar\/blog\/sin-categoria\/dia-internacional-de-la-seguridad-y-la-salud-en-el-trabajo\/\">\r\n        D\u00eda internacional de la seguridad y la salud en el trabajo  <\/a>\r\n\r\n  <p class=\"excerpt post_excerpt\">\r\n    El 28 de abril marca un hecho clave en el calendario laboral como el D\u00eda Mundial de la Seguridad y <a class=\"read-more\" href=\"https:\/\/www.wurth.com.ar\/blog\/sin-categoria\/dia-internacional-de-la-seguridad-y-la-salud-en-el-trabajo\/\"> Leer m\u00e1s<\/a>  <\/p>\r\n        <\/div>\r\n              <div class=\"item\">\r\n            <div class=\"thumb post_thumb\">\r\n    <a  title=\"Protecci\u00f3n, limpieza y cuidado\" href=\"https:\/\/www.wurth.com.ar\/blog\/caja-de-herramientas\/proteccion-limpieza-y-cuidado\/\">\r\n\r\n      <img loading=\"lazy\" decoding=\"async\" width=\"1000\" height=\"662\" src=\"https:\/\/www.wurth.com.ar\/blog\/wp-content\/uploads\/2024\/06\/crema.avif\" class=\"attachment-full size-full wp-post-image\" alt=\"\" srcset=\"https:\/\/www.wurth.com.ar\/blog\/wp-content\/uploads\/2024\/06\/crema.avif 1000w, https:\/\/www.wurth.com.ar\/blog\/wp-content\/uploads\/2024\/06\/crema-300x199.avif 300w, https:\/\/www.wurth.com.ar\/blog\/wp-content\/uploads\/2024\/06\/crema-768x508.avif 768w\" sizes=\"(max-width: 1000px) 100vw, 1000px\" \/>\r\n\r\n    <\/a>\r\n  <\/div>\r\n\r\n  <a class=\"title post_title\"  title=\"Protecci\u00f3n, limpieza y cuidado\" href=\"https:\/\/www.wurth.com.ar\/blog\/caja-de-herramientas\/proteccion-limpieza-y-cuidado\/\">\r\n        Protecci\u00f3n, limpieza y cuidado  <\/a>\r\n\r\n  <p class=\"excerpt post_excerpt\">\r\n    En nuestro d\u00eda a d\u00eda, nuestras manos enfrentan desaf\u00edos constantes. Desde trabajos pesados hasta tareas cotidianas, las manos acumulan suciedad <a class=\"read-more\" href=\"https:\/\/www.wurth.com.ar\/blog\/caja-de-herramientas\/proteccion-limpieza-y-cuidado\/\"> Leer m\u00e1s<\/a>  <\/p>\r\n        <\/div>\r\n              <div class=\"item\">\r\n            <div class=\"thumb post_thumb\">\r\n    <a  title=\"Caja de herramientas profesional: lo que no puede faltar\" href=\"https:\/\/www.wurth.com.ar\/blog\/caja-de-herramientas\/caja-de-herramientas-profesional-lo-que-no-puede-faltar\/\">\r\n\r\n      <img loading=\"lazy\" decoding=\"async\" width=\"500\" height=\"333\" src=\"https:\/\/www.wurth.com.ar\/blog\/wp-content\/uploads\/2022\/11\/destacada-caja-de-herramientas.jpg\" class=\"attachment-full size-full wp-post-image\" alt=\"caja de herramientas\" srcset=\"https:\/\/www.wurth.com.ar\/blog\/wp-content\/uploads\/2022\/11\/destacada-caja-de-herramientas.jpg 500w, https:\/\/www.wurth.com.ar\/blog\/wp-content\/uploads\/2022\/11\/destacada-caja-de-herramientas-300x200.jpg 300w\" sizes=\"(max-width: 500px) 100vw, 500px\" \/>\r\n\r\n    <\/a>\r\n  <\/div>\r\n\r\n  <a class=\"title post_title\"  title=\"Caja de herramientas profesional: lo que no puede faltar\" href=\"https:\/\/www.wurth.com.ar\/blog\/caja-de-herramientas\/caja-de-herramientas-profesional-lo-que-no-puede-faltar\/\">\r\n        Caja de herramientas profesional: lo que no puede faltar  <\/a>\r\n\r\n  <p class=\"excerpt post_excerpt\">\r\n    Una caja de herramientas profesional es un recurso indispensable para un trabajador. De no contar con una completa, muchas tareas <a class=\"read-more\" href=\"https:\/\/www.wurth.com.ar\/blog\/caja-de-herramientas\/caja-de-herramientas-profesional-lo-que-no-puede-faltar\/\"> Leer m\u00e1s<\/a>  <\/p>\r\n        <\/div>\r\n              <div class=\"item\">\r\n            <div class=\"thumb post_thumb\">\r\n    <a  title=\"Gu\u00eda definitiva para usar cinta de enmascarar automotriz sin filtraciones\" href=\"https:\/\/www.wurth.com.ar\/blog\/sin-categoria\/guia-definitiva-para-usar-cinta-de-enmascarar-automotriz-sin-filtraciones\/\">\r\n\r\n      <img loading=\"lazy\" decoding=\"async\" width=\"2560\" height=\"1707\" src=\"https:\/\/www.wurth.com.ar\/blog\/wp-content\/uploads\/2024\/01\/chapa-y-pitura-2.jpg\" class=\"attachment-full size-full wp-post-image\" alt=\"\" srcset=\"https:\/\/www.wurth.com.ar\/blog\/wp-content\/uploads\/2024\/01\/chapa-y-pitura-2.jpg 2560w, https:\/\/www.wurth.com.ar\/blog\/wp-content\/uploads\/2024\/01\/chapa-y-pitura-2-300x200.jpg 300w, https:\/\/www.wurth.com.ar\/blog\/wp-content\/uploads\/2024\/01\/chapa-y-pitura-2-1024x683.jpg 1024w, https:\/\/www.wurth.com.ar\/blog\/wp-content\/uploads\/2024\/01\/chapa-y-pitura-2-768x512.jpg 768w, https:\/\/www.wurth.com.ar\/blog\/wp-content\/uploads\/2024\/01\/chapa-y-pitura-2-1536x1024.jpg 1536w, https:\/\/www.wurth.com.ar\/blog\/wp-content\/uploads\/2024\/01\/chapa-y-pitura-2-2048x1366.jpg 2048w\" sizes=\"(max-width: 2560px) 100vw, 2560px\" \/>\r\n\r\n    <\/a>\r\n  <\/div>\r\n\r\n  <a class=\"title post_title\"  title=\"Gu\u00eda definitiva para usar cinta de enmascarar automotriz sin filtraciones\" href=\"https:\/\/www.wurth.com.ar\/blog\/sin-categoria\/guia-definitiva-para-usar-cinta-de-enmascarar-automotriz-sin-filtraciones\/\">\r\n        Gu\u00eda definitiva para usar cinta de enmascarar automotriz sin filtraciones  <\/a>\r\n\r\n  <p class=\"excerpt post_excerpt\">\r\n    \u00bfAlguna vez te preguntaste c\u00f3mo los profesionales consiguen ese acabado impecable en la pintura de los autos, libre de cualquier <a class=\"read-more\" href=\"https:\/\/www.wurth.com.ar\/blog\/sin-categoria\/guia-definitiva-para-usar-cinta-de-enmascarar-automotriz-sin-filtraciones\/\"> Leer m\u00e1s<\/a>  <\/p>\r\n        <\/div>\r\n              <div class=\"item\">\r\n            <div class=\"thumb post_thumb\">\r\n    <a  title=\"Alicate herramienta: para qu\u00e9 sirve, qu\u00e9 es y c\u00f3mo afilar\" href=\"https:\/\/www.wurth.com.ar\/blog\/caja-de-herramientas\/alicate-herramienta-para-que-sirve-que-es-y-como-afilar\/\">\r\n\r\n              <img decoding=\"async\" src=\"\" title=\"Alicate herramienta: para qu\u00e9 sirve, qu\u00e9 es y c\u00f3mo afilar\" alt=\"Alicate herramienta: para qu\u00e9 sirve, qu\u00e9 es y c\u00f3mo afilar\">\r\n\r\n      \r\n\r\n    <\/a>\r\n  <\/div>\r\n\r\n  <a class=\"title post_title\"  title=\"Alicate herramienta: para qu\u00e9 sirve, qu\u00e9 es y c\u00f3mo afilar\" href=\"https:\/\/www.wurth.com.ar\/blog\/caja-de-herramientas\/alicate-herramienta-para-que-sirve-que-es-y-como-afilar\/\">\r\n        Alicate herramienta: para qu\u00e9 sirve, qu\u00e9 es y c\u00f3mo afilar  <\/a>\r\n\r\n  <p class=\"excerpt post_excerpt\">\r\n    Para uso profesional o dom\u00e9stico, un alicate es una de las herramientas m\u00e1s necesarias para nuestra caja de herramientas, debido <a class=\"read-more\" href=\"https:\/\/www.wurth.com.ar\/blog\/caja-de-herramientas\/alicate-herramienta-para-que-sirve-que-es-y-como-afilar\/\"> Leer m\u00e1s<\/a>  <\/p>\r\n        <\/div>\r\n      \r\n  <\/div>\r\n\r\n  <script>\r\n      <\/script>\r\n  <style>\r\n    .related-post {}\r\n\r\n    .related-post .post-list {\r\n      text-align: left;\r\n          }\r\n\r\n    .related-post .post-list .item {\r\n      margin: 10px;\r\n      padding: 5px;\r\n          }\r\n\r\n    .related-post .headline {\r\n      font-size: 18px !important;\r\n      color: #999999 !important;\r\n          }\r\n\r\n    .related-post .post-list .item .post_thumb {\r\n      max-height: 220px;\r\n      margin: 10px 0px;\r\n      padding: 0px;\r\n      display: block;\r\n          }\r\n\r\n    .related-post .post-list .item .post_title {\r\n      font-size: 16px;\r\n      color: #3f3f3f;\r\n      margin: 10px 0px;\r\n      padding: 0px;\r\n      display: block;\r\n      text-decoration: none;\r\n          }\r\n\r\n    .related-post .post-list .item .post_excerpt {\r\n      font-size: 13px;\r\n      color: #3f3f3f;\r\n      margin: 10px 0px;\r\n      padding: 0px;\r\n      display: block;\r\n      text-decoration: none;\r\n          }\r\n\r\n    @media only screen and (min-width: 1024px) {\r\n      .related-post .post-list .item {\r\n        width: 45%;\r\n      }\r\n    }\r\n\r\n    @media only screen and (min-width: 768px) and (max-width: 1023px) {\r\n      .related-post .post-list .item {\r\n        width: 90%;\r\n      }\r\n    }\r\n\r\n    @media only screen and (min-width: 0px) and (max-width: 767px) {\r\n      .related-post .post-list .item {\r\n        width: 90%;\r\n      }\r\n    }\r\n\r\n      <\/style>\r\n    <\/div>\r\n","protected":false},"excerpt":{"rendered":"<p>El arreglo de la carrocer\u00eda u otros inconvenientes relacionados con los soportes de los veh\u00edculos requiere de este producto para nivelar la superficie de manera correcta. No obstante, cada material y problema necesita de una masilla especial, las cuales se diferencian entre s\u00ed a partir de sus caracter\u00edsticas. Es decir, no es lo mismo un &#8230; <a title=\"\u00bfC\u00f3mo elegir la abrazadera ideal?\" class=\"read-more\" href=\"https:\/\/www.wurth.com.ar\/blog\/sin-categoria\/como-elegir-la-abrazadera-ideal\/\" aria-label=\"More on \u00bfC\u00f3mo elegir la abrazadera ideal?\">Leer m\u00e1s<\/a><\/p>\n","protected":false},"author":3,"featured_media":2268,"comment_status":"closed","ping_status":"open","sticky":false,"template":"","format":"standard","meta":{"footnotes":""},"categories":[44,25,40,32],"tags":[],"_links":{"self":[{"href":"https:\/\/www.wurth.com.ar\/blog\/wp-json\/wp\/v2\/posts\/2264"}],"collection":[{"href":"https:\/\/www.wurth.com.ar\/blog\/wp-json\/wp\/v2\/posts"}],"about":[{"href":"https:\/\/www.wurth.com.ar\/blog\/wp-json\/wp\/v2\/types\/post"}],"author":[{"embeddable":true,"href":"https:\/\/www.wurth.com.ar\/blog\/wp-json\/wp\/v2\/users\/3"}],"replies":[{"embeddable":true,"href":"https:\/\/www.wurth.com.ar\/blog\/wp-json\/wp\/v2\/comments?post=2264"}],"version-history":[{"count":2,"href":"https:\/\/www.wurth.com.ar\/blog\/wp-json\/wp\/v2\/posts\/2264\/revisions"}],"predecessor-version":[{"id":2267,"href":"https:\/\/www.wurth.com.ar\/blog\/wp-json\/wp\/v2\/posts\/2264\/revisions\/2267"}],"wp:featuredmedia":[{"embeddable":true,"href":"https:\/\/www.wurth.com.ar\/blog\/wp-json\/wp\/v2\/media\/2268"}],"wp:attachment":[{"href":"https:\/\/www.wurth.com.ar\/blog\/wp-json\/wp\/v2\/media?parent=2264"}],"wp:term":[{"taxonomy":"category","embeddable":true,"href":"https:\/\/www.wurth.com.ar\/blog\/wp-json\/wp\/v2\/categories?post=2264"},{"taxonomy":"post_tag","embeddable":true,"href":"https:\/\/www.wurth.com.ar\/blog\/wp-json\/wp\/v2\/tags?post=2264"}],"curies":[{"name":"wp","href":"https:\/\/api.w.org\/{rel}","templated":true}]}}