{"id":2248,"date":"2024-09-19T14:18:21","date_gmt":"2024-09-19T17:18:21","guid":{"rendered":"https:\/\/www.wurth.com.ar\/blog\/?p=2248"},"modified":"2024-09-19T14:18:28","modified_gmt":"2024-09-19T17:18:28","slug":"5-herramientas-de-corte-que-todo-profesional-necesita","status":"publish","type":"post","link":"https:\/\/www.wurth.com.ar\/blog\/sin-categoria\/5-herramientas-de-corte-que-todo-profesional-necesita\/","title":{"rendered":"5 herramientas de corte que todo profesional necesita"},"content":{"rendered":"<p><span style=\"font-weight: 400;\">En el mundo del corte y la construcci\u00f3n, contar con las herramientas adecuadas es esencial para lograr un trabajo preciso y eficiente. No importa si sos un profesional experimentado o un aprendiz en el taller, tener las mejores herramientas de corte puede marcar una gran diferencia en la calidad y rapidez de tu trabajo.\u00a0<\/span><\/p>\n<p><span style=\"font-weight: 400;\">\u00bfTe gustar\u00eda saber cu\u00e1les son las herramientas de corte que no pueden faltar en tu kit? Segu\u00ed leyendo para conocer cu\u00e1les son las <\/span><b>5 herramientas de corte <\/b><span style=\"font-weight: 400;\">indispensables que todo profesional debe tener.<\/span><\/p>\n<p><span style=\"font-weight: 400;\">Conocer <\/span><a href=\"https:\/\/www.wurth.com.ar\/es\/tienda\/corte-y-taladro\/\"><b>qu\u00e9 es una herramienta de corte<\/b><\/a><span style=\"font-weight: 400;\"> y c\u00f3mo elegir la adecuada para cada tarea te permitir\u00e1 optimizar tu tiempo y obtener resultados superiores. Ya sea para cortar metal, madera, o incluso para realizar perforaciones precisas, estas herramientas te brindar\u00e1n la precisi\u00f3n y eficacia que necesit\u00e1s.\u00a0<\/span><\/p>\n<span class='mb-center maxbutton-1-center'><span class='maxbutton-1-container mb-container'><a class=\"maxbutton-1 maxbutton maxbutton-boton\" target=\"_blank\" rel=\"noopener\" href=\"https:\/\/www.wurth.com.ar\/\"><span class='mb-text'>VISIT\u00c1 NUESTRO SITIO WEB<\/span><\/a><\/span><\/span>\n<h2><span style=\"font-weight: 400;\">\u00bfQu\u00e9 es una herramienta de corte?<\/span><\/h2>\n<p><span style=\"font-weight: 400;\">Una herramienta de corte es un instrumento dise\u00f1ado para cortar, dividir o esculpir materiales mediante la aplicaci\u00f3n de una fuerza precisa. Estas herramientas tienen una <\/span><b>biselada o afilada<\/b><span style=\"font-weight: 400;\"> para permitir un corte limpio y eficiente en diversos tipos de materiales como madera, metal, pl\u00e1stico, y otros.<\/span><\/p>\n<h3><span style=\"font-weight: 400;\">Caracter\u00edsticas claves de una herramienta de corte<\/span><\/h3>\n<ol>\n<li style=\"font-weight: 400;\" aria-level=\"1\"><b>Bisel o filo afilado<\/b><span style=\"font-weight: 400;\">: la parte que realiza el corte. Dependiendo del material a cortar, el bisel puede tener diferentes formas y \u00e1ngulos para optimizar el rendimiento.<\/span><\/li>\n<li style=\"font-weight: 400;\" aria-level=\"1\"><b>Material de fabricaci\u00f3n<\/b><span style=\"font-weight: 400;\">: muchas herramientas de corte est\u00e1n hechas de acero, carburo o cer\u00e1mica, que ofrecen durabilidad y resistencia al desgaste.<\/span><\/li>\n<li style=\"font-weight: 400;\" aria-level=\"1\"><b>Dise\u00f1o ergon\u00f3mico<\/b><span style=\"font-weight: 400;\">: muchas herramientas est\u00e1n dise\u00f1adas para ser c\u00f3modas en el uso, con mangos y formas que facilitan el manejo.<\/span><\/li>\n<\/ol>\n<h3><span style=\"font-weight: 400;\">Tipos comunes de herramientas de corte<\/span><\/h3>\n<ul>\n<li style=\"font-weight: 400;\" aria-level=\"1\"><b>Cuchillas<\/b><span style=\"font-weight: 400;\">: utilizadas para cortar materiales ligeros como papel y cart\u00f3n.<\/span><\/li>\n<li style=\"font-weight: 400;\" aria-level=\"1\"><b>Sierras<\/b><span style=\"font-weight: 400;\">: ideales para cortar madera, metal y otros materiales duros.<\/span><\/li>\n<li style=\"font-weight: 400;\" aria-level=\"1\"><b>Amoladoras<\/b><span style=\"font-weight: 400;\">: utilizadas para cortar y pulir materiales como metal y piedra.<\/span><\/li>\n<li style=\"font-weight: 400;\" aria-level=\"1\"><b>Mechas para taladro<\/b><span style=\"font-weight: 400;\">: dise\u00f1adas para perforar diversos materiales, como madera y metal.<\/span><\/li>\n<\/ul>\n<p><span style=\"font-weight: 400;\">        <div id=\"ba-api-productos-container\">\n            <!-- Iterar sobre los resultados filtrados y ordenados para mostrar cada producto -->\n                            <div class=\"ba-api-caja-grid\">\n                    <div class=\"grid-container ba-api-caja-centrada\">                        \n                        <div class=\"grid-50 ba-api-ancho-60\">\n                            <p class=\"ba-api-marca-texto\">\n                                <span class=\"ba-api-marca-producto ba-api-marca-producto-color-uno\">\n                                    Wurth Argentina                                <\/span>\n                            <\/p>\n                            <a class=\"ba-api-grid-titulo\" href=\"https:\/\/www.wurth.com.ar\/tienda\/amoladora-neumatica-41.html\" target=\"_blank\">\n                                Amoladora Neumatica 4\"                            <\/a>\n                            <hr class=\"separador\">\n                            <p class=\"ba-api-marca-texto\">\n                                <span><strong>Descripci\u00f3n:<\/strong> <br\/><\/span><br>\n                            <\/p>\n                        <\/div>\n                        <div class=\"grid-50 ba-api-ancho-40\">\n                            <a href=\"https:\/\/www.wurth.com.ar\/tienda\/amoladora-neumatica-41.html\" target=\"_blank\" rel=\"nofollow\">\n                                <img decoding=\"async\" class=\"ba-api-grid-imagen-individual\" src=\"https:\/\/www.wurth.com.ar\/img\/productos\/351523-gr-amoladora-neumatica-41.jpg\" alt=\"Amoladora Neumatica 4\"\" width=\"100%\" \/>\n                            <\/a>\n                        <\/div>\n                    <\/div>\n                    <a id=\"boton-blog-producto\" class=\"ba-api-boton-con-precio\" href=\"https:\/\/www.wurth.com.ar\/tienda\/amoladora-neumatica-41.html?utm_medium=https:\/\/www.wurth.com.ar\/blog\/sin-categoria\/guia-definitiva-para-usar-cinta-de-enmascarar-automotriz-sin-filtraciones\/&utm_source=WurthBlog\" rel=\"nofollow\" target=\"_blank\">VER PRODUCTO<\/a>\n                <\/div>\n                            <div class=\"ba-api-caja-grid\">\n                    <div class=\"grid-container ba-api-caja-centrada\">                        \n                        <div class=\"grid-50 ba-api-ancho-60\">\n                            <p class=\"ba-api-marca-texto\">\n                                <span class=\"ba-api-marca-producto ba-api-marca-producto-color-uno\">\n                                    Wurth Argentina                                <\/span>\n                            <\/p>\n                            <a class=\"ba-api-grid-titulo\" href=\"https:\/\/www.wurth.com.ar\/tienda\/amoladora-neumatica-para-disco-mini.html\" target=\"_blank\">\n                                Amoladora Neumatica Para Disco Mini                            <\/a>\n                            <hr class=\"separador\">\n                            <p class=\"ba-api-marca-texto\">\n                                <span><strong>Descripci\u00f3n:<\/strong> <br\/><\/span><br>\n                            <\/p>\n                        <\/div>\n                        <div class=\"grid-50 ba-api-ancho-40\">\n                            <a href=\"https:\/\/www.wurth.com.ar\/tienda\/amoladora-neumatica-para-disco-mini.html\" target=\"_blank\" rel=\"nofollow\">\n                                <img decoding=\"async\" class=\"ba-api-grid-imagen-individual\" src=\"https:\/\/www.wurth.com.ar\/img\/productos\/351615-gr-amoladora-neumatica-para-disco-mini.jpg\" alt=\"Amoladora Neumatica Para Disco Mini\" width=\"100%\" \/>\n                            <\/a>\n                        <\/div>\n                    <\/div>\n                    <a id=\"boton-blog-producto\" class=\"ba-api-boton-con-precio\" href=\"https:\/\/www.wurth.com.ar\/tienda\/amoladora-neumatica-para-disco-mini.html?utm_medium=https:\/\/www.wurth.com.ar\/blog\/sin-categoria\/guia-definitiva-para-usar-cinta-de-enmascarar-automotriz-sin-filtraciones\/&utm_source=WurthBlog\" rel=\"nofollow\" target=\"_blank\">VER PRODUCTO<\/a>\n                <\/div>\n                        <span class=\"fecha-update\">\u00daltima actualizaci\u00f3n: 2026-04-26 13:19:06<\/span>\n        <\/div>\n\n\t\t<script>\n\t\t  \/\/ Espera a que el DOM est\u00e9 completamente cargado\n\t\t  document.addEventListener('DOMContentLoaded', function() {\n\t\t\t\/\/ Selecciona el elemento por su ID\n\t\t\tvar botonBlogProducto = document.getElementById('boton-blog-producto');\n\n\t\t\t\/\/ Verifica si el elemento existe\n\t\t\tif (botonBlogProducto) {\n\t\t\t  \/\/ A\u00f1ade un evento de clic al elemento\n\t\t\t  botonBlogProducto.addEventListener('click', function() {\n\t\t\t\t\/\/ Env\u00eda el evento a Google Analytics 4\n\t\t\t\tgtag('event', 'click_boton_blog_producto', {\n\t\t\t\t  'event_category': 'boton',\n\t\t\t\t  'event_label': 'blog_producto'\n\t\t\t\t});\n\t\t\t  });\n\t\t\t}\n\t\t  });\n\t\t<\/script>\n\n<\/span><\/p>\n<h2><span style=\"font-weight: 400;\">\u00bfCu\u00e1les son las 5 herramientas de corte indispensables?<\/span><\/h2>\n<p><span style=\"font-weight: 400;\">Cuando se trata de trabajos de corte, ya sea en el hogar o en el entorno profesional, la precisi\u00f3n y la eficiencia son esenciales.<\/span><\/p>\n<p><span style=\"font-weight: 400;\">Si alguna vez te preguntaste qu\u00e9 herramientas son imprescindibles para garantizar cortes limpios y efectivos, est\u00e1s en el lugar correcto. En esta secci\u00f3n, te mostraremos las <\/span><b>5 herramientas de corte indispensables<\/b><span style=\"font-weight: 400;\"> que todo profesional deber\u00eda tener en su caja de herramientas.<\/span><\/p>\n<h3><span style=\"font-weight: 400;\">1. Sierras<\/span><\/h3>\n<p><span style=\"font-weight: 400;\">Las <\/span><b>sierras de W\u00fcrth <\/b><span style=\"font-weight: 400;\">son una herramienta robusta y vers\u00e1til que se utiliza para realizar cortes rectos y precisos perfiles de aluminio, fibra de<br \/>\nvidrio, pl\u00e1sticos y l\u00e1minas de metal.\u00a0<\/span><\/p>\n<p><b>Uso recomendado<\/b><span style=\"font-weight: 400;\">: perfecta para trabajos de fabricaci\u00f3n de ventanas, instalaci\u00f3n de equipos de audio, construcci\u00f3n y renovaci\u00f3n.<\/span><\/p>\n<h3><span style=\"font-weight: 400;\">2. Mechas para taladro<\/span><\/h3>\n<p><span style=\"font-weight: 400;\">Las <\/span><b>mechas para taladro<\/b><span style=\"font-weight: 400;\"> son esenciales para perforar una variedad de materiales, desde madera y metal hasta concreto. Tener una buena selecci\u00f3n de mechas garantiza que puedas abordar diferentes tipos de perforaciones con facilidad.<\/span><\/p>\n<p><b>Tipos de mechas:<\/b><\/p>\n<ul>\n<li style=\"font-weight: 400;\" aria-level=\"1\"><a href=\"https:\/\/www.wurth.com.ar\/es\/tienda\/corte-y-taladro\/brocas-y-mechas\/\"><b>Mechas para pared<\/b><\/a><span style=\"font-weight: 400;\">: estas mechas est\u00e1n dise\u00f1adas espec\u00edficamente para perforar superficies duras como ladrillo y concreto. Son ideales para instalar anclajes o soportes en paredes.<\/span><\/li>\n<li style=\"font-weight: 400;\" aria-level=\"1\"><a href=\"https:\/\/www.wurth.com.ar\/es\/tienda\/corte-y-taladro\/brocas-y-mechas\/\"><b>Mechas para taladro<\/b><\/a><span style=\"font-weight: 400;\">: vers\u00e1tiles y aptas para perforar madera, metal y otros materiales.<\/span><\/li>\n<\/ul>\n<p><b>Ventajas:<\/b><\/p>\n<ul>\n<li style=\"font-weight: 400;\" aria-level=\"1\"><b>Versatilidad<\/b><span style=\"font-weight: 400;\">: adaptables a diferentes materiales de perforaci\u00f3n.<\/span><\/li>\n<li style=\"font-weight: 400;\" aria-level=\"1\"><b>Precisi\u00f3n<\/b><span style=\"font-weight: 400;\">: permiten perforaciones limpias y exactas.<\/span><\/li>\n<li style=\"font-weight: 400;\" aria-level=\"1\"><b>Durabilidad<\/b><span style=\"font-weight: 400;\">: est\u00e1n dise\u00f1adas para soportar el desgaste y la fricci\u00f3n durante el uso.<\/span><\/li>\n<\/ul>\n<p><b>Uso recomendado<\/b><span style=\"font-weight: 400;\">: ideal para profesionales de la construcci\u00f3n, electricistas y cualquier persona que necesite perforar diversos tipos de materiales.<\/span><\/p>\n<h3><span style=\"font-weight: 400;\">3. Cutters y cuchillas de precisi\u00f3n\u00a0<\/span><\/h3>\n<p><span style=\"font-weight: 400;\">Nuestros <a href=\"https:\/\/www.wurth.com.ar\/es\/tienda\/herramientas-manuales\/cutters-cuchillas-y-espatulas\/cutter-9-mm.html\">Cutters<\/a> son una herramienta b\u00e1sica pero fundamental para cortar con exactitud materiales ligeros como papel, cart\u00f3n y vinilo. Su dise\u00f1o compacto y afilado permite realizar cortes detallados y finos.<\/span><\/p>\n<p><b>Uso recomendado<\/b><span style=\"font-weight: 400;\">: perfecta para artistas, dise\u00f1adores y cualquier persona que necesite realizar cortes precisos en materiales ligeros.<\/span><\/p>\n<h3><span style=\"font-weight: 400;\">4. <a href=\"https:\/\/www.wurth.com.ar\/es\/tienda\/herramientas-neumaticas\/amoladoras\/\">Amoladora angular<\/a><\/span><\/h3>\n<p><span style=\"font-weight: 400;\">La <\/span><b>amoladora angular<\/b><span style=\"font-weight: 400;\"> es una herramienta multifuncional que se utiliza para cortar, desbastar y pulir materiales duros como metal y piedra. Su potencia y versatilidad la hacen indispensable para tareas que requieren un trabajo de acabado.<\/span><\/p>\n<p><b>Usos comunes:<\/b><\/p>\n<ul>\n<li style=\"font-weight: 400;\" aria-level=\"1\"><b>Corte de metal y piedra<\/b><span style=\"font-weight: 400;\">: ideal para cortar tuber\u00edas, varillas y baldosas.<\/span><\/li>\n<li style=\"font-weight: 400;\" aria-level=\"1\"><b>Desbaste<\/b><span style=\"font-weight: 400;\">: elimina materiales sobrantes y alisa superficies.<\/span><\/li>\n<li style=\"font-weight: 400;\" aria-level=\"1\"><b>Pulido<\/b><span style=\"font-weight: 400;\">: da un acabado brillante a superficies met\u00e1licas y de piedra.<\/span><\/li>\n<\/ul>\n<p><b>Uso recomendado<\/b><span style=\"font-weight: 400;\">: esencial para talleres de metalurgia, construcci\u00f3n y trabajos de remodelaci\u00f3n.<\/span><\/p>\n<h3><span style=\"font-weight: 400;\">5. <a href=\"https:\/\/www.wurth.com.ar\/es\/tienda\/herramientas-manuales\/pinzas\/pinzas-vde-linea-completa.html\">Tijeras de electricista<\/a><\/span><\/h3>\n<p><span style=\"font-weight: 400;\">Las <\/span><b>tijeras de electricista<\/b><span style=\"font-weight: 400;\"> son herramientas dise\u00f1adas espec\u00edficamente para cortar cables y realizar trabajos de instalaci\u00f3n el\u00e9ctrica. Su dise\u00f1o ergon\u00f3mico y sus hojas afiladas permiten realizar cortes precisos y seguros.<\/span><\/p>\n<p><b>Uso recomendado<\/b><span style=\"font-weight: 400;\">: ideal para electricistas y profesionales que trabajen con instalaciones el\u00e9ctricas.<\/span><\/p>\n<h2><span style=\"font-weight: 400;\">C\u00f3mo elegir la herramienta de corte adecuada<\/span><\/h2>\n<p><span style=\"font-weight: 400;\">Elegir la <\/span><b>herramienta de corte adecuada<\/b><span style=\"font-weight: 400;\"> puede ser un desaf\u00edo, especialmente dado el amplio rango de opciones disponibles y las diferentes necesidades que puedan surgir en cada proyecto.\u00a0<\/span><\/p>\n<p><span style=\"font-weight: 400;\">Sin embargo, tomar decisiones informadas sobre qu\u00e9 herramienta usar puede marcar una gran diferencia en la eficiencia y calidad de tu trabajo. A continuaci\u00f3n, te dejamos algunos consejos detallados para ayudarte a elegir la herramienta de corte perfecta para tus necesidades:<\/span><\/p>\n<p><span style=\"font-weight: 400;\">La primera consideraci\u00f3n al elegir una herramienta de corte es el <\/span><b>material<\/b><span style=\"font-weight: 400;\"> que vas a cortar. Diferentes herramientas est\u00e1n dise\u00f1adas para trabajar con distintos tipos de materiales, y usar la herramienta adecuada asegura un corte limpio y eficiente.<\/span><\/p>\n<ul>\n<li style=\"font-weight: 400;\" aria-level=\"2\"><b>Para madera<\/b><span style=\"font-weight: 400;\">: las sierras circulares y las cuchillas de precisi\u00f3n son ideales para cortar madera. Asegurate de que la herramienta tenga dientes adecuados para evitar astillado.<\/span><\/li>\n<li style=\"font-weight: 400;\" aria-level=\"2\"><b>Para metal<\/b><span style=\"font-weight: 400;\">: las amoladoras angulares y las sierras de calar con hojas espec\u00edficas para metal son m\u00e1s adecuadas para cortar metal. Las mechas para taladro tambi\u00e9n son \u00fatiles para perforar metal.<\/span><\/li>\n<li style=\"font-weight: 400;\" aria-level=\"2\"><b>Para concreto o ladrillo<\/b><span style=\"font-weight: 400;\">: se requieren herramientas especializadas como sierras de pared o brocas de impacto. Las<\/span><a href=\"https:\/\/www.wurth.com.ar\/es\/tienda\/corte-y-taladro\/brocas-y-mechas\/\"> <b>mechas para pared<\/b><\/a><span style=\"font-weight: 400;\"> est\u00e1n dise\u00f1adas para perforar estos materiales duros de manera efectiva.<\/span><\/li>\n<li style=\"font-weight: 400;\" aria-level=\"2\"><b>Para pl\u00e1stico y acr\u00edlico<\/b><span style=\"font-weight: 400;\">: las cuchillas de precisi\u00f3n y las sierras de calar con hojas finas son recomendables para cortes limpios y sin desgarros.<\/span><\/li>\n<\/ul>\n<p><span style=\"font-weight: 400;\">Para las herramientas el\u00e9ctricas, la <\/span><b>potencia<\/b><span style=\"font-weight: 400;\"> es un factor crucial. La potencia determina la capacidad de la herramienta para realizar cortes profundos y precisos sin esfuerzo adicional.<\/span><\/p>\n<ul>\n<li style=\"font-weight: 400;\" aria-level=\"2\"><b>Herramientas el\u00e9ctricas<\/b><span style=\"font-weight: 400;\">: asegurate de que la herramienta tenga suficiente potencia para manejar el material con el que vas a trabajar.\u00a0<\/span><\/li>\n<li style=\"font-weight: 400;\" aria-level=\"2\"><b>Velocidad variable<\/b><span style=\"font-weight: 400;\">: algunas herramientas ofrecen configuraciones de velocidad variable que permiten ajustar la velocidad seg\u00fan el material y el tipo de corte necesario.<\/span><\/li>\n<li style=\"font-weight: 400;\" aria-level=\"2\"><b>Tipo de motor<\/b><span style=\"font-weight: 400;\">: los motores m\u00e1s potentes y eficientes proporcionan un rendimiento m\u00e1s consistente y prolongado, especialmente en tareas intensivas.<\/span><\/li>\n<\/ul>\n<p><span style=\"font-weight: 400;\">La <\/span><b>ergonom\u00eda<\/b><span style=\"font-weight: 400;\"> y la <\/span><b>comodidad<\/b><span style=\"font-weight: 400;\"> son aspectos fundamentales al elegir una herramienta de corte, especialmente si vas a utilizarla durante largos per\u00edodos. Nuestras herramientas son c\u00f3modas de manejar, reducen la fatiga y mejoran el d\u00eda a d\u00eda del trabajo.<\/span><\/p>\n<ul>\n<li style=\"font-weight: 400;\" aria-level=\"2\"><b>Dise\u00f1o del mango<\/b><span style=\"font-weight: 400;\">: eleg\u00ed herramientas con mangos antideslizantes. Estos dise\u00f1os ayudan a mantener un control firme y c\u00f3modo durante el uso.<\/span><\/li>\n<li style=\"font-weight: 400;\" aria-level=\"2\"><b>Peso y balance<\/b><span style=\"font-weight: 400;\">: una herramienta que sea demasiado pesada puede causar cansancio, mientras que una que est\u00e9 bien balanceada facilita un manejo m\u00e1s preciso.<\/span><\/li>\n<li style=\"font-weight: 400;\" aria-level=\"2\"><b>Controles de f\u00e1cil acceso<\/b><span style=\"font-weight: 400;\">: asegurate de que los controles, como los interruptores y ajustes, sean f\u00e1cilmente accesibles y manejables sin interrumpir el flujo de trabajo.<\/span><\/li>\n<\/ul>\n<span class='mb-center maxbutton-1-center'><span class='maxbutton-1-container mb-container'><a class=\"maxbutton-1 maxbutton maxbutton-boton\" target=\"_blank\" rel=\"noopener\" href=\"https:\/\/catalogo.wurth.com.ar\/mapas-de-proceso\/metalurgica\/\"><span class='mb-text'>CONOC\u00c9 NUESTROS CAT\u00c1LOGOS<\/span><\/a><\/span><\/span>\n<h2><span style=\"font-weight: 400;\">\u00a1A cortar con precisi\u00f3n y eficiencia!<\/span><\/h2>\n<p><span style=\"font-weight: 400;\">Ahora que conoc\u00e9s las <\/span><b>5 herramientas de corte <\/b><span style=\"font-weight: 400;\">indispensables, est\u00e1s listo para enfrentar cualquier proyecto con confianza y precisi\u00f3n. Ya sea que necesites una cutter para trabajos detallados o <\/span><a href=\"https:\/\/www.wurth.com.ar\/es\/tienda\/corte-y-taladro\/brocas-y-mechas\/\"><b>mechas para taladro<\/b><\/a><span style=\"font-weight: 400;\"> para perforaciones precisas, estas herramientas te asegurar\u00e1n resultados impecables.<\/span><\/p>\n<p><span style=\"font-weight: 400;\">Elegir las herramientas adecuadas y entender qu\u00e9 es una herramienta de corte es clave para optimizar tu trabajo y garantizar cortes limpios y eficientes. \u00a1No esperes m\u00e1s y equip\u00e1 tu caja de herramientas con estas imprescindibles!<\/span><\/p>\n<p><span style=\"font-weight: 400;\">\u00bfListo para mejorar tu rendimiento en tus proyectos? Descubr\u00ed m\u00e1s sobre las mejores herramientas de corte y llev\u00e1 tu trabajo al siguiente nivel.<\/span><\/p>\n  <div class=\"related-post grid\">\r\n      <div class=\"post-list \">\r\n\r\n            <div class=\"item\">\r\n            <div class=\"thumb post_thumb\">\r\n    <a  title=\"W\u00fcrth se presenta nuevamente en ExpoAgro 2024\" href=\"https:\/\/www.wurth.com.ar\/blog\/eventos-en-wurth-argentina\/wurth-se-presenta-nuevamente-en-expoagro-2024\/\">\r\n\r\n      <img loading=\"lazy\" decoding=\"async\" width=\"2560\" height=\"1305\" src=\"https:\/\/www.wurth.com.ar\/blog\/wp-content\/uploads\/2024\/01\/expoagro-2024-destacada-e1705592384593.jpg\" class=\"attachment-full size-full wp-post-image\" alt=\"\" srcset=\"https:\/\/www.wurth.com.ar\/blog\/wp-content\/uploads\/2024\/01\/expoagro-2024-destacada-e1705592384593.jpg 2560w, https:\/\/www.wurth.com.ar\/blog\/wp-content\/uploads\/2024\/01\/expoagro-2024-destacada-e1705592384593-300x153.jpg 300w, https:\/\/www.wurth.com.ar\/blog\/wp-content\/uploads\/2024\/01\/expoagro-2024-destacada-e1705592384593-1024x522.jpg 1024w, https:\/\/www.wurth.com.ar\/blog\/wp-content\/uploads\/2024\/01\/expoagro-2024-destacada-e1705592384593-768x392.jpg 768w, https:\/\/www.wurth.com.ar\/blog\/wp-content\/uploads\/2024\/01\/expoagro-2024-destacada-e1705592384593-1536x783.jpg 1536w, https:\/\/www.wurth.com.ar\/blog\/wp-content\/uploads\/2024\/01\/expoagro-2024-destacada-e1705592384593-2048x1044.jpg 2048w\" sizes=\"(max-width: 2560px) 100vw, 2560px\" \/>\r\n\r\n    <\/a>\r\n  <\/div>\r\n\r\n  <a class=\"title post_title\"  title=\"W\u00fcrth se presenta nuevamente en ExpoAgro 2024\" href=\"https:\/\/www.wurth.com.ar\/blog\/eventos-en-wurth-argentina\/wurth-se-presenta-nuevamente-en-expoagro-2024\/\">\r\n        W\u00fcrth se presenta nuevamente en ExpoAgro 2024  <\/a>\r\n\r\n  <p class=\"excerpt post_excerpt\">\r\n    W\u00fcrth Argentina participar\u00e1 nuevamente en ExpoAgro 2024, el evento l\u00edder del sector que re\u00fane a los principales exponentes de la <a class=\"read-more\" href=\"https:\/\/www.wurth.com.ar\/blog\/eventos-en-wurth-argentina\/wurth-se-presenta-nuevamente-en-expoagro-2024\/\"> Leer m\u00e1s<\/a>  <\/p>\r\n        <\/div>\r\n              <div class=\"item\">\r\n            <div class=\"thumb post_thumb\">\r\n    <a  title=\"Llega el Work Out Week de W\u00fcrth: herramientas exclusivas, ofertas y solidaridad\" href=\"https:\/\/www.wurth.com.ar\/blog\/eventos-en-wurth-argentina\/llega-el-work-out-week-de-wurth-herramientas-exclusivas-ofertas-y-solidaridad\/\">\r\n\r\n      <img loading=\"lazy\" decoding=\"async\" width=\"600\" height=\"200\" src=\"https:\/\/www.wurth.com.ar\/blog\/wp-content\/uploads\/2024\/04\/workouttt.jpg\" class=\"attachment-full size-full wp-post-image\" alt=\"\" srcset=\"https:\/\/www.wurth.com.ar\/blog\/wp-content\/uploads\/2024\/04\/workouttt.jpg 600w, https:\/\/www.wurth.com.ar\/blog\/wp-content\/uploads\/2024\/04\/workouttt-300x100.jpg 300w\" sizes=\"(max-width: 600px) 100vw, 600px\" \/>\r\n\r\n    <\/a>\r\n  <\/div>\r\n\r\n  <a class=\"title post_title\"  title=\"Llega el Work Out Week de W\u00fcrth: herramientas exclusivas, ofertas y solidaridad\" href=\"https:\/\/www.wurth.com.ar\/blog\/eventos-en-wurth-argentina\/llega-el-work-out-week-de-wurth-herramientas-exclusivas-ofertas-y-solidaridad\/\">\r\n        Llega el Work Out Week de W\u00fcrth: herramientas exclusivas, ofertas y solidaridad  <\/a>\r\n\r\n  <p class=\"excerpt post_excerpt\">\r\n    En W\u00fcrth, cada momento es una oportunidad para innovar y acercarnos m\u00e1s a nuestros clientes. Durante Abril, del 22 al <a class=\"read-more\" href=\"https:\/\/www.wurth.com.ar\/blog\/eventos-en-wurth-argentina\/llega-el-work-out-week-de-wurth-herramientas-exclusivas-ofertas-y-solidaridad\/\"> Leer m\u00e1s<\/a>  <\/p>\r\n        <\/div>\r\n              <div class=\"item\">\r\n            <div class=\"thumb post_thumb\">\r\n    <a  title=\"D\u00eda internacional de la seguridad y la salud en el trabajo\" href=\"https:\/\/www.wurth.com.ar\/blog\/sin-categoria\/dia-internacional-de-la-seguridad-y-la-salud-en-el-trabajo\/\">\r\n\r\n      <img loading=\"lazy\" decoding=\"async\" width=\"1500\" height=\"844\" src=\"https:\/\/www.wurth.com.ar\/blog\/wp-content\/uploads\/2024\/04\/amoladora-destacada-2.jpg\" class=\"attachment-full size-full wp-post-image\" alt=\"\" srcset=\"https:\/\/www.wurth.com.ar\/blog\/wp-content\/uploads\/2024\/04\/amoladora-destacada-2.jpg 1500w, https:\/\/www.wurth.com.ar\/blog\/wp-content\/uploads\/2024\/04\/amoladora-destacada-2-300x169.jpg 300w, https:\/\/www.wurth.com.ar\/blog\/wp-content\/uploads\/2024\/04\/amoladora-destacada-2-1024x576.jpg 1024w, https:\/\/www.wurth.com.ar\/blog\/wp-content\/uploads\/2024\/04\/amoladora-destacada-2-768x432.jpg 768w\" sizes=\"(max-width: 1500px) 100vw, 1500px\" \/>\r\n\r\n    <\/a>\r\n  <\/div>\r\n\r\n  <a class=\"title post_title\"  title=\"D\u00eda internacional de la seguridad y la salud en el trabajo\" href=\"https:\/\/www.wurth.com.ar\/blog\/sin-categoria\/dia-internacional-de-la-seguridad-y-la-salud-en-el-trabajo\/\">\r\n        D\u00eda internacional de la seguridad y la salud en el trabajo  <\/a>\r\n\r\n  <p class=\"excerpt post_excerpt\">\r\n    El 28 de abril marca un hecho clave en el calendario laboral como el D\u00eda Mundial de la Seguridad y <a class=\"read-more\" href=\"https:\/\/www.wurth.com.ar\/blog\/sin-categoria\/dia-internacional-de-la-seguridad-y-la-salud-en-el-trabajo\/\"> Leer m\u00e1s<\/a>  <\/p>\r\n        <\/div>\r\n              <div class=\"item\">\r\n            <div class=\"thumb post_thumb\">\r\n    <a  title=\"Remaches pop medidas: \u00bfCu\u00e1les son las medidas de los remaches?\" href=\"https:\/\/www.wurth.com.ar\/blog\/remachadoras\/remaches-pop-medidas-cuales-son-las-medidas-de-los-remaches\/\">\r\n\r\n      <img loading=\"lazy\" decoding=\"async\" width=\"632\" height=\"533\" src=\"https:\/\/www.wurth.com.ar\/blog\/wp-content\/uploads\/2022\/09\/remaches.jpg\" class=\"attachment-full size-full wp-post-image\" alt=\"tipos de remaches\" srcset=\"https:\/\/www.wurth.com.ar\/blog\/wp-content\/uploads\/2022\/09\/remaches.jpg 632w, https:\/\/www.wurth.com.ar\/blog\/wp-content\/uploads\/2022\/09\/remaches-300x253.jpg 300w\" sizes=\"(max-width: 632px) 100vw, 632px\" \/>\r\n\r\n    <\/a>\r\n  <\/div>\r\n\r\n  <a class=\"title post_title\"  title=\"Remaches pop medidas: \u00bfCu\u00e1les son las medidas de los remaches?\" href=\"https:\/\/www.wurth.com.ar\/blog\/remachadoras\/remaches-pop-medidas-cuales-son-las-medidas-de-los-remaches\/\">\r\n        Remaches pop medidas: \u00bfCu\u00e1les son las medidas de los remaches?  <\/a>\r\n\r\n  <p class=\"excerpt post_excerpt\">\r\n    Las medidas de los remaches pop son tan variadas que muchas veces no sabemos hasta cu\u00e1les existen y c\u00f3mo elegir <a class=\"read-more\" href=\"https:\/\/www.wurth.com.ar\/blog\/remachadoras\/remaches-pop-medidas-cuales-son-las-medidas-de-los-remaches\/\"> Leer m\u00e1s<\/a>  <\/p>\r\n        <\/div>\r\n              <div class=\"item\">\r\n            <div class=\"thumb post_thumb\">\r\n    <a  title=\"Protecci\u00f3n, limpieza y cuidado\" href=\"https:\/\/www.wurth.com.ar\/blog\/caja-de-herramientas\/proteccion-limpieza-y-cuidado\/\">\r\n\r\n      <img loading=\"lazy\" decoding=\"async\" width=\"1000\" height=\"662\" src=\"https:\/\/www.wurth.com.ar\/blog\/wp-content\/uploads\/2024\/06\/crema.avif\" class=\"attachment-full size-full wp-post-image\" alt=\"\" srcset=\"https:\/\/www.wurth.com.ar\/blog\/wp-content\/uploads\/2024\/06\/crema.avif 1000w, https:\/\/www.wurth.com.ar\/blog\/wp-content\/uploads\/2024\/06\/crema-300x199.avif 300w, https:\/\/www.wurth.com.ar\/blog\/wp-content\/uploads\/2024\/06\/crema-768x508.avif 768w\" sizes=\"(max-width: 1000px) 100vw, 1000px\" \/>\r\n\r\n    <\/a>\r\n  <\/div>\r\n\r\n  <a class=\"title post_title\"  title=\"Protecci\u00f3n, limpieza y cuidado\" href=\"https:\/\/www.wurth.com.ar\/blog\/caja-de-herramientas\/proteccion-limpieza-y-cuidado\/\">\r\n        Protecci\u00f3n, limpieza y cuidado  <\/a>\r\n\r\n  <p class=\"excerpt post_excerpt\">\r\n    En nuestro d\u00eda a d\u00eda, nuestras manos enfrentan desaf\u00edos constantes. Desde trabajos pesados hasta tareas cotidianas, las manos acumulan suciedad <a class=\"read-more\" href=\"https:\/\/www.wurth.com.ar\/blog\/caja-de-herramientas\/proteccion-limpieza-y-cuidado\/\"> Leer m\u00e1s<\/a>  <\/p>\r\n        <\/div>\r\n              <div class=\"item\">\r\n            <div class=\"thumb post_thumb\">\r\n    <a  title=\"Gu\u00eda definitiva para usar cinta de enmascarar automotriz sin filtraciones\" href=\"https:\/\/www.wurth.com.ar\/blog\/sin-categoria\/guia-definitiva-para-usar-cinta-de-enmascarar-automotriz-sin-filtraciones\/\">\r\n\r\n      <img loading=\"lazy\" decoding=\"async\" width=\"2560\" height=\"1707\" src=\"https:\/\/www.wurth.com.ar\/blog\/wp-content\/uploads\/2024\/01\/chapa-y-pitura-2.jpg\" class=\"attachment-full size-full wp-post-image\" alt=\"\" srcset=\"https:\/\/www.wurth.com.ar\/blog\/wp-content\/uploads\/2024\/01\/chapa-y-pitura-2.jpg 2560w, https:\/\/www.wurth.com.ar\/blog\/wp-content\/uploads\/2024\/01\/chapa-y-pitura-2-300x200.jpg 300w, https:\/\/www.wurth.com.ar\/blog\/wp-content\/uploads\/2024\/01\/chapa-y-pitura-2-1024x683.jpg 1024w, https:\/\/www.wurth.com.ar\/blog\/wp-content\/uploads\/2024\/01\/chapa-y-pitura-2-768x512.jpg 768w, https:\/\/www.wurth.com.ar\/blog\/wp-content\/uploads\/2024\/01\/chapa-y-pitura-2-1536x1024.jpg 1536w, https:\/\/www.wurth.com.ar\/blog\/wp-content\/uploads\/2024\/01\/chapa-y-pitura-2-2048x1366.jpg 2048w\" sizes=\"(max-width: 2560px) 100vw, 2560px\" \/>\r\n\r\n    <\/a>\r\n  <\/div>\r\n\r\n  <a class=\"title post_title\"  title=\"Gu\u00eda definitiva para usar cinta de enmascarar automotriz sin filtraciones\" href=\"https:\/\/www.wurth.com.ar\/blog\/sin-categoria\/guia-definitiva-para-usar-cinta-de-enmascarar-automotriz-sin-filtraciones\/\">\r\n        Gu\u00eda definitiva para usar cinta de enmascarar automotriz sin filtraciones  <\/a>\r\n\r\n  <p class=\"excerpt post_excerpt\">\r\n    \u00bfAlguna vez te preguntaste c\u00f3mo los profesionales consiguen ese acabado impecable en la pintura de los autos, libre de cualquier <a class=\"read-more\" href=\"https:\/\/www.wurth.com.ar\/blog\/sin-categoria\/guia-definitiva-para-usar-cinta-de-enmascarar-automotriz-sin-filtraciones\/\"> Leer m\u00e1s<\/a>  <\/p>\r\n        <\/div>\r\n      \r\n  <\/div>\r\n\r\n  <script>\r\n      <\/script>\r\n  <style>\r\n    .related-post {}\r\n\r\n    .related-post .post-list {\r\n      text-align: left;\r\n          }\r\n\r\n    .related-post .post-list .item {\r\n      margin: 10px;\r\n      padding: 5px;\r\n          }\r\n\r\n    .related-post .headline {\r\n      font-size: 18px !important;\r\n      color: #999999 !important;\r\n          }\r\n\r\n    .related-post .post-list .item .post_thumb {\r\n      max-height: 220px;\r\n      margin: 10px 0px;\r\n      padding: 0px;\r\n      display: block;\r\n          }\r\n\r\n    .related-post .post-list .item .post_title {\r\n      font-size: 16px;\r\n      color: #3f3f3f;\r\n      margin: 10px 0px;\r\n      padding: 0px;\r\n      display: block;\r\n      text-decoration: none;\r\n          }\r\n\r\n    .related-post .post-list .item .post_excerpt {\r\n      font-size: 13px;\r\n      color: #3f3f3f;\r\n      margin: 10px 0px;\r\n      padding: 0px;\r\n      display: block;\r\n      text-decoration: none;\r\n          }\r\n\r\n    @media only screen and (min-width: 1024px) {\r\n      .related-post .post-list .item {\r\n        width: 45%;\r\n      }\r\n    }\r\n\r\n    @media only screen and (min-width: 768px) and (max-width: 1023px) {\r\n      .related-post .post-list .item {\r\n        width: 90%;\r\n      }\r\n    }\r\n\r\n    @media only screen and (min-width: 0px) and (max-width: 767px) {\r\n      .related-post .post-list .item {\r\n        width: 90%;\r\n      }\r\n    }\r\n\r\n      <\/style>\r\n    <\/div>\r\n","protected":false},"excerpt":{"rendered":"<p>En el mundo del corte y la construcci\u00f3n, contar con las herramientas adecuadas es esencial para lograr un trabajo preciso y eficiente. No importa si sos un profesional experimentado o un aprendiz en el taller, tener las mejores herramientas de corte puede marcar una gran diferencia en la calidad y rapidez de tu trabajo.\u00a0 \u00bfTe &#8230; <a title=\"Sujet\u00e1 fuerte con las abrazaderas: \u00bfqu\u00e9 son y para qu\u00e9 sirven?\" class=\"read-more\" href=\"https:\/\/www.wurth.com.ar\/blog\/accesorios-vehiculos\/sujeta-fuerte-con-las-abrazaderas-que-son-y-para-que-sirven\/\" aria-label=\"More on Sujet\u00e1 fuerte con las abrazaderas: \u00bfqu\u00e9 son y para qu\u00e9 sirven?\">Leer m\u00e1s<\/a><\/p>\n","protected":false},"author":3,"featured_media":2251,"comment_status":"closed","ping_status":"open","sticky":false,"template":"","format":"standard","meta":{"footnotes":""},"categories":[1],"tags":[],"_links":{"self":[{"href":"https:\/\/www.wurth.com.ar\/blog\/wp-json\/wp\/v2\/posts\/2248"}],"collection":[{"href":"https:\/\/www.wurth.com.ar\/blog\/wp-json\/wp\/v2\/posts"}],"about":[{"href":"https:\/\/www.wurth.com.ar\/blog\/wp-json\/wp\/v2\/types\/post"}],"author":[{"embeddable":true,"href":"https:\/\/www.wurth.com.ar\/blog\/wp-json\/wp\/v2\/users\/3"}],"replies":[{"embeddable":true,"href":"https:\/\/www.wurth.com.ar\/blog\/wp-json\/wp\/v2\/comments?post=2248"}],"version-history":[{"count":4,"href":"https:\/\/www.wurth.com.ar\/blog\/wp-json\/wp\/v2\/posts\/2248\/revisions"}],"predecessor-version":[{"id":2253,"href":"https:\/\/www.wurth.com.ar\/blog\/wp-json\/wp\/v2\/posts\/2248\/revisions\/2253"}],"wp:featuredmedia":[{"embeddable":true,"href":"https:\/\/www.wurth.com.ar\/blog\/wp-json\/wp\/v2\/media\/2251"}],"wp:attachment":[{"href":"https:\/\/www.wurth.com.ar\/blog\/wp-json\/wp\/v2\/media?parent=2248"}],"wp:term":[{"taxonomy":"category","embeddable":true,"href":"https:\/\/www.wurth.com.ar\/blog\/wp-json\/wp\/v2\/categories?post=2248"},{"taxonomy":"post_tag","embeddable":true,"href":"https:\/\/www.wurth.com.ar\/blog\/wp-json\/wp\/v2\/tags?post=2248"}],"curies":[{"name":"wp","href":"https:\/\/api.w.org\/{rel}","templated":true}]}}