{"id":2215,"date":"2024-08-23T15:53:15","date_gmt":"2024-08-23T18:53:15","guid":{"rendered":"https:\/\/www.wurth.com.ar\/blog\/?p=2215"},"modified":"2024-08-29T15:56:23","modified_gmt":"2024-08-29T18:56:23","slug":"por-que-elegir-lineas-de-aire-una-comparativa-con-los-sistemas-electricos","status":"publish","type":"post","link":"https:\/\/www.wurth.com.ar\/blog\/caja-de-herramientas\/por-que-elegir-lineas-de-aire-una-comparativa-con-los-sistemas-electricos\/","title":{"rendered":"\u00bfPor qu\u00e9 elegir l\u00edneas de aire? Una Comparativa con los Sistemas El\u00e9ctricos"},"content":{"rendered":"<p><span style=\"font-weight: 400;\">En la industria, <\/span><b>la selecci\u00f3n del tipo de energ\u00eda para operar herramientas y equipos es un factor crucial para la eficiencia, seguridad y costos operativos. <\/b><span style=\"font-weight: 400;\">Las opciones m\u00e1s comunes son las l\u00edneas de aire comprimido y los sistemas el\u00e9ctricos. A continuaci\u00f3n, te mostramos una comparaci\u00f3n detallada que resalta las ventajas de las l\u00edneas de aire comprimido sobre los sistemas el\u00e9ctricos.<\/span><\/p>\n<h4><b>1. Mayor eficiencia energ\u00e9tica y potencia<\/b><\/h4>\n<p><span style=\"font-weight: 400;\">Las herramientas neum\u00e1ticas, impulsadas por l\u00edneas de aire comprimido, destacan por su capacidad de <\/span><b>generar altos niveles de torque con un tama\u00f1o compacto<\/b><span style=\"font-weight: 400;\">, a diferencia de las herramientas el\u00e9ctricas que requieren motores grandes y pesados para alcanzar niveles similares de potencia. Este aspecto es especialmente beneficioso en entornos donde el espacio es limitado y se necesita una alta eficiencia energ\u00e9tica. Adem\u00e1s, <\/span><b>las l\u00edneas de aire permiten el almacenamiento de energ\u00eda en forma de aire comprimido, que puede ser liberado de manera controlada, minimizando p\u00e9rdidas energ\u00e9ticas en comparaci\u00f3n con los sistemas el\u00e9ctricos.<\/b><\/p>\n<h4><b>2. Seguridad Operacional<\/b><\/h4>\n<p><span style=\"font-weight: 400;\">La seguridad es un aspecto cr\u00edtico en cualquier entorno industrial. <\/span><b>Las herramientas neum\u00e1ticas son intr\u00ednsecamente m\u00e1s seguras que las el\u00e9ctricas porque no dependen de la electricidad para su funcionamiento,<\/b><span style=\"font-weight: 400;\"> eliminando as\u00ed el riesgo de electrocuci\u00f3n. Esto es especialmente importante en ambientes h\u00famedos o con presencia de materiales inflamables, donde las herramientas el\u00e9ctricas podr\u00edan generar chispas y aumentar el riesgo de incendio. Adem\u00e1s, las herramientas neum\u00e1ticas no producen chispas, lo que reduce significativamente el riesgo de ignici\u00f3n accidental.<\/span><\/p>\n<p><span style=\"font-weight: 400;\">        <div id=\"ba-api-productos-container\">\n            <!-- Iterar sobre los resultados filtrados y ordenados para mostrar cada producto -->\n                            <div class=\"ba-api-caja-grid\">\n                    <div class=\"grid-container ba-api-caja-centrada\">                        \n                        <div class=\"grid-50 ba-api-ancho-60\">\n                            <p class=\"ba-api-marca-texto\">\n                                <span class=\"ba-api-marca-producto ba-api-marca-producto-color-uno\">\n                                    Wurth Argentina                                <\/span>\n                            <\/p>\n                            <a class=\"ba-api-grid-titulo\" href=\"https:\/\/www.wurth.com.ar\/tienda\/filtro-frl-p-aire-comprimido.html\" target=\"_blank\">\n                                Filtro Frl P\/ Aire Comprimido                            <\/a>\n                            <hr class=\"separador\">\n                            <p class=\"ba-api-marca-texto\">\n                                <span><strong>Descripci\u00f3n:<\/strong> <br\/><\/span><br>\n                            <\/p>\n                        <\/div>\n                        <div class=\"grid-50 ba-api-ancho-40\">\n                            <a href=\"https:\/\/www.wurth.com.ar\/tienda\/filtro-frl-p-aire-comprimido.html\" target=\"_blank\" rel=\"nofollow\">\n                                <img decoding=\"async\" class=\"ba-api-grid-imagen-individual\" src=\"https:\/\/www.wurth.com.ar\/img\/productos\/349650-gr-filtro-frl-p-aire-comprimido.jpg\" alt=\"Filtro Frl P\/ Aire Comprimido\" width=\"100%\" \/>\n                            <\/a>\n                        <\/div>\n                    <\/div>\n                    <a id=\"boton-blog-producto\" class=\"ba-api-boton-con-precio\" href=\"https:\/\/www.wurth.com.ar\/tienda\/filtro-frl-p-aire-comprimido.html?utm_medium=https:\/\/www.wurth.com.ar\/blog\/accesorios-vehiculos\/sujeta-fuerte-con-las-abrazaderas-que-son-y-para-que-sirven\/&utm_source=WurthBlog\" rel=\"nofollow\" target=\"_blank\">VER PRODUCTO<\/a>\n                <\/div>\n                        <span class=\"fecha-update\">\u00daltima actualizaci\u00f3n: 2026-04-28 13:26:29<\/span>\n        <\/div>\n\n\t\t<script>\n\t\t  \/\/ Espera a que el DOM est\u00e9 completamente cargado\n\t\t  document.addEventListener('DOMContentLoaded', function() {\n\t\t\t\/\/ Selecciona el elemento por su ID\n\t\t\tvar botonBlogProducto = document.getElementById('boton-blog-producto');\n\n\t\t\t\/\/ Verifica si el elemento existe\n\t\t\tif (botonBlogProducto) {\n\t\t\t  \/\/ A\u00f1ade un evento de clic al elemento\n\t\t\t  botonBlogProducto.addEventListener('click', function() {\n\t\t\t\t\/\/ Env\u00eda el evento a Google Analytics 4\n\t\t\t\tgtag('event', 'click_boton_blog_producto', {\n\t\t\t\t  'event_category': 'boton',\n\t\t\t\t  'event_label': 'blog_producto'\n\t\t\t\t});\n\t\t\t  });\n\t\t\t}\n\t\t  });\n\t\t<\/script>\n\n<\/span><\/p>\n<h4><b>3. Costo y Mantenimiento<\/b><\/h4>\n<p><span style=\"font-weight: 400;\">En t\u00e9rminos de costos y mantenimiento, las herramientas neum\u00e1ticas requieren menos atenci\u00f3n que las el\u00e9ctricas debido a su dise\u00f1o m\u00e1s simple y robusto. Esto no solo reduce los costos de mantenimiento, sino que tambi\u00e9n extiende la vida \u00fatil de las herramientas, lo que se traduce en un menor costo total de propiedad. <\/span><b>Las l\u00edneas de aire comprimido, aunque pueden requerir una inversi\u00f3n inicial significativa para su instalaci\u00f3n, resultan en ahorros a largo plazo debido a menores costos operativos<\/b><span style=\"font-weight: 400;\"> y de mantenimiento.<\/span><\/p>\n<h4><b>4. Versatilidad y Adaptabilidad<\/b><\/h4>\n<p><span style=\"font-weight: 400;\">Las l\u00edneas de aire comprimido son altamente vers\u00e1tiles y pueden adaptarse a una amplia gama de aplicaciones, desde peque\u00f1os talleres hasta grandes instalaciones industriales. La infraestructura de aire comprimido puede ser modificada o expandida con relativa facilidad, permitiendo a las empresas <\/span><b>adaptarse a nuevos requisitos sin necesidad de realizar cambios significativos en la instalaci\u00f3n.<\/b><\/p>\n<h4><b>5. Consideraciones de Dise\u00f1o e Instalaci\u00f3n<\/b><\/h4>\n<p><span style=\"font-weight: 400;\">La instalaci\u00f3n de una l\u00ednea de aire comprimido implica una planificaci\u00f3n cuidadosa para asegurar una distribuci\u00f3n eficiente del aire y la minimizaci\u00f3n de p\u00e9rdidas. Esto incluye la instalaci\u00f3n de compresores, sistemas de almacenamiento, tuber\u00edas y estaciones de trabajo. Es fundamental considerar el tratamiento del aire, como la eliminaci\u00f3n de humedad y filtrado, para proteger las herramientas y garantizar un rendimiento \u00f3ptimo. Aunque la instalaci\u00f3n puede ser costosa, los beneficios a largo plazo en eficiencia y seguridad justifican esta inversi\u00f3n.<\/span><\/p>\n<p><b>Las l\u00edneas de aire comprimido presentan m\u00faltiples ventajas sobre los sistemas el\u00e9ctricos en t\u00e9rminos de eficiencia, seguridad, costo y flexibilidad.<\/b><span style=\"font-weight: 400;\"> Si bien ambos sistemas tienen aplicaciones \u00f3ptimas, las caracter\u00edsticas \u00fanicas de las herramientas neum\u00e1ticas y las l\u00edneas de aire las convierten en una opci\u00f3n preferida en muchos contextos industriales. La decisi\u00f3n entre estos sistemas debe basarse en una evaluaci\u00f3n cuidadosa de las necesidades espec\u00edficas del entorno de trabajo y las demandas operativas.<\/span><\/p>\n<p>&nbsp;<\/p>\n<span class='mb-center maxbutton-1-center'><span class='maxbutton-1-container mb-container'><a class=\"maxbutton-1 maxbutton maxbutton-boton\" target=\"_blank\" rel=\"noopener\" href=\"https:\/\/www.wurth.com.ar\/\"><span class='mb-text'>CONSEGU\u00cd TU L\u00cdNEA DE AIRE IDEAL EN NUESTRA TIENDA ONLINE<\/span><\/a><\/span><\/span>\n  <div class=\"related-post grid\">\r\n      <div class=\"post-list \">\r\n\r\n            <div class=\"item\">\r\n            <div class=\"thumb post_thumb\">\r\n    <a  title=\"Protecci\u00f3n, limpieza y cuidado\" href=\"https:\/\/www.wurth.com.ar\/blog\/caja-de-herramientas\/proteccion-limpieza-y-cuidado\/\">\r\n\r\n      <img loading=\"lazy\" decoding=\"async\" width=\"1000\" height=\"662\" src=\"https:\/\/www.wurth.com.ar\/blog\/wp-content\/uploads\/2024\/06\/crema.avif\" class=\"attachment-full size-full wp-post-image\" alt=\"\" srcset=\"https:\/\/www.wurth.com.ar\/blog\/wp-content\/uploads\/2024\/06\/crema.avif 1000w, https:\/\/www.wurth.com.ar\/blog\/wp-content\/uploads\/2024\/06\/crema-300x199.avif 300w, https:\/\/www.wurth.com.ar\/blog\/wp-content\/uploads\/2024\/06\/crema-768x508.avif 768w\" sizes=\"(max-width: 1000px) 100vw, 1000px\" \/>\r\n\r\n    <\/a>\r\n  <\/div>\r\n\r\n  <a class=\"title post_title\"  title=\"Protecci\u00f3n, limpieza y cuidado\" href=\"https:\/\/www.wurth.com.ar\/blog\/caja-de-herramientas\/proteccion-limpieza-y-cuidado\/\">\r\n        Protecci\u00f3n, limpieza y cuidado  <\/a>\r\n\r\n  <p class=\"excerpt post_excerpt\">\r\n    En nuestro d\u00eda a d\u00eda, nuestras manos enfrentan desaf\u00edos constantes. Desde trabajos pesados hasta tareas cotidianas, las manos acumulan suciedad <a class=\"read-more\" href=\"https:\/\/www.wurth.com.ar\/blog\/caja-de-herramientas\/proteccion-limpieza-y-cuidado\/\"> Leer m\u00e1s<\/a>  <\/p>\r\n        <\/div>\r\n              <div class=\"item\">\r\n            <div class=\"thumb post_thumb\">\r\n    <a  title=\"Caja de herramientas profesional: lo que no puede faltar\" href=\"https:\/\/www.wurth.com.ar\/blog\/caja-de-herramientas\/caja-de-herramientas-profesional-lo-que-no-puede-faltar\/\">\r\n\r\n      <img loading=\"lazy\" decoding=\"async\" width=\"500\" height=\"333\" src=\"https:\/\/www.wurth.com.ar\/blog\/wp-content\/uploads\/2022\/11\/destacada-caja-de-herramientas.jpg\" class=\"attachment-full size-full wp-post-image\" alt=\"caja de herramientas\" srcset=\"https:\/\/www.wurth.com.ar\/blog\/wp-content\/uploads\/2022\/11\/destacada-caja-de-herramientas.jpg 500w, https:\/\/www.wurth.com.ar\/blog\/wp-content\/uploads\/2022\/11\/destacada-caja-de-herramientas-300x200.jpg 300w\" sizes=\"(max-width: 500px) 100vw, 500px\" \/>\r\n\r\n    <\/a>\r\n  <\/div>\r\n\r\n  <a class=\"title post_title\"  title=\"Caja de herramientas profesional: lo que no puede faltar\" href=\"https:\/\/www.wurth.com.ar\/blog\/caja-de-herramientas\/caja-de-herramientas-profesional-lo-que-no-puede-faltar\/\">\r\n        Caja de herramientas profesional: lo que no puede faltar  <\/a>\r\n\r\n  <p class=\"excerpt post_excerpt\">\r\n    Una caja de herramientas profesional es un recurso indispensable para un trabajador. De no contar con una completa, muchas tareas <a class=\"read-more\" href=\"https:\/\/www.wurth.com.ar\/blog\/caja-de-herramientas\/caja-de-herramientas-profesional-lo-que-no-puede-faltar\/\"> Leer m\u00e1s<\/a>  <\/p>\r\n        <\/div>\r\n              <div class=\"item\">\r\n            <div class=\"thumb post_thumb\">\r\n    <a  title=\"Gu\u00eda definitiva para usar cinta de enmascarar automotriz sin filtraciones\" href=\"https:\/\/www.wurth.com.ar\/blog\/sin-categoria\/guia-definitiva-para-usar-cinta-de-enmascarar-automotriz-sin-filtraciones\/\">\r\n\r\n      <img loading=\"lazy\" decoding=\"async\" width=\"2560\" height=\"1707\" src=\"https:\/\/www.wurth.com.ar\/blog\/wp-content\/uploads\/2024\/01\/chapa-y-pitura-2.jpg\" class=\"attachment-full size-full wp-post-image\" alt=\"\" srcset=\"https:\/\/www.wurth.com.ar\/blog\/wp-content\/uploads\/2024\/01\/chapa-y-pitura-2.jpg 2560w, https:\/\/www.wurth.com.ar\/blog\/wp-content\/uploads\/2024\/01\/chapa-y-pitura-2-300x200.jpg 300w, https:\/\/www.wurth.com.ar\/blog\/wp-content\/uploads\/2024\/01\/chapa-y-pitura-2-1024x683.jpg 1024w, https:\/\/www.wurth.com.ar\/blog\/wp-content\/uploads\/2024\/01\/chapa-y-pitura-2-768x512.jpg 768w, https:\/\/www.wurth.com.ar\/blog\/wp-content\/uploads\/2024\/01\/chapa-y-pitura-2-1536x1024.jpg 1536w, https:\/\/www.wurth.com.ar\/blog\/wp-content\/uploads\/2024\/01\/chapa-y-pitura-2-2048x1366.jpg 2048w\" sizes=\"(max-width: 2560px) 100vw, 2560px\" \/>\r\n\r\n    <\/a>\r\n  <\/div>\r\n\r\n  <a class=\"title post_title\"  title=\"Gu\u00eda definitiva para usar cinta de enmascarar automotriz sin filtraciones\" href=\"https:\/\/www.wurth.com.ar\/blog\/sin-categoria\/guia-definitiva-para-usar-cinta-de-enmascarar-automotriz-sin-filtraciones\/\">\r\n        Gu\u00eda definitiva para usar cinta de enmascarar automotriz sin filtraciones  <\/a>\r\n\r\n  <p class=\"excerpt post_excerpt\">\r\n    \u00bfAlguna vez te preguntaste c\u00f3mo los profesionales consiguen ese acabado impecable en la pintura de los autos, libre de cualquier <a class=\"read-more\" href=\"https:\/\/www.wurth.com.ar\/blog\/sin-categoria\/guia-definitiva-para-usar-cinta-de-enmascarar-automotriz-sin-filtraciones\/\"> Leer m\u00e1s<\/a>  <\/p>\r\n        <\/div>\r\n              <div class=\"item\">\r\n            <div class=\"thumb post_thumb\">\r\n    <a  title=\"Alicate herramienta: para qu\u00e9 sirve, qu\u00e9 es y c\u00f3mo afilar\" href=\"https:\/\/www.wurth.com.ar\/blog\/caja-de-herramientas\/alicate-herramienta-para-que-sirve-que-es-y-como-afilar\/\">\r\n\r\n              <img decoding=\"async\" src=\"\" title=\"Alicate herramienta: para qu\u00e9 sirve, qu\u00e9 es y c\u00f3mo afilar\" alt=\"Alicate herramienta: para qu\u00e9 sirve, qu\u00e9 es y c\u00f3mo afilar\">\r\n\r\n      \r\n\r\n    <\/a>\r\n  <\/div>\r\n\r\n  <a class=\"title post_title\"  title=\"Alicate herramienta: para qu\u00e9 sirve, qu\u00e9 es y c\u00f3mo afilar\" href=\"https:\/\/www.wurth.com.ar\/blog\/caja-de-herramientas\/alicate-herramienta-para-que-sirve-que-es-y-como-afilar\/\">\r\n        Alicate herramienta: para qu\u00e9 sirve, qu\u00e9 es y c\u00f3mo afilar  <\/a>\r\n\r\n  <p class=\"excerpt post_excerpt\">\r\n    Para uso profesional o dom\u00e9stico, un alicate es una de las herramientas m\u00e1s necesarias para nuestra caja de herramientas, debido <a class=\"read-more\" href=\"https:\/\/www.wurth.com.ar\/blog\/caja-de-herramientas\/alicate-herramienta-para-que-sirve-que-es-y-como-afilar\/\"> Leer m\u00e1s<\/a>  <\/p>\r\n        <\/div>\r\n              <div class=\"item\">\r\n            <div class=\"thumb post_thumb\">\r\n    <a  title=\"\u00bfC\u00f3mo elegir la abrazadera ideal?\" href=\"https:\/\/www.wurth.com.ar\/blog\/sin-categoria\/como-elegir-la-abrazadera-ideal\/\">\r\n\r\n      <img loading=\"lazy\" decoding=\"async\" width=\"1254\" height=\"836\" src=\"https:\/\/www.wurth.com.ar\/blog\/wp-content\/uploads\/2023\/10\/abrazaderas-destacada.jpeg\" class=\"attachment-full size-full wp-post-image\" alt=\"\" srcset=\"https:\/\/www.wurth.com.ar\/blog\/wp-content\/uploads\/2023\/10\/abrazaderas-destacada.jpeg 1254w, https:\/\/www.wurth.com.ar\/blog\/wp-content\/uploads\/2023\/10\/abrazaderas-destacada-300x200.jpeg 300w, https:\/\/www.wurth.com.ar\/blog\/wp-content\/uploads\/2023\/10\/abrazaderas-destacada-1024x683.jpeg 1024w, https:\/\/www.wurth.com.ar\/blog\/wp-content\/uploads\/2023\/10\/abrazaderas-destacada-768x512.jpeg 768w\" sizes=\"(max-width: 1254px) 100vw, 1254px\" \/>\r\n\r\n    <\/a>\r\n  <\/div>\r\n\r\n  <a class=\"title post_title\"  title=\"\u00bfC\u00f3mo elegir la abrazadera ideal?\" href=\"https:\/\/www.wurth.com.ar\/blog\/sin-categoria\/como-elegir-la-abrazadera-ideal\/\">\r\n        \u00bfC\u00f3mo elegir la abrazadera ideal?  <\/a>\r\n\r\n  <p class=\"excerpt post_excerpt\">\r\n    Elegir la abrazadera adecuada puede parecer una tarea sencilla a primera vista, pero hay mucho m\u00e1s detr\u00e1s de este simple <a class=\"read-more\" href=\"https:\/\/www.wurth.com.ar\/blog\/sin-categoria\/como-elegir-la-abrazadera-ideal\/\"> Leer m\u00e1s<\/a>  <\/p>\r\n        <\/div>\r\n              <div class=\"item\">\r\n            <div class=\"thumb post_thumb\">\r\n    <a  title=\"Sujet\u00e1 fuerte con las abrazaderas: \u00bfqu\u00e9 son y para qu\u00e9 sirven?\" href=\"https:\/\/www.wurth.com.ar\/blog\/accesorios-vehiculos\/sujeta-fuerte-con-las-abrazaderas-que-son-y-para-que-sirven\/\">\r\n\r\n      <img loading=\"lazy\" decoding=\"async\" width=\"1024\" height=\"363\" src=\"https:\/\/www.wurth.com.ar\/blog\/wp-content\/uploads\/2023\/09\/precinto-interior-e1694631477144.png\" class=\"attachment-full size-full wp-post-image\" alt=\"\" srcset=\"https:\/\/www.wurth.com.ar\/blog\/wp-content\/uploads\/2023\/09\/precinto-interior-e1694631477144.png 1024w, https:\/\/www.wurth.com.ar\/blog\/wp-content\/uploads\/2023\/09\/precinto-interior-e1694631477144-300x106.png 300w, https:\/\/www.wurth.com.ar\/blog\/wp-content\/uploads\/2023\/09\/precinto-interior-e1694631477144-768x272.png 768w\" sizes=\"(max-width: 1024px) 100vw, 1024px\" \/>\r\n\r\n    <\/a>\r\n  <\/div>\r\n\r\n  <a class=\"title post_title\"  title=\"Sujet\u00e1 fuerte con las abrazaderas: \u00bfqu\u00e9 son y para qu\u00e9 sirven?\" href=\"https:\/\/www.wurth.com.ar\/blog\/accesorios-vehiculos\/sujeta-fuerte-con-las-abrazaderas-que-son-y-para-que-sirven\/\">\r\n        Sujet\u00e1 fuerte con las abrazaderas: \u00bfqu\u00e9 son y para qu\u00e9 sirven?  <\/a>\r\n\r\n  <p class=\"excerpt post_excerpt\">\r\n    Imaginate esta situaci\u00f3n: est\u00e1s en tu taller dom\u00e9stico, trabajando en un proyecto del hogar para arreglar una fuga en una <a class=\"read-more\" href=\"https:\/\/www.wurth.com.ar\/blog\/accesorios-vehiculos\/sujeta-fuerte-con-las-abrazaderas-que-son-y-para-que-sirven\/\"> Leer m\u00e1s<\/a>  <\/p>\r\n        <\/div>\r\n      \r\n  <\/div>\r\n\r\n  <script>\r\n      <\/script>\r\n  <style>\r\n    .related-post {}\r\n\r\n    .related-post .post-list {\r\n      text-align: left;\r\n          }\r\n\r\n    .related-post .post-list .item {\r\n      margin: 10px;\r\n      padding: 5px;\r\n          }\r\n\r\n    .related-post .headline {\r\n      font-size: 18px !important;\r\n      color: #999999 !important;\r\n          }\r\n\r\n    .related-post .post-list .item .post_thumb {\r\n      max-height: 220px;\r\n      margin: 10px 0px;\r\n      padding: 0px;\r\n      display: block;\r\n          }\r\n\r\n    .related-post .post-list .item .post_title {\r\n      font-size: 16px;\r\n      color: #3f3f3f;\r\n      margin: 10px 0px;\r\n      padding: 0px;\r\n      display: block;\r\n      text-decoration: none;\r\n          }\r\n\r\n    .related-post .post-list .item .post_excerpt {\r\n      font-size: 13px;\r\n      color: #3f3f3f;\r\n      margin: 10px 0px;\r\n      padding: 0px;\r\n      display: block;\r\n      text-decoration: none;\r\n          }\r\n\r\n    @media only screen and (min-width: 1024px) {\r\n      .related-post .post-list .item {\r\n        width: 45%;\r\n      }\r\n    }\r\n\r\n    @media only screen and (min-width: 768px) and (max-width: 1023px) {\r\n      .related-post .post-list .item {\r\n        width: 90%;\r\n      }\r\n    }\r\n\r\n    @media only screen and (min-width: 0px) and (max-width: 767px) {\r\n      .related-post .post-list .item {\r\n        width: 90%;\r\n      }\r\n    }\r\n\r\n      <\/style>\r\n    <\/div>\r\n","protected":false},"excerpt":{"rendered":"<p>En la industria, la selecci\u00f3n del tipo de energ\u00eda para operar herramientas y equipos es un factor crucial para la eficiencia, seguridad y costos operativos. Las opciones m\u00e1s comunes son las l\u00edneas de aire comprimido y los sistemas el\u00e9ctricos. A continuaci\u00f3n, te mostramos una comparaci\u00f3n detallada que resalta las ventajas de las l\u00edneas de aire &#8230; <a title=\"Alicate herramienta: para qu\u00e9 sirve, qu\u00e9 es y c\u00f3mo afilar\" class=\"read-more\" href=\"https:\/\/www.wurth.com.ar\/blog\/caja-de-herramientas\/alicate-herramienta-para-que-sirve-que-es-y-como-afilar\/\" aria-label=\"More on Alicate herramienta: para qu\u00e9 sirve, qu\u00e9 es y c\u00f3mo afilar\">Leer m\u00e1s<\/a><\/p>\n","protected":false},"author":3,"featured_media":2217,"comment_status":"closed","ping_status":"open","sticky":false,"template":"","format":"standard","meta":{"footnotes":""},"categories":[25,22],"tags":[],"_links":{"self":[{"href":"https:\/\/www.wurth.com.ar\/blog\/wp-json\/wp\/v2\/posts\/2215"}],"collection":[{"href":"https:\/\/www.wurth.com.ar\/blog\/wp-json\/wp\/v2\/posts"}],"about":[{"href":"https:\/\/www.wurth.com.ar\/blog\/wp-json\/wp\/v2\/types\/post"}],"author":[{"embeddable":true,"href":"https:\/\/www.wurth.com.ar\/blog\/wp-json\/wp\/v2\/users\/3"}],"replies":[{"embeddable":true,"href":"https:\/\/www.wurth.com.ar\/blog\/wp-json\/wp\/v2\/comments?post=2215"}],"version-history":[{"count":5,"href":"https:\/\/www.wurth.com.ar\/blog\/wp-json\/wp\/v2\/posts\/2215\/revisions"}],"predecessor-version":[{"id":2222,"href":"https:\/\/www.wurth.com.ar\/blog\/wp-json\/wp\/v2\/posts\/2215\/revisions\/2222"}],"wp:featuredmedia":[{"embeddable":true,"href":"https:\/\/www.wurth.com.ar\/blog\/wp-json\/wp\/v2\/media\/2217"}],"wp:attachment":[{"href":"https:\/\/www.wurth.com.ar\/blog\/wp-json\/wp\/v2\/media?parent=2215"}],"wp:term":[{"taxonomy":"category","embeddable":true,"href":"https:\/\/www.wurth.com.ar\/blog\/wp-json\/wp\/v2\/categories?post=2215"},{"taxonomy":"post_tag","embeddable":true,"href":"https:\/\/www.wurth.com.ar\/blog\/wp-json\/wp\/v2\/tags?post=2215"}],"curies":[{"name":"wp","href":"https:\/\/api.w.org\/{rel}","templated":true}]}}