{"id":1948,"date":"2024-04-29T09:21:17","date_gmt":"2024-04-29T12:21:17","guid":{"rendered":"https:\/\/www.wurth.com.ar\/blog\/?p=1948"},"modified":"2024-04-29T09:21:35","modified_gmt":"2024-04-29T12:21:35","slug":"dia-internacional-de-la-seguridad-y-la-salud-en-el-trabajo","status":"publish","type":"post","link":"https:\/\/www.wurth.com.ar\/blog\/sin-categoria\/dia-internacional-de-la-seguridad-y-la-salud-en-el-trabajo\/","title":{"rendered":"D\u00eda internacional de la seguridad y la salud en el trabajo"},"content":{"rendered":"<p><span style=\"font-weight: 400;\">El 28 de abril marca un hecho clave en el calendario laboral como el <\/span><b>D\u00eda Mundial de la Seguridad y Salud en el Trabajo<\/b><span style=\"font-weight: 400;\">, iniciativa promovida por la Organizaci\u00f3n Internacional del Trabajo (OIT) desde 2003. Este d\u00eda es crucial para sensibilizar sobre la prevenci\u00f3n de accidentes laborales y enfermedades profesionales a nivel global, considerando que m\u00e1s de 2.7 millones de personas sufren anualmente tales eventos, junto con cerca de 374 millones de accidentes laborales no fatales, haciendo de la prevenci\u00f3n un pilar fundamental.<\/span><\/p>\n<p><span style=\"font-weight: 400;\">En nuestro compromiso con la seguridad laboral, desempe\u00f1amos un rol esencial al proveer herramientas y productos que garantizan la protecci\u00f3n y bienestar de los trabajadores, fomentando una cultura de prevenci\u00f3n y salud en el \u00e1mbito laboral.<\/span><\/p>\n<p><span style=\"font-weight: 400;\">La seguridad en el trabajo es prioritaria para salvaguardar la integridad de los trabajadores. Entre los elementos fundamentales que contribuyen a este objetivo se encuentran guantes resistentes, gafas de seguridad, cascos protectores, protectores auditivos y calzado de seguridad, los cuales brindan protecci\u00f3n contra lesiones en manos, ojos, cabeza y o\u00eddos, as\u00ed como riesgos de resbalones y ca\u00eddas. Adem\u00e1s, herramientas ergon\u00f3micas dise\u00f1adas para reducir la fatiga y prevenir lesiones musculoesquel\u00e9ticas son indispensables, junto con sistemas de almacenamiento y transporte seguro de herramientas.<\/span><\/p>\n<p><span style=\"font-weight: 400;\">En la industria de la construcci\u00f3n, elementos como arneses de seguridad, sistemas de andamiaje seguro, se\u00f1alizaci\u00f3n de zonas peligrosas y equipos para trabajos en altura son esenciales. Asimismo, productos para el mantenimiento y seguridad de veh\u00edculos y maquinaria, como lubricantes, productos para frenos y sistemas de sujeci\u00f3n de carga, juegan un papel crucial en la prevenci\u00f3n de accidentes.<\/span><\/p>\n<p><span style=\"font-weight: 400;\">Finalmente, en el contexto actual de preocupaci\u00f3n por la higiene y salud, productos de limpieza y desinfecci\u00f3n son vitales para mantener ambientes de trabajo seguros y libres de contaminantes.<\/span><\/p>\n<p><span style=\"font-weight: 400;\">La presencia de estos elementos en el entorno laboral es esencial por diversas razones clave: protecci\u00f3n personal, prevenci\u00f3n de accidentes, cumplimiento normativo, bienestar del trabajador y reducci\u00f3n de costos asociados a lesiones y accidentes laborales. Estos elementos no solo aseguran la integridad f\u00edsica y emocional de los trabajadores, sino que tambi\u00e9n promueven una mayor productividad y eficiencia en el ambiente laboral.<\/span><\/p>\n<p>&nbsp;<\/p>\n<p><span style=\"font-weight: 400;\">Te dejamos una selecci\u00f3n de productos que brindan seguridad en el trabajo diario, previniendo de accidentes y asegurando una \u00f3ptima jornada de trabajo:\u00a0<\/span><\/p>\n<p><b>DISCOS DE CORTE<\/b><\/p>\n<p><span style=\"font-weight: 400;\">Nuestra l\u00ednea de discos de corte es especial para trabajar con seguridad ya que su estructura reforzada no solo permite los mejores resultados si no tambi\u00e9n evitar cualquier tipo de accidente dentro de la neum\u00e1tica, adem\u00e1s son libres cloro, hierro y azufre lo que evita la contaminaci\u00f3n del acero y sus derivados.\u00a0<\/span><\/p>\n<span class='mb-center maxbutton-1-center'><span class='maxbutton-1-container mb-container'><a class=\"maxbutton-1 maxbutton maxbutton-boton\" target=\"_blank\" rel=\"noopener\" href=\"https:\/\/www.wurth.com.ar\/es\/tienda\/corte-y-taladro\/discos-de-corte\/disco-de-corte-red-line-linea-completa.html\"><span class='mb-text'>CONOC\u00c9 NUESTROS DISCOS DE CORTE<\/span><\/a><\/span><\/span>\n<p><b>PRODUCTOS VDE<\/b><\/p>\n<p><span style=\"font-weight: 400;\">Estos seleccionados est\u00e1n fabricados con materiales a prueba del alto voltaje, ideal para el mundo de la electr\u00f3nica. Son muy importantes en el desarrollo tecnol\u00f3gico de la ingenier\u00eda el\u00e9ctrica y fundamental en la protecci\u00f3n al operario en estos campos.<\/span><\/p>\n<p><span style=\"font-weight: 400;\">Son productos fabricados bajo una norma que aprueban ciertos requisitos como prueba al fr\u00edo, adherencia del revestimiento de PVC, resistencia a las llamas, prueba de presi\u00f3n, comprobaci\u00f3n del aislamiento el\u00e9ctrico y prueba de tensi\u00f3n. <\/span><\/p>\n<span class='mb-center maxbutton-1-center'><span class='maxbutton-1-container mb-container'><a class=\"maxbutton-1 maxbutton maxbutton-boton\" target=\"_blank\" rel=\"noopener\" href=\"https:\/\/www.wurth.com.ar\/es\/busqueda\/?term=vde\"><span class='mb-text'>NUESTROS SELECCIONADOS VDE<\/span><\/a><\/span><\/span>\n<p>&nbsp;<\/p>\n<p><b>ESLINGAS<\/b><\/p>\n<p><span style=\"font-weight: 400;\">Nuestras eslingas especializadas son la opci\u00f3n ideal para sostener, transportar y almacenar grandes productos de forma segura y ajustada, evitando cualquier tipo de accidentes o da\u00f1os. Est\u00e1n dise\u00f1adas con materiales de alta resistencia y durabilidad, garantizando la seguridad durante todo el proceso log\u00edstico<\/span><\/p>\n<p><span style=\"font-weight: 400;\">Contamos con diferentes medidas de largo y ancho para que encuestres la indicada\u00a0<\/span><\/p>\n<span class='mb-center maxbutton-1-center'><span class='maxbutton-1-container mb-container'><a class=\"maxbutton-1 maxbutton maxbutton-boton\" target=\"_blank\" rel=\"noopener\" href=\"https:\/\/www.wurth.com.ar\/es\/tienda\/equipamiento-de-taller-orsy\/accesorios-para-carros\/eslinga-50mm-x-12mts-5tn.html\"><span class='mb-text'>Eslinga 50MM x 12MTS<\/span><\/a><\/span><\/span>\n<span class='mb-center maxbutton-1-center'><span class='maxbutton-1-container mb-container'><a class=\"maxbutton-1 maxbutton maxbutton-boton\" target=\"_blank\" rel=\"noopener\" href=\"https:\/\/www.wurth.com.ar\/es\/tienda\/productos-seleccionados\/eslinga-50mm-x-9-5mts-4tn.html\"><span class='mb-text'>Eslinga 50MM x 9,5MTS<\/span><\/a><\/span><\/span>\n<p><b>LIMPIA FRENOS\u00a0<\/b><\/p>\n<p><span style=\"font-weight: 400;\">Nuestro limpiador de frenos y campanas es una herramienta indispensable para el mantenimiento y reparaci\u00f3n de veh\u00edculos. Dise\u00f1ado para eliminar eficazmente todo tipo de suciedad en los restos de pastillas de freno, tambores, discos y cintas, garantiza un funcionamiento \u00f3ptimo de los sistemas de frenado. Adem\u00e1s, su f\u00f3rmula libre de acetonas y siliconas asegura que no da\u00f1e la capa de ozono, contribuyendo as\u00ed a la prevenci\u00f3n de enfermedades graves y al cuidado del medio ambiente. Con este limpiador, no solo obtienes resultados de calidad, sino que tambi\u00e9n promueven pr\u00e1cticas responsables y sostenibles en tus labores de mantenimiento automotriz<\/span><\/p>\n<div class=\"grid-container ba-caja-grid ba-caja-centrada\">\t\r\n\t<div class=\"grid-50 ba-ancho-40\">\t\t\r\n\t\t<a href=\"https:\/\/www.wurth.com.ar\/es\/tienda\/productos-quimicos\/quimicos-para-frenos\/spray-limpiador-de-frenos.html\" target=\"_blank\" rel=\"nofollow\">\r\n\t\t\t<img decoding=\"async\" class=\"ba-grid-imagen-individual\" src=\"https:\/\/www.wurth.com.ar\/img\/productos\/798-gr-spray-limpiador-de-frenos.jpg\" width=\"100%\" \/>\r\n\t\t<\/a>\t\t\r\n\t<\/div>\r\n\t<div class=\"grid-50 ba-ancho-60\">\r\n\t\t<a href=\"https:\/\/www.wurth.com.ar\/es\/tienda\/productos-quimicos\/quimicos-para-frenos\/spray-limpiador-de-frenos.html\" target=\"_blank\" rel=\"nofollow\">\r\n\t\t\t<span class=\"ba-grid-titulo\">LIMPIA FRENOS<\/span>\r\n\t\t<\/a>\t\r\n\t\t<p class=\"ba-grid-descripcion\">Spray limpiador de frenos y piezas<\/p>\r\n\t\t<a class=\"ba-boton-con-precio\" href=\"https:\/\/www.wurth.com.ar\/es\/tienda\/productos-quimicos\/quimicos-para-frenos\/spray-limpiador-de-frenos.html\" target=\"_blank\">VER PRODUCTO<\/a>\r\n\t<\/div>\r\n<\/div>\r\n\r\n\n<p><b>SIERRA CALADORA NEUM\u00c1TICA\u00a0<\/b><\/p>\n<p><span style=\"font-weight: 400;\">Muchas de nuestras herramientas, ya sean neum\u00e1ticas o manuales, destacan por su dise\u00f1o ergon\u00f3mico que se adapta c\u00f3modamente al f\u00edsico humano. Por ejemplo, nuestra sierra caladora cuenta con una palanca de accionamiento y un protector pl\u00e1stico para las sierras, evitando activaciones accidentales y garantizando la seguridad y comodidad del operario en su d\u00eda a d\u00eda.<\/span><\/p>\n<div class=\"grid-container ba-caja-grid ba-caja-centrada\">\t\r\n\t<div class=\"grid-50 ba-ancho-40\">\t\t\r\n\t\t<a href=\"https:\/\/www.wurth.com.ar\/es\/tienda\/herramientas-neumaticas-y-linea-de-aire\/tijeras-sierras-cortadoras-y-caladoras\/sierra-caladora-neumatica.html\" target=\"_blank\" rel=\"nofollow\">\r\n\t\t\t<img decoding=\"async\" class=\"ba-grid-imagen-individual\" src=\"https:\/\/www.wurth.com.ar\/img\/productos\/2784-gr-sierra-caladora-neumatica.jpg\" width=\"100%\" \/>\r\n\t\t<\/a>\t\t\r\n\t<\/div>\r\n\t<div class=\"grid-50 ba-ancho-60\">\r\n\t\t<a href=\"https:\/\/www.wurth.com.ar\/es\/tienda\/herramientas-neumaticas-y-linea-de-aire\/tijeras-sierras-cortadoras-y-caladoras\/sierra-caladora-neumatica.html\" target=\"_blank\" rel=\"nofollow\">\r\n\t\t\t<span class=\"ba-grid-titulo\">SIERRA CALADORA NEUM\u00c1TICA<\/span>\r\n\t\t<\/a>\t\r\n\t\t<p class=\"ba-grid-descripcion\">Para cortar chapas, maderas y pl\u00e1sticos de espesores moderados.<\/p>\r\n\t\t<a class=\"ba-boton-con-precio\" href=\"https:\/\/www.wurth.com.ar\/es\/tienda\/herramientas-neumaticas-y-linea-de-aire\/tijeras-sierras-cortadoras-y-caladoras\/sierra-caladora-neumatica.html\" target=\"_blank\">VER PRODUCTO<\/a>\r\n\t<\/div>\r\n<\/div>\r\n\r\n\n<p>Te invitamos a ingresar en nuestra web y seguir conociendo los productos ideales que aseguren una jornada de trabajo segura, eficiente y rentable<\/p>\n<p>&nbsp;<\/p>\n<p>&nbsp;<\/p>\n  <div class=\"related-post grid\">\r\n      <div class=\"post-list \">\r\n\r\n            <div class=\"item\">\r\n            <div class=\"thumb post_thumb\">\r\n    <a  title=\"W\u00fcrth se presenta nuevamente en ExpoAgro 2024\" href=\"https:\/\/www.wurth.com.ar\/blog\/eventos-en-wurth-argentina\/wurth-se-presenta-nuevamente-en-expoagro-2024\/\">\r\n\r\n      <img loading=\"lazy\" decoding=\"async\" width=\"2560\" height=\"1305\" src=\"https:\/\/www.wurth.com.ar\/blog\/wp-content\/uploads\/2024\/01\/expoagro-2024-destacada-e1705592384593.jpg\" class=\"attachment-full size-full wp-post-image\" alt=\"\" srcset=\"https:\/\/www.wurth.com.ar\/blog\/wp-content\/uploads\/2024\/01\/expoagro-2024-destacada-e1705592384593.jpg 2560w, https:\/\/www.wurth.com.ar\/blog\/wp-content\/uploads\/2024\/01\/expoagro-2024-destacada-e1705592384593-300x153.jpg 300w, https:\/\/www.wurth.com.ar\/blog\/wp-content\/uploads\/2024\/01\/expoagro-2024-destacada-e1705592384593-1024x522.jpg 1024w, https:\/\/www.wurth.com.ar\/blog\/wp-content\/uploads\/2024\/01\/expoagro-2024-destacada-e1705592384593-768x392.jpg 768w, https:\/\/www.wurth.com.ar\/blog\/wp-content\/uploads\/2024\/01\/expoagro-2024-destacada-e1705592384593-1536x783.jpg 1536w, https:\/\/www.wurth.com.ar\/blog\/wp-content\/uploads\/2024\/01\/expoagro-2024-destacada-e1705592384593-2048x1044.jpg 2048w\" sizes=\"(max-width: 2560px) 100vw, 2560px\" \/>\r\n\r\n    <\/a>\r\n  <\/div>\r\n\r\n  <a class=\"title post_title\"  title=\"W\u00fcrth se presenta nuevamente en ExpoAgro 2024\" href=\"https:\/\/www.wurth.com.ar\/blog\/eventos-en-wurth-argentina\/wurth-se-presenta-nuevamente-en-expoagro-2024\/\">\r\n        W\u00fcrth se presenta nuevamente en ExpoAgro 2024  <\/a>\r\n\r\n  <p class=\"excerpt post_excerpt\">\r\n    W\u00fcrth Argentina participar\u00e1 nuevamente en ExpoAgro 2024, el evento l\u00edder del sector que re\u00fane a los principales exponentes de la <a class=\"read-more\" href=\"https:\/\/www.wurth.com.ar\/blog\/eventos-en-wurth-argentina\/wurth-se-presenta-nuevamente-en-expoagro-2024\/\"> Leer m\u00e1s<\/a>  <\/p>\r\n        <\/div>\r\n              <div class=\"item\">\r\n            <div class=\"thumb post_thumb\">\r\n    <a  title=\"D\u00eda internacional de la seguridad y la salud en el trabajo\" href=\"https:\/\/www.wurth.com.ar\/blog\/sin-categoria\/dia-internacional-de-la-seguridad-y-la-salud-en-el-trabajo\/\">\r\n\r\n      <img loading=\"lazy\" decoding=\"async\" width=\"1500\" height=\"844\" src=\"https:\/\/www.wurth.com.ar\/blog\/wp-content\/uploads\/2024\/04\/amoladora-destacada-2.jpg\" class=\"attachment-full size-full wp-post-image\" alt=\"\" srcset=\"https:\/\/www.wurth.com.ar\/blog\/wp-content\/uploads\/2024\/04\/amoladora-destacada-2.jpg 1500w, https:\/\/www.wurth.com.ar\/blog\/wp-content\/uploads\/2024\/04\/amoladora-destacada-2-300x169.jpg 300w, https:\/\/www.wurth.com.ar\/blog\/wp-content\/uploads\/2024\/04\/amoladora-destacada-2-1024x576.jpg 1024w, https:\/\/www.wurth.com.ar\/blog\/wp-content\/uploads\/2024\/04\/amoladora-destacada-2-768x432.jpg 768w\" sizes=\"(max-width: 1500px) 100vw, 1500px\" \/>\r\n\r\n    <\/a>\r\n  <\/div>\r\n\r\n  <a class=\"title post_title\"  title=\"D\u00eda internacional de la seguridad y la salud en el trabajo\" href=\"https:\/\/www.wurth.com.ar\/blog\/sin-categoria\/dia-internacional-de-la-seguridad-y-la-salud-en-el-trabajo\/\">\r\n        D\u00eda internacional de la seguridad y la salud en el trabajo  <\/a>\r\n\r\n  <p class=\"excerpt post_excerpt\">\r\n    El 28 de abril marca un hecho clave en el calendario laboral como el D\u00eda Mundial de la Seguridad y <a class=\"read-more\" href=\"https:\/\/www.wurth.com.ar\/blog\/sin-categoria\/dia-internacional-de-la-seguridad-y-la-salud-en-el-trabajo\/\"> Leer m\u00e1s<\/a>  <\/p>\r\n        <\/div>\r\n              <div class=\"item\">\r\n            <div class=\"thumb post_thumb\">\r\n    <a  title=\"Todo sobre la amoladora neum\u00e1tica W\u00fcrth: especificaciones y ventajas \u00fanicas\" href=\"https:\/\/www.wurth.com.ar\/blog\/herramientas-neumaticas\/todo-sobre-la-amoladora-neumatica-wurth-especificaciones-y-ventajas-unicas\/\">\r\n\r\n      <img loading=\"lazy\" decoding=\"async\" width=\"500\" height=\"375\" src=\"https:\/\/www.wurth.com.ar\/blog\/wp-content\/uploads\/2024\/02\/amoladora-interna-e1707931636794.jpg\" class=\"attachment-full size-full wp-post-image\" alt=\"\" srcset=\"https:\/\/www.wurth.com.ar\/blog\/wp-content\/uploads\/2024\/02\/amoladora-interna-e1707931636794.jpg 500w, https:\/\/www.wurth.com.ar\/blog\/wp-content\/uploads\/2024\/02\/amoladora-interna-e1707931636794-300x225.jpg 300w\" sizes=\"(max-width: 500px) 100vw, 500px\" \/>\r\n\r\n    <\/a>\r\n  <\/div>\r\n\r\n  <a class=\"title post_title\"  title=\"Todo sobre la amoladora neum\u00e1tica W\u00fcrth: especificaciones y ventajas \u00fanicas\" href=\"https:\/\/www.wurth.com.ar\/blog\/herramientas-neumaticas\/todo-sobre-la-amoladora-neumatica-wurth-especificaciones-y-ventajas-unicas\/\">\r\n        Todo sobre la amoladora neum\u00e1tica W\u00fcrth: especificaciones y ventajas \u00fanicas  <\/a>\r\n\r\n  <p class=\"excerpt post_excerpt\">\r\n    \u00bfPensaste en hacer un desbaste manual y te preguntaste c\u00f3mo podr\u00eda mejorar tu trabajo con s\u00f3lo una herramienta?\u00a0 Ahora bien, <a class=\"read-more\" href=\"https:\/\/www.wurth.com.ar\/blog\/herramientas-neumaticas\/todo-sobre-la-amoladora-neumatica-wurth-especificaciones-y-ventajas-unicas\/\"> Leer m\u00e1s<\/a>  <\/p>\r\n        <\/div>\r\n              <div class=\"item\">\r\n            <div class=\"thumb post_thumb\">\r\n    <a  title=\"Gu\u00eda definitiva para usar cinta de enmascarar automotriz sin filtraciones\" href=\"https:\/\/www.wurth.com.ar\/blog\/sin-categoria\/guia-definitiva-para-usar-cinta-de-enmascarar-automotriz-sin-filtraciones\/\">\r\n\r\n      <img loading=\"lazy\" decoding=\"async\" width=\"2560\" height=\"1707\" src=\"https:\/\/www.wurth.com.ar\/blog\/wp-content\/uploads\/2024\/01\/chapa-y-pitura-2.jpg\" class=\"attachment-full size-full wp-post-image\" alt=\"\" srcset=\"https:\/\/www.wurth.com.ar\/blog\/wp-content\/uploads\/2024\/01\/chapa-y-pitura-2.jpg 2560w, https:\/\/www.wurth.com.ar\/blog\/wp-content\/uploads\/2024\/01\/chapa-y-pitura-2-300x200.jpg 300w, https:\/\/www.wurth.com.ar\/blog\/wp-content\/uploads\/2024\/01\/chapa-y-pitura-2-1024x683.jpg 1024w, https:\/\/www.wurth.com.ar\/blog\/wp-content\/uploads\/2024\/01\/chapa-y-pitura-2-768x512.jpg 768w, https:\/\/www.wurth.com.ar\/blog\/wp-content\/uploads\/2024\/01\/chapa-y-pitura-2-1536x1024.jpg 1536w, https:\/\/www.wurth.com.ar\/blog\/wp-content\/uploads\/2024\/01\/chapa-y-pitura-2-2048x1366.jpg 2048w\" sizes=\"(max-width: 2560px) 100vw, 2560px\" \/>\r\n\r\n    <\/a>\r\n  <\/div>\r\n\r\n  <a class=\"title post_title\"  title=\"Gu\u00eda definitiva para usar cinta de enmascarar automotriz sin filtraciones\" href=\"https:\/\/www.wurth.com.ar\/blog\/sin-categoria\/guia-definitiva-para-usar-cinta-de-enmascarar-automotriz-sin-filtraciones\/\">\r\n        Gu\u00eda definitiva para usar cinta de enmascarar automotriz sin filtraciones  <\/a>\r\n\r\n  <p class=\"excerpt post_excerpt\">\r\n    \u00bfAlguna vez te preguntaste c\u00f3mo los profesionales consiguen ese acabado impecable en la pintura de los autos, libre de cualquier <a class=\"read-more\" href=\"https:\/\/www.wurth.com.ar\/blog\/sin-categoria\/guia-definitiva-para-usar-cinta-de-enmascarar-automotriz-sin-filtraciones\/\"> Leer m\u00e1s<\/a>  <\/p>\r\n        <\/div>\r\n              <div class=\"item\">\r\n            <div class=\"thumb post_thumb\">\r\n    <a  title=\"\u00bfC\u00f3mo elegir la abrazadera ideal?\" href=\"https:\/\/www.wurth.com.ar\/blog\/sin-categoria\/como-elegir-la-abrazadera-ideal\/\">\r\n\r\n      <img loading=\"lazy\" decoding=\"async\" width=\"1254\" height=\"836\" src=\"https:\/\/www.wurth.com.ar\/blog\/wp-content\/uploads\/2023\/10\/abrazaderas-destacada.jpeg\" class=\"attachment-full size-full wp-post-image\" alt=\"\" srcset=\"https:\/\/www.wurth.com.ar\/blog\/wp-content\/uploads\/2023\/10\/abrazaderas-destacada.jpeg 1254w, https:\/\/www.wurth.com.ar\/blog\/wp-content\/uploads\/2023\/10\/abrazaderas-destacada-300x200.jpeg 300w, https:\/\/www.wurth.com.ar\/blog\/wp-content\/uploads\/2023\/10\/abrazaderas-destacada-1024x683.jpeg 1024w, https:\/\/www.wurth.com.ar\/blog\/wp-content\/uploads\/2023\/10\/abrazaderas-destacada-768x512.jpeg 768w\" sizes=\"(max-width: 1254px) 100vw, 1254px\" \/>\r\n\r\n    <\/a>\r\n  <\/div>\r\n\r\n  <a class=\"title post_title\"  title=\"\u00bfC\u00f3mo elegir la abrazadera ideal?\" href=\"https:\/\/www.wurth.com.ar\/blog\/sin-categoria\/como-elegir-la-abrazadera-ideal\/\">\r\n        \u00bfC\u00f3mo elegir la abrazadera ideal?  <\/a>\r\n\r\n  <p class=\"excerpt post_excerpt\">\r\n    Elegir la abrazadera adecuada puede parecer una tarea sencilla a primera vista, pero hay mucho m\u00e1s detr\u00e1s de este simple <a class=\"read-more\" href=\"https:\/\/www.wurth.com.ar\/blog\/sin-categoria\/como-elegir-la-abrazadera-ideal\/\"> Leer m\u00e1s<\/a>  <\/p>\r\n        <\/div>\r\n              <div class=\"item\">\r\n            <div class=\"thumb post_thumb\">\r\n    <a  title=\"5 tipos de herramientas de corte para distintos materiales\" href=\"https:\/\/www.wurth.com.ar\/blog\/sin-categoria\/5-tipos-de-herramientas-de-corte-para-distintos-materiales\/\">\r\n\r\n      <img loading=\"lazy\" decoding=\"async\" width=\"500\" height=\"500\" src=\"https:\/\/www.wurth.com.ar\/blog\/wp-content\/uploads\/2024\/04\/amoladora-nematica.jpg\" class=\"attachment-full size-full wp-post-image\" alt=\"\" srcset=\"https:\/\/www.wurth.com.ar\/blog\/wp-content\/uploads\/2024\/04\/amoladora-nematica.jpg 500w, https:\/\/www.wurth.com.ar\/blog\/wp-content\/uploads\/2024\/04\/amoladora-nematica-300x300.jpg 300w, https:\/\/www.wurth.com.ar\/blog\/wp-content\/uploads\/2024\/04\/amoladora-nematica-150x150.jpg 150w\" sizes=\"(max-width: 500px) 100vw, 500px\" \/>\r\n\r\n    <\/a>\r\n  <\/div>\r\n\r\n  <a class=\"title post_title\"  title=\"5 tipos de herramientas de corte para distintos materiales\" href=\"https:\/\/www.wurth.com.ar\/blog\/sin-categoria\/5-tipos-de-herramientas-de-corte-para-distintos-materiales\/\">\r\n        5 tipos de herramientas de corte para distintos materiales  <\/a>\r\n\r\n  <p class=\"excerpt post_excerpt\">\r\n    En el mundo de las herramientas de corte es dif\u00edcil elegir cu\u00e1l elegimos para llevar a cabo nuestro trabajo de <a class=\"read-more\" href=\"https:\/\/www.wurth.com.ar\/blog\/sin-categoria\/5-tipos-de-herramientas-de-corte-para-distintos-materiales\/\"> Leer m\u00e1s<\/a>  <\/p>\r\n        <\/div>\r\n      \r\n  <\/div>\r\n\r\n  <script>\r\n      <\/script>\r\n  <style>\r\n    .related-post {}\r\n\r\n    .related-post .post-list {\r\n      text-align: left;\r\n          }\r\n\r\n    .related-post .post-list .item {\r\n      margin: 10px;\r\n      padding: 5px;\r\n          }\r\n\r\n    .related-post .headline {\r\n      font-size: 18px !important;\r\n      color: #999999 !important;\r\n          }\r\n\r\n    .related-post .post-list .item .post_thumb {\r\n      max-height: 220px;\r\n      margin: 10px 0px;\r\n      padding: 0px;\r\n      display: block;\r\n          }\r\n\r\n    .related-post .post-list .item .post_title {\r\n      font-size: 16px;\r\n      color: #3f3f3f;\r\n      margin: 10px 0px;\r\n      padding: 0px;\r\n      display: block;\r\n      text-decoration: none;\r\n          }\r\n\r\n    .related-post .post-list .item .post_excerpt {\r\n      font-size: 13px;\r\n      color: #3f3f3f;\r\n      margin: 10px 0px;\r\n      padding: 0px;\r\n      display: block;\r\n      text-decoration: none;\r\n          }\r\n\r\n    @media only screen and (min-width: 1024px) {\r\n      .related-post .post-list .item {\r\n        width: 45%;\r\n      }\r\n    }\r\n\r\n    @media only screen and (min-width: 768px) and (max-width: 1023px) {\r\n      .related-post .post-list .item {\r\n        width: 90%;\r\n      }\r\n    }\r\n\r\n    @media only screen and (min-width: 0px) and (max-width: 767px) {\r\n      .related-post .post-list .item {\r\n        width: 90%;\r\n      }\r\n    }\r\n\r\n      <\/style>\r\n    <\/div>\r\n","protected":false},"excerpt":{"rendered":"<p>El 28 de abril marca un hecho clave en el calendario laboral como el D\u00eda Mundial de la Seguridad y Salud en el Trabajo, iniciativa promovida por la Organizaci\u00f3n Internacional del Trabajo (OIT) desde 2003. Este d\u00eda es crucial para sensibilizar sobre la prevenci\u00f3n de accidentes laborales y enfermedades profesionales a nivel global, considerando que &#8230; <a title=\"Alicate herramienta: para qu\u00e9 sirve, qu\u00e9 es y c\u00f3mo afilar\" class=\"read-more\" href=\"https:\/\/www.wurth.com.ar\/blog\/caja-de-herramientas\/alicate-herramienta-para-que-sirve-que-es-y-como-afilar\/\" aria-label=\"More on Alicate herramienta: para qu\u00e9 sirve, qu\u00e9 es y c\u00f3mo afilar\">Leer m\u00e1s<\/a><\/p>\n","protected":false},"author":3,"featured_media":1949,"comment_status":"closed","ping_status":"open","sticky":false,"template":"","format":"standard","meta":{"footnotes":""},"categories":[1],"tags":[],"_links":{"self":[{"href":"https:\/\/www.wurth.com.ar\/blog\/wp-json\/wp\/v2\/posts\/1948"}],"collection":[{"href":"https:\/\/www.wurth.com.ar\/blog\/wp-json\/wp\/v2\/posts"}],"about":[{"href":"https:\/\/www.wurth.com.ar\/blog\/wp-json\/wp\/v2\/types\/post"}],"author":[{"embeddable":true,"href":"https:\/\/www.wurth.com.ar\/blog\/wp-json\/wp\/v2\/users\/3"}],"replies":[{"embeddable":true,"href":"https:\/\/www.wurth.com.ar\/blog\/wp-json\/wp\/v2\/comments?post=1948"}],"version-history":[{"count":1,"href":"https:\/\/www.wurth.com.ar\/blog\/wp-json\/wp\/v2\/posts\/1948\/revisions"}],"predecessor-version":[{"id":1950,"href":"https:\/\/www.wurth.com.ar\/blog\/wp-json\/wp\/v2\/posts\/1948\/revisions\/1950"}],"wp:featuredmedia":[{"embeddable":true,"href":"https:\/\/www.wurth.com.ar\/blog\/wp-json\/wp\/v2\/media\/1949"}],"wp:attachment":[{"href":"https:\/\/www.wurth.com.ar\/blog\/wp-json\/wp\/v2\/media?parent=1948"}],"wp:term":[{"taxonomy":"category","embeddable":true,"href":"https:\/\/www.wurth.com.ar\/blog\/wp-json\/wp\/v2\/categories?post=1948"},{"taxonomy":"post_tag","embeddable":true,"href":"https:\/\/www.wurth.com.ar\/blog\/wp-json\/wp\/v2\/tags?post=1948"}],"curies":[{"name":"wp","href":"https:\/\/api.w.org\/{rel}","templated":true}]}}