{"id":1905,"date":"2024-06-17T15:05:42","date_gmt":"2024-06-17T18:05:42","guid":{"rendered":"https:\/\/www.wurth.com.ar\/blog\/?p=1905"},"modified":"2024-07-25T15:13:10","modified_gmt":"2024-07-25T18:13:10","slug":"repara-fugas-en-el-aire-acondicionado-de-tu-auto-guia-paso-a-paso","status":"publish","type":"post","link":"https:\/\/www.wurth.com.ar\/blog\/accesorios-vehiculos\/repara-fugas-en-el-aire-acondicionado-de-tu-auto-guia-paso-a-paso\/","title":{"rendered":"Repar\u00e1 fugas en el aire acondicionado de tu auto: gu\u00eda paso a paso"},"content":{"rendered":"<p><span style=\"font-weight: 400;\">Imaginate estar manejando bajo el sol abrasador, esperando sentir el alivio del aire fresco, pero lo que encontr\u00e1s es un soplo de aire apenas tibio: frente a este escenario, es probable que tu sistema de aire acondicionado est\u00e9 sufriendo a causa de una fuga.\u00a0<\/span><\/p>\n<p><span style=\"font-weight: 400;\">Esta situaci\u00f3n no s\u00f3lo afecta tu comodidad, sino tambi\u00e9n el rendimiento de tu veh\u00edculo: pero no hay motivo para alarmarse ni resignarse a viajes inc\u00f3modos con calor. Est\u00e1s a punto de descubrir una gu\u00eda detallada que se convertir\u00e1 en tu mejor aliada.<\/span><\/p>\n<p><span style=\"font-weight: 400;\">En los pr\u00f3ximos p\u00e1rrafos, te ofrecemos una serie de consejos y procedimientos claros para <\/span><b>detectar y reparar las fugas en el aire acondicionado<\/b><span style=\"font-weight: 400;\"> de tu autom\u00f3vil incluyendo un elemento muy importante: el <\/span><a href=\"https:\/\/www.wurth.com.ar\/es\/tienda\/productos-quimicos\/aditivos\/aditivo-sellador-para-radiador-300ml.html\"><span style=\"font-weight: 400;\">sellador de radiadores<\/span><\/a><span style=\"font-weight: 400;\">.<\/span><\/p>\n<p><span style=\"font-weight: 400;\">Desde las primeras se\u00f1ales de alerta hasta las soluciones pr\u00e1cticas, pasando por la prevenci\u00f3n para evitar futuros problemas, esta gu\u00eda est\u00e1 dise\u00f1ada para devolverle la eficiencia y frescura a tu sistema de aire acondicionado.\u00a0<\/span><\/p>\n<h2><span style=\"font-weight: 400;\">Detectando fugas: el primer paso hacia un aire fresco<\/span><\/h2>\n<p><span style=\"font-weight: 400;\">Cuando el aire acondicionado de tu auto deja de ser tu refugio contra el calor, es momento de prestar atenci\u00f3n. Detectar una fuga en el sistema de aire acondicionado no s\u00f3lo es crucial para tu comodidad sino tambi\u00e9n para la salud del veh\u00edculo.\u00a0<\/span><\/p>\n<p><span style=\"font-weight: 400;\">Veamos c\u00f3mo pod\u00e9s identificar el problema antes de que se agrave:<\/span><\/p>\n<h3><span style=\"font-weight: 400;\">Se\u00f1ales de alerta<\/span><\/h3>\n<ul>\n<li style=\"font-weight: 400;\" aria-level=\"1\"><b>Reducci\u00f3n de la eficiencia:<\/b><span style=\"font-weight: 400;\"> si el aire acondicionado tarda m\u00e1s en enfriar o ya no alcanza las temperaturas bajas de antes, es una clara se\u00f1al.<\/span><\/li>\n<li style=\"font-weight: 400;\" aria-level=\"1\"><b>Ruidos inusuales: <\/b><span style=\"font-weight: 400;\">al activar el aire acondicionado, escuch\u00e1 atentamente. Sonidos como silbidos o siseos pueden indicar que el refrigerante se est\u00e1 escapando.<\/span><\/li>\n<li style=\"font-weight: 400;\" aria-level=\"1\"><b>Presencia de humedad inusual:<\/b><span style=\"font-weight: 400;\"> si encontr\u00e1s \u00e1reas donde haya humedad o condensaci\u00f3n inusual cerca de los componentes del sistema de aire acondicionado, esto podr\u00eda sugerir una fuga.<\/span><\/li>\n<li style=\"font-weight: 400;\" aria-level=\"1\"><b>Manchas aceitosas:<\/b><span style=\"font-weight: 400;\"> algunas fugas pueden dejar rastros visibles de aceite, que es parte del sistema de lubricaci\u00f3n del aire acondicionado, alrededor de las uniones y conexiones.<\/span><\/li>\n<\/ul>\n<h3><span style=\"font-weight: 400;\">Consideraciones al momento de detectar una fuga<\/span><\/h3>\n<ul>\n<li style=\"font-weight: 400;\" aria-level=\"1\"><b>Document\u00e1 la fuga:<\/b><span style=\"font-weight: 400;\"> si es visible, tom\u00e1 nota o fotografi\u00e1 la ubicaci\u00f3n exacta. Esto puede ser \u00fatil para futuras referencias o si decid\u00eds llevar tu auto a un profesional.<\/span><\/li>\n<li style=\"font-weight: 400;\" aria-level=\"1\"><b>No ignores las peque\u00f1as fugas:<\/b><span style=\"font-weight: 400;\"> incluso una fuga peque\u00f1a puede tener un impacto grande en el rendimiento del sistema. Identificar y tratar el problema a tiempo puede prevenir reparaciones m\u00e1s costosas.<\/span><\/li>\n<\/ul>\n<p><span style=\"font-weight: 400;\">Ahora bien, dicho esto, detectar la fuga es s\u00f3lo el inicio. El siguiente paso es iniciar la reparaci\u00f3n, asegurando que tu sistema de aire acondicionado vuelva a funcionar de manera \u00f3ptima.\u00a0<\/span><\/p>\n<p><span style=\"font-weight: 400;\">Acompa\u00f1anos en la siguiente secci\u00f3n para aprender c\u00f3mo pod\u00e9s reparar las fugas y recuperar la frescura en tu coche.<\/span><\/p>\n<h2><span style=\"font-weight: 400;\">Reparando la fuga: manos a la obra para recuperar la frescura<\/span><\/h2>\n<p><span style=\"font-weight: 400;\">Una vez que detectaste la fuga en el sistema de aire acondicionado de tu auto, es crucial actuar r\u00e1pidamente para solucionar el problema. No s\u00f3lo se trata de recuperar la comodidad dentro de tu veh\u00edculo, sino tambi\u00e9n de evitar da\u00f1os mayores que puedan resultar en reparaciones costosas.\u00a0<\/span><\/p>\n<p><span style=\"font-weight: 400;\">A continuaci\u00f3n, te guiamos en el proceso de reparaci\u00f3n, paso a paso:<\/span><\/p>\n<h3><span style=\"font-weight: 400;\">Paso 1: confirmar la ubicaci\u00f3n de la fuga<\/span><\/h3>\n<p><span style=\"font-weight: 400;\">Antes de proceder con cualquier reparaci\u00f3n, es esencial confirmar con precisi\u00f3n la ubicaci\u00f3n de la fuga. Utiliz\u00e1 herramientas de inspecci\u00f3n como el detector de fugas electr\u00f3nico o la tinta fluorescente con luz UV, para asegurarte de que est\u00e1s abordando el problema correcto.<\/span><\/p>\n<h3><span style=\"font-weight: 400;\">Paso 2: evaluar el tipo y tama\u00f1o de la fuga<\/span><\/h3>\n<p><span style=\"font-weight: 400;\">Si la fuga es peque\u00f1a, especialmente si se encuentra en las mangueras o conexiones, pod\u00e9s considerar soluciones r\u00e1pidas como el uso de un <\/span><a href=\"https:\/\/www.wurth.com.ar\/es\/tienda\/productos-quimicos\/aditivos\/aditivo-sellador-para-radiador-300ml.html\"><span style=\"font-weight: 400;\">sellador de radiador<\/span><\/a><span style=\"font-weight: 400;\">. Este tipo de producto puede sellar eficazmente las fugas menores sin necesidad de reemplazar partes costosas.<\/span><\/p>\n<p><span style=\"font-weight: 400;\">Para fugas grandes o en componentes esenciales del sistema, como el compresor o el evaporador, la reparaci\u00f3n puede requerir la sustituci\u00f3n de partes y posiblemente la asistencia de un profesional.<\/span><\/p>\n<h3><span style=\"font-weight: 400;\">Paso 3: reparaci\u00f3n DIY para fugas menores<\/span><\/h3>\n<p><span style=\"font-weight: 400;\">Para fugas menores, el uso de un <\/span><a href=\"https:\/\/www.wurth.com.ar\/es\/tienda\/productos-quimicos\/aditivos\/aditivo-sellador-para-radiador-300ml.html\"><span style=\"font-weight: 400;\">sellador de radiador<\/span><\/a><span style=\"font-weight: 400;\"> espec\u00edfico para sistemas de aire acondicionado puede ser una soluci\u00f3n efectiva. Segu\u00ed cuidadosamente las instrucciones del fabricante al aplicarlo, ya que un uso incorrecto podr\u00eda resultar en m\u00e1s da\u00f1os.<\/span><\/p>\n<div class=\"grid-container ba-caja-grid ba-caja-centrada\">\t\r\n\t<div class=\"grid-50 ba-ancho-40\">\t\t\r\n\t\t<a href=\"https:\/\/www.wurth.com.ar\/es\/tienda\/productos-quimicos\/aditivos\/sellador-de-radiador-de-500-ml.html\" target=\"_blank\" rel=\"nofollow\">\r\n\t\t\t<img decoding=\"async\" class=\"ba-grid-imagen-individual\" src=\"https:\/\/www.wurth.com.ar\/img\/productos\/353424-gr-sellador-de-radiador-de-500-ml.jpg\" width=\"100%\" \/>\r\n\t\t<\/a>\t\t\r\n\t<\/div>\r\n\t<div class=\"grid-50 ba-ancho-60\">\r\n\t\t<a href=\"https:\/\/www.wurth.com.ar\/es\/tienda\/productos-quimicos\/aditivos\/sellador-de-radiador-de-500-ml.html\" target=\"_blank\" rel=\"nofollow\">\r\n\t\t\t<span class=\"ba-grid-titulo\">SELLADOR DE RADIADOR<\/span>\r\n\t\t<\/a>\t\r\n\t\t<p class=\"ba-grid-descripcion\">Dise\u00f1ado para sellar y eliminar fugas en radiadores y sistemas de refrigeraci\u00f3n<\/p>\r\n\t\t<a class=\"ba-boton-con-precio\" href=\"https:\/\/www.wurth.com.ar\/es\/tienda\/productos-quimicos\/aditivos\/sellador-de-radiador-de-500-ml.html\" target=\"_blank\">VER PRODUCTO<\/a>\r\n\t<\/div>\r\n<\/div>\r\n\r\n\n<p>&nbsp;<\/p>\n<h3><span style=\"font-weight: 400;\">Paso 4: sustituci\u00f3n de componentes da\u00f1ados<\/span><\/h3>\n<p><span style=\"font-weight: 400;\">Si la fuga se localiza en un componente que no puede ser reparado con un sellador, la pieza afectada deber\u00e1 ser reemplazada. Esto incluye:<\/span><\/p>\n<ul>\n<li style=\"font-weight: 400;\" aria-level=\"1\"><b>Sustituir mangueras y conexiones:<\/b><span style=\"font-weight: 400;\"> si las mangueras o conexiones est\u00e1n da\u00f1adas, reemplazalas con piezas nuevas para asegurar un sellado adecuado.<\/span><\/li>\n<li style=\"font-weight: 400;\" aria-level=\"1\"><b>Cambiar componentes mayores:<\/b><span style=\"font-weight: 400;\"> en caso de fugas en el compresor, el evaporador o el condensador, consider\u00e1 llevar tu veh\u00edculo a un taller especializado para su sustituci\u00f3n.<\/span><\/li>\n<\/ul>\n<h3><span style=\"font-weight: 400;\">Paso 5: recarga del refrigerante<\/span><\/h3>\n<p><span style=\"font-weight: 400;\">Despu\u00e9s de reparar o sellar la fuga, ser\u00e1 necesario recargar el sistema de aire acondicionado con refrigerante. Es importante usar el tipo de refrigerante espec\u00edfico recomendado para tu veh\u00edculo y asegurarse de que se llene a la presi\u00f3n adecuada.<\/span><\/p>\n<h2><span style=\"font-weight: 400;\">Mantenimiento preventivo post-reparaci\u00f3n<\/span><\/h2>\n<p><span style=\"font-weight: 400;\">Chequeo regular: incluso despu\u00e9s de reparar la fuga, es vital mantener un chequeo regular del sistema para detectar cualquier problema potencial antes de que se convierta en una preocupaci\u00f3n mayor.<\/span><\/p>\n<p><span style=\"font-weight: 400;\">Limpieza de componentes: mantener limpios los componentes del sistema de aire acondicionado puede prevenir obstrucciones y futuras fugas.<\/span><\/p>\n<p><span style=\"font-weight: 400;\">Reparar una fuga en el sistema de aire acondicionado de tu auto no tiene que ser una tarea desalentadora. Con el enfoque correcto y los productos adecuados, pod\u00e9s solucionar el problema y volver a disfrutar de la comodidad de tu veh\u00edculo.\u00a0<\/span><\/p>\n<p><span style=\"font-weight: 400;\">Record\u00e1: la prevenci\u00f3n es clave, as\u00ed que no descuides el mantenimiento regular para asegurar el \u00f3ptimo funcionamiento de tu aire acondicionado.<\/span><\/p>\n<h2><span style=\"font-weight: 400;\">\u00bfQu\u00e9 es el sellador de radiadores y c\u00f3mo funciona?<\/span><\/h2>\n<p><span style=\"font-weight: 400;\">El sellador de radiadores es un compuesto qu\u00edmico dise\u00f1ado para reparar fugas en el sistema de refrigeraci\u00f3n de un veh\u00edculo, que incluye tanto el radiador como, en ciertos casos, el sistema de aire acondicionado.<\/span><\/p>\n<p><span style=\"font-weight: 400;\">Este producto se introduce directamente en el circuito de refrigeraci\u00f3n y act\u00faa desde el interior para sellar las fugas de manera efectiva y r\u00e1pida. Su funcionamiento se basa en la capacidad de reaccionar qu\u00edmicamente con el ox\u00edgeno o con el calor al llegar al punto de la fuga, donde se solidifica y forma un sello duradero que detiene la p\u00e9rdida de l\u00edquido refrigerante o gas.<\/span><\/p>\n<p><span style=\"font-weight: 400;\">Aunque es comunmente asociado con el sistema de enfriamiento del motor, bajo las condiciones adecuadas y con la f\u00f3rmula correcta, tambi\u00e9n puede ser \u00fatil para tratar problemas de fugas menores en sistemas de aire acondicionado automotrices.<\/span><\/p>\n<p>&nbsp;<\/p>\n<h2><span style=\"font-weight: 400;\">Frescura al volante: cerrando el cap\u00edtulo de las fugas<\/span><\/h2>\n<p><span style=\"font-weight: 400;\">La importancia de un mantenimiento preventivo y una acci\u00f3n r\u00e1pida ante los primeros indicios de problemas no puede ser subestimada. Armado con la estrategia adecuada y la ayuda del sellador de radiadores, est\u00e1s listo para garantizar que tu experiencia al volante sea siempre fresca y agradable.\u00a0<\/span><\/p>\n<p><span style=\"font-weight: 400;\">Con estos consejos y el producto correcto a tu lado, el aire acondicionado de tu veh\u00edculo est\u00e1 preparado para enfrentar los desaf\u00edos del clima, brind\u00e1ndote confort en cada viaje.<\/span><\/p>\n<p><span style=\"font-weight: 400;\">Ahora que ya sab\u00e9s toda la informaci\u00f3n sobre c\u00f3mo reparar las fugas de aire acondicionado en un auto, y conoc\u00e9s a los selladores de radiadores como productos aliados en el proceso, s\u00f3lo queda emprender manos a la obra y actuar.\u00a0<\/span><\/p>\n<p><span style=\"font-weight: 400;\">\u00a1No dejes que el calor invada tu experiencia de manejo, y mejor\u00e1 la vida \u00fatil de tu aire acondicionado!<\/span><\/p>\n<p>&nbsp;<\/p>\n<p>&nbsp;<\/p>\n<p>&nbsp;<\/p>\n  <div class=\"related-post grid\">\r\n      <div class=\"post-list \">\r\n\r\n            <div class=\"item\">\r\n            <div class=\"thumb post_thumb\">\r\n    <a  title=\"\u00bfC\u00f3mo limpiar inyectores de nafta y diesel de forma efectiva?\" href=\"https:\/\/www.wurth.com.ar\/blog\/aditivos-para-motores\/como-limpiar-inyectores-de-nafta-y-diesel-de-forma-efectiva\/\">\r\n\r\n      <img loading=\"lazy\" decoding=\"async\" width=\"1276\" height=\"850\" src=\"https:\/\/www.wurth.com.ar\/blog\/wp-content\/uploads\/2024\/05\/InyectoresDiesel.jpeg\" class=\"attachment-full size-full wp-post-image\" alt=\"\" srcset=\"https:\/\/www.wurth.com.ar\/blog\/wp-content\/uploads\/2024\/05\/InyectoresDiesel.jpeg 1276w, https:\/\/www.wurth.com.ar\/blog\/wp-content\/uploads\/2024\/05\/InyectoresDiesel-300x200.jpeg 300w, https:\/\/www.wurth.com.ar\/blog\/wp-content\/uploads\/2024\/05\/InyectoresDiesel-1024x682.jpeg 1024w, https:\/\/www.wurth.com.ar\/blog\/wp-content\/uploads\/2024\/05\/InyectoresDiesel-768x512.jpeg 768w\" sizes=\"(max-width: 1276px) 100vw, 1276px\" \/>\r\n\r\n    <\/a>\r\n  <\/div>\r\n\r\n  <a class=\"title post_title\"  title=\"\u00bfC\u00f3mo limpiar inyectores de nafta y diesel de forma efectiva?\" href=\"https:\/\/www.wurth.com.ar\/blog\/aditivos-para-motores\/como-limpiar-inyectores-de-nafta-y-diesel-de-forma-efectiva\/\">\r\n        \u00bfC\u00f3mo limpiar inyectores de nafta y diesel de forma efectiva?  <\/a>\r\n\r\n  <p class=\"excerpt post_excerpt\">\r\n    \u00bfTe preguntaste alguna vez c\u00f3mo mantener tu veh\u00edculo en \u00f3ptimas condiciones de rendimiento?\u00a0 Una parte fundamental del mantenimiento del motor <a class=\"read-more\" href=\"https:\/\/www.wurth.com.ar\/blog\/aditivos-para-motores\/como-limpiar-inyectores-de-nafta-y-diesel-de-forma-efectiva\/\"> Leer m\u00e1s<\/a>  <\/p>\r\n        <\/div>\r\n              <div class=\"item\">\r\n            <div class=\"thumb post_thumb\">\r\n    <a  title=\"Aditivo para aceite de motor: qu\u00e9 es y c\u00f3mo funciona\" href=\"https:\/\/www.wurth.com.ar\/blog\/aditivos-para-motores\/aditivo-para-aceite-de-motor-que-es-y-como-funciona\/\">\r\n\r\n      <img loading=\"lazy\" decoding=\"async\" width=\"1200\" height=\"600\" src=\"https:\/\/www.wurth.com.ar\/blog\/wp-content\/uploads\/2022\/07\/Destacada-Aditivo-para-aceite-de-motor.jpg\" class=\"attachment-full size-full wp-post-image\" alt=\"\" srcset=\"https:\/\/www.wurth.com.ar\/blog\/wp-content\/uploads\/2022\/07\/Destacada-Aditivo-para-aceite-de-motor.jpg 1200w, https:\/\/www.wurth.com.ar\/blog\/wp-content\/uploads\/2022\/07\/Destacada-Aditivo-para-aceite-de-motor-300x150.jpg 300w, https:\/\/www.wurth.com.ar\/blog\/wp-content\/uploads\/2022\/07\/Destacada-Aditivo-para-aceite-de-motor-1024x512.jpg 1024w, https:\/\/www.wurth.com.ar\/blog\/wp-content\/uploads\/2022\/07\/Destacada-Aditivo-para-aceite-de-motor-768x384.jpg 768w\" sizes=\"(max-width: 1200px) 100vw, 1200px\" \/>\r\n\r\n    <\/a>\r\n  <\/div>\r\n\r\n  <a class=\"title post_title\"  title=\"Aditivo para aceite de motor: qu\u00e9 es y c\u00f3mo funciona\" href=\"https:\/\/www.wurth.com.ar\/blog\/aditivos-para-motores\/aditivo-para-aceite-de-motor-que-es-y-como-funciona\/\">\r\n        Aditivo para aceite de motor: qu\u00e9 es y c\u00f3mo funciona  <\/a>\r\n\r\n  <p class=\"excerpt post_excerpt\">\r\n    \u00bfEst\u00e1s cansado de que el motor de tu auto falle? \u00bfTe frustra que intent\u00e1s encontrarle una soluci\u00f3n y se vuelva <a class=\"read-more\" href=\"https:\/\/www.wurth.com.ar\/blog\/aditivos-para-motores\/aditivo-para-aceite-de-motor-que-es-y-como-funciona\/\"> Leer m\u00e1s<\/a>  <\/p>\r\n        <\/div>\r\n              <div class=\"item\">\r\n            <div class=\"thumb post_thumb\">\r\n    <a  title=\"Sujet\u00e1 fuerte con las abrazaderas: \u00bfqu\u00e9 son y para qu\u00e9 sirven?\" href=\"https:\/\/www.wurth.com.ar\/blog\/accesorios-vehiculos\/sujeta-fuerte-con-las-abrazaderas-que-son-y-para-que-sirven\/\">\r\n\r\n      <img loading=\"lazy\" decoding=\"async\" width=\"1024\" height=\"363\" src=\"https:\/\/www.wurth.com.ar\/blog\/wp-content\/uploads\/2023\/09\/precinto-interior-e1694631477144.png\" class=\"attachment-full size-full wp-post-image\" alt=\"\" srcset=\"https:\/\/www.wurth.com.ar\/blog\/wp-content\/uploads\/2023\/09\/precinto-interior-e1694631477144.png 1024w, https:\/\/www.wurth.com.ar\/blog\/wp-content\/uploads\/2023\/09\/precinto-interior-e1694631477144-300x106.png 300w, https:\/\/www.wurth.com.ar\/blog\/wp-content\/uploads\/2023\/09\/precinto-interior-e1694631477144-768x272.png 768w\" sizes=\"(max-width: 1024px) 100vw, 1024px\" \/>\r\n\r\n    <\/a>\r\n  <\/div>\r\n\r\n  <a class=\"title post_title\"  title=\"Sujet\u00e1 fuerte con las abrazaderas: \u00bfqu\u00e9 son y para qu\u00e9 sirven?\" href=\"https:\/\/www.wurth.com.ar\/blog\/accesorios-vehiculos\/sujeta-fuerte-con-las-abrazaderas-que-son-y-para-que-sirven\/\">\r\n        Sujet\u00e1 fuerte con las abrazaderas: \u00bfqu\u00e9 son y para qu\u00e9 sirven?  <\/a>\r\n\r\n  <p class=\"excerpt post_excerpt\">\r\n    Imaginate esta situaci\u00f3n: est\u00e1s en tu taller dom\u00e9stico, trabajando en un proyecto del hogar para arreglar una fuga en una <a class=\"read-more\" href=\"https:\/\/www.wurth.com.ar\/blog\/accesorios-vehiculos\/sujeta-fuerte-con-las-abrazaderas-que-son-y-para-que-sirven\/\"> Leer m\u00e1s<\/a>  <\/p>\r\n        <\/div>\r\n              <div class=\"item\">\r\n            <div class=\"thumb post_thumb\">\r\n    <a  title=\"Pa\u00f1os de microfibra: usos y tipos, \u00bfpara qu\u00e9 sirven?\" href=\"https:\/\/www.wurth.com.ar\/blog\/accesorios-vehiculos\/panos-de-microfibra-usos-y-tipos-para-que-sirven\/\">\r\n\r\n      <img loading=\"lazy\" decoding=\"async\" width=\"1198\" height=\"677\" src=\"https:\/\/www.wurth.com.ar\/blog\/wp-content\/uploads\/2024\/03\/PANO-DE-MICROFIBRA-DESTACADA.png\" class=\"attachment-full size-full wp-post-image\" alt=\"\" srcset=\"https:\/\/www.wurth.com.ar\/blog\/wp-content\/uploads\/2024\/03\/PANO-DE-MICROFIBRA-DESTACADA.png 1198w, https:\/\/www.wurth.com.ar\/blog\/wp-content\/uploads\/2024\/03\/PANO-DE-MICROFIBRA-DESTACADA-300x170.png 300w, https:\/\/www.wurth.com.ar\/blog\/wp-content\/uploads\/2024\/03\/PANO-DE-MICROFIBRA-DESTACADA-1024x579.png 1024w, https:\/\/www.wurth.com.ar\/blog\/wp-content\/uploads\/2024\/03\/PANO-DE-MICROFIBRA-DESTACADA-768x434.png 768w\" sizes=\"(max-width: 1198px) 100vw, 1198px\" \/>\r\n\r\n    <\/a>\r\n  <\/div>\r\n\r\n  <a class=\"title post_title\"  title=\"Pa\u00f1os de microfibra: usos y tipos, \u00bfpara qu\u00e9 sirven?\" href=\"https:\/\/www.wurth.com.ar\/blog\/accesorios-vehiculos\/panos-de-microfibra-usos-y-tipos-para-que-sirven\/\">\r\n        Pa\u00f1os de microfibra: usos y tipos, \u00bfpara qu\u00e9 sirven?  <\/a>\r\n\r\n  <p class=\"excerpt post_excerpt\">\r\n    \u00bfSe te derram\u00f3 l\u00edquido en una superficie? \u00bfTen\u00e9s que sacar el polvo de tu auto o un mueble? El pa\u00f1o <a class=\"read-more\" href=\"https:\/\/www.wurth.com.ar\/blog\/accesorios-vehiculos\/panos-de-microfibra-usos-y-tipos-para-que-sirven\/\"> Leer m\u00e1s<\/a>  <\/p>\r\n        <\/div>\r\n              <div class=\"item\">\r\n            <div class=\"thumb post_thumb\">\r\n    <a  title=\"Gu\u00eda para reducir las vibraciones en las puertas del auto\" href=\"https:\/\/www.wurth.com.ar\/blog\/accesorios-vehiculos\/guia-para-reducir-las-vibraciones-en-las-puertas-del-auto\/\">\r\n\r\n      <img loading=\"lazy\" decoding=\"async\" width=\"2560\" height=\"1707\" src=\"https:\/\/www.wurth.com.ar\/blog\/wp-content\/uploads\/2024\/06\/primer-plano-de-un-mecanico-que-trabaja-con-un-neumatico-de-automovil-en-un-taller-de-reparacion-de-automoviles-scaled.jpg\" class=\"attachment-full size-full wp-post-image\" alt=\"llanta_auto\" srcset=\"https:\/\/www.wurth.com.ar\/blog\/wp-content\/uploads\/2024\/06\/primer-plano-de-un-mecanico-que-trabaja-con-un-neumatico-de-automovil-en-un-taller-de-reparacion-de-automoviles-scaled.jpg 2560w, https:\/\/www.wurth.com.ar\/blog\/wp-content\/uploads\/2024\/06\/primer-plano-de-un-mecanico-que-trabaja-con-un-neumatico-de-automovil-en-un-taller-de-reparacion-de-automoviles-300x200.jpg 300w, https:\/\/www.wurth.com.ar\/blog\/wp-content\/uploads\/2024\/06\/primer-plano-de-un-mecanico-que-trabaja-con-un-neumatico-de-automovil-en-un-taller-de-reparacion-de-automoviles-1024x683.jpg 1024w, https:\/\/www.wurth.com.ar\/blog\/wp-content\/uploads\/2024\/06\/primer-plano-de-un-mecanico-que-trabaja-con-un-neumatico-de-automovil-en-un-taller-de-reparacion-de-automoviles-768x512.jpg 768w, https:\/\/www.wurth.com.ar\/blog\/wp-content\/uploads\/2024\/06\/primer-plano-de-un-mecanico-que-trabaja-con-un-neumatico-de-automovil-en-un-taller-de-reparacion-de-automoviles-1536x1024.jpg 1536w, https:\/\/www.wurth.com.ar\/blog\/wp-content\/uploads\/2024\/06\/primer-plano-de-un-mecanico-que-trabaja-con-un-neumatico-de-automovil-en-un-taller-de-reparacion-de-automoviles-2048x1365.jpg 2048w\" sizes=\"(max-width: 2560px) 100vw, 2560px\" \/>\r\n\r\n    <\/a>\r\n  <\/div>\r\n\r\n  <a class=\"title post_title\"  title=\"Gu\u00eda para reducir las vibraciones en las puertas del auto\" href=\"https:\/\/www.wurth.com.ar\/blog\/accesorios-vehiculos\/guia-para-reducir-las-vibraciones-en-las-puertas-del-auto\/\">\r\n        Gu\u00eda para reducir las vibraciones en las puertas del auto  <\/a>\r\n\r\n  <p class=\"excerpt post_excerpt\">\r\n    \u00bfNot\u00e1s que tu auto vibra m\u00e1s de lo normal? Las vibraciones en las puertas de auto pueden ser una molestia <a class=\"read-more\" href=\"https:\/\/www.wurth.com.ar\/blog\/accesorios-vehiculos\/guia-para-reducir-las-vibraciones-en-las-puertas-del-auto\/\"> Leer m\u00e1s<\/a>  <\/p>\r\n        <\/div>\r\n              <div class=\"item\">\r\n            <div class=\"thumb post_thumb\">\r\n    <a  title=\"Alineaci\u00f3n y balanceo en un auto: 7 cosas que debes saber\" href=\"https:\/\/www.wurth.com.ar\/blog\/accesorios-vehiculos\/alineacion-y-balanceo-en-un-auto-7-cosas-que-debes-saber\/\">\r\n\r\n      <img loading=\"lazy\" decoding=\"async\" width=\"930\" height=\"460\" src=\"https:\/\/www.wurth.com.ar\/blog\/wp-content\/uploads\/2023\/09\/alineacion-balanceo-interior.jpg\" class=\"attachment-full size-full wp-post-image\" alt=\"\" srcset=\"https:\/\/www.wurth.com.ar\/blog\/wp-content\/uploads\/2023\/09\/alineacion-balanceo-interior.jpg 930w, https:\/\/www.wurth.com.ar\/blog\/wp-content\/uploads\/2023\/09\/alineacion-balanceo-interior-300x148.jpg 300w, https:\/\/www.wurth.com.ar\/blog\/wp-content\/uploads\/2023\/09\/alineacion-balanceo-interior-768x380.jpg 768w\" sizes=\"(max-width: 930px) 100vw, 930px\" \/>\r\n\r\n    <\/a>\r\n  <\/div>\r\n\r\n  <a class=\"title post_title\"  title=\"Alineaci\u00f3n y balanceo en un auto: 7 cosas que debes saber\" href=\"https:\/\/www.wurth.com.ar\/blog\/accesorios-vehiculos\/alineacion-y-balanceo-en-un-auto-7-cosas-que-debes-saber\/\">\r\n        Alineaci\u00f3n y balanceo en un auto: 7 cosas que debes saber  <\/a>\r\n\r\n  <p class=\"excerpt post_excerpt\">\r\n    Todos sabemos que la alineaci\u00f3n y balanceo de un veh\u00edculo son procesos fundamentales para su mantenimiento, pero pocos tienen idea <a class=\"read-more\" href=\"https:\/\/www.wurth.com.ar\/blog\/accesorios-vehiculos\/alineacion-y-balanceo-en-un-auto-7-cosas-que-debes-saber\/\"> Leer m\u00e1s<\/a>  <\/p>\r\n        <\/div>\r\n      \r\n  <\/div>\r\n\r\n  <script>\r\n      <\/script>\r\n  <style>\r\n    .related-post {}\r\n\r\n    .related-post .post-list {\r\n      text-align: left;\r\n          }\r\n\r\n    .related-post .post-list .item {\r\n      margin: 10px;\r\n      padding: 5px;\r\n          }\r\n\r\n    .related-post .headline {\r\n      font-size: 18px !important;\r\n      color: #999999 !important;\r\n          }\r\n\r\n    .related-post .post-list .item .post_thumb {\r\n      max-height: 220px;\r\n      margin: 10px 0px;\r\n      padding: 0px;\r\n      display: block;\r\n          }\r\n\r\n    .related-post .post-list .item .post_title {\r\n      font-size: 16px;\r\n      color: #3f3f3f;\r\n      margin: 10px 0px;\r\n      padding: 0px;\r\n      display: block;\r\n      text-decoration: none;\r\n          }\r\n\r\n    .related-post .post-list .item .post_excerpt {\r\n      font-size: 13px;\r\n      color: #3f3f3f;\r\n      margin: 10px 0px;\r\n      padding: 0px;\r\n      display: block;\r\n      text-decoration: none;\r\n          }\r\n\r\n    @media only screen and (min-width: 1024px) {\r\n      .related-post .post-list .item {\r\n        width: 45%;\r\n      }\r\n    }\r\n\r\n    @media only screen and (min-width: 768px) and (max-width: 1023px) {\r\n      .related-post .post-list .item {\r\n        width: 90%;\r\n      }\r\n    }\r\n\r\n    @media only screen and (min-width: 0px) and (max-width: 767px) {\r\n      .related-post .post-list .item {\r\n        width: 90%;\r\n      }\r\n    }\r\n\r\n      <\/style>\r\n    <\/div>\r\n","protected":false},"excerpt":{"rendered":"<p>Imaginate estar manejando bajo el sol abrasador, esperando sentir el alivio del aire fresco, pero lo que encontr\u00e1s es un soplo de aire apenas tibio: frente a este escenario, es probable que tu sistema de aire acondicionado est\u00e9 sufriendo a causa de una fuga.\u00a0 Esta situaci\u00f3n no s\u00f3lo afecta tu comodidad, sino tambi\u00e9n el rendimiento &#8230; <a title=\"Alineaci\u00f3n y balanceo en un auto: 7 cosas que debes saber\" class=\"read-more\" href=\"https:\/\/www.wurth.com.ar\/blog\/accesorios-vehiculos\/alineacion-y-balanceo-en-un-auto-7-cosas-que-debes-saber\/\" aria-label=\"More on Alineaci\u00f3n y balanceo en un auto: 7 cosas que debes saber\">Leer m\u00e1s<\/a><\/p>\n","protected":false},"author":3,"featured_media":1908,"comment_status":"closed","ping_status":"open","sticky":false,"template":"","format":"standard","meta":{"footnotes":""},"categories":[44,35],"tags":[],"_links":{"self":[{"href":"https:\/\/www.wurth.com.ar\/blog\/wp-json\/wp\/v2\/posts\/1905"}],"collection":[{"href":"https:\/\/www.wurth.com.ar\/blog\/wp-json\/wp\/v2\/posts"}],"about":[{"href":"https:\/\/www.wurth.com.ar\/blog\/wp-json\/wp\/v2\/types\/post"}],"author":[{"embeddable":true,"href":"https:\/\/www.wurth.com.ar\/blog\/wp-json\/wp\/v2\/users\/3"}],"replies":[{"embeddable":true,"href":"https:\/\/www.wurth.com.ar\/blog\/wp-json\/wp\/v2\/comments?post=1905"}],"version-history":[{"count":2,"href":"https:\/\/www.wurth.com.ar\/blog\/wp-json\/wp\/v2\/posts\/1905\/revisions"}],"predecessor-version":[{"id":1907,"href":"https:\/\/www.wurth.com.ar\/blog\/wp-json\/wp\/v2\/posts\/1905\/revisions\/1907"}],"wp:featuredmedia":[{"embeddable":true,"href":"https:\/\/www.wurth.com.ar\/blog\/wp-json\/wp\/v2\/media\/1908"}],"wp:attachment":[{"href":"https:\/\/www.wurth.com.ar\/blog\/wp-json\/wp\/v2\/media?parent=1905"}],"wp:term":[{"taxonomy":"category","embeddable":true,"href":"https:\/\/www.wurth.com.ar\/blog\/wp-json\/wp\/v2\/categories?post=1905"},{"taxonomy":"post_tag","embeddable":true,"href":"https:\/\/www.wurth.com.ar\/blog\/wp-json\/wp\/v2\/tags?post=1905"}],"curies":[{"name":"wp","href":"https:\/\/api.w.org\/{rel}","templated":true}]}}