{"id":1749,"date":"2024-06-12T11:34:47","date_gmt":"2024-06-12T14:34:47","guid":{"rendered":"https:\/\/www.wurth.com.ar\/blog\/?p=1749"},"modified":"2024-07-24T16:53:25","modified_gmt":"2024-07-24T19:53:25","slug":"panos-de-microfibra-usos-y-tipos-para-que-sirven","status":"publish","type":"post","link":"https:\/\/www.wurth.com.ar\/blog\/accesorios-vehiculos\/panos-de-microfibra-usos-y-tipos-para-que-sirven\/","title":{"rendered":"Pa\u00f1os de microfibra: usos y tipos, \u00bfpara qu\u00e9 sirven?"},"content":{"rendered":"<p><span style=\"font-weight: 400;\">\u00bfSe te derram\u00f3 l\u00edquido en una superficie? \u00bfTen\u00e9s que sacar el polvo de tu auto o un mueble? El <\/span><a href=\"https:\/\/www.wurth.com.ar\/es\/tienda\/equipamiento-de-taller-orsy\/set-4-panos-de-microfibra-40-x-40cm.html\"><b>pa\u00f1o de microfibra<\/b><\/a><span style=\"font-weight: 400;\"> es una soluci\u00f3n para vos.\u00a0<\/span><\/p>\n<p><span style=\"font-weight: 400;\">Se trata de un tipo de fibra sint\u00e9tica, cuya composici\u00f3n ofrece<\/span><b> resultados \u00fanicos para quitar la suciedad<\/b><span style=\"font-weight: 400;\"> tanto en \u00e1mbitos profesionales como dom\u00e9sticos.\u00a0<\/span><\/p>\n<p><span style=\"font-weight: 400;\">El uso de estos elementos es tan amplio que muchas personas no saben la utilidad que posee. Adem\u00e1s, otro problema al que suelen enfrentarse es que no est\u00e1n al tanto de algunas consideraciones para aprovecharlo al 100%.\u00a0<\/span><\/p>\n<p><span style=\"font-weight: 400;\">\u00bfQuer\u00e9s saber todo lo necesario sobre los pa\u00f1os de microfibra? Te invitamos a leer este art\u00edculo especial de <\/span><b>W\u00fcrth<\/b><span style=\"font-weight: 400;\">, donde vas a poder despejar todo tipo de dudas.\u00a0<\/span><\/p>\n<span class='mb-center maxbutton-1-center'><span class='maxbutton-1-container mb-container'><a class=\"maxbutton-1 maxbutton maxbutton-boton\" target=\"_blank\" rel=\"noopener\" href=\"https:\/\/www.wurth.com.ar\/es\/tienda\/equipamiento-de-taller-orsy\/set-4-panos-de-microfibra-40-x-40cm.html\"><span class='mb-text'>COMPR\u00c1 PA\u00d1OS DE MICROFIBRA EN W\u00dcRTH<\/span><\/a><\/span><\/span>\n<h2><span style=\"font-weight: 400;\">\u00bfQu\u00e9 es un pa\u00f1o de microfibra?<\/span><\/h2>\n<p><span style=\"font-weight: 400;\">El pa\u00f1o de microfibra es un tipo de fibra sint\u00e9tica que conforma un textil no tejido, compuesto en <\/span><b>un 80% de poli\u00e9ster y 20% en poliamida <\/b><span style=\"font-weight: 400;\">(nylon).<\/span><\/p>\n<p><span style=\"font-weight: 400;\">Ambos elementos hacen que las fibras se dividan, por lo que facilita la quita de suciedad y l\u00edquidos. Se trata de un producto muy utilizado para la limpieza y la higiene, porque posee una alta capacidad de absorci\u00f3n.<\/span><\/p>\n<p><iframe loading=\"lazy\" title=\"Set 4 pa\u00f1os de microfibra W\u00fcrth\" width=\"1200\" height=\"675\" src=\"https:\/\/www.youtube.com\/embed\/eLiwHiyy9v0?feature=oembed\" frameborder=\"0\" allow=\"accelerometer; autoplay; clipboard-write; encrypted-media; gyroscope; picture-in-picture; web-share\" referrerpolicy=\"strict-origin-when-cross-origin\" allowfullscreen><\/iframe><\/p>\n<p><span style=\"font-weight: 400;\">Adem\u00e1s, se destaca por tener propiedades antibacterianas. Facilita la eliminaci\u00f3n de hasta el 99% de las bacterias y microorganismos.<\/span><\/p>\n<h2><span style=\"font-weight: 400;\">Usos de los pa\u00f1os de microfibra<\/span><\/h2>\n<p><span style=\"font-weight: 400;\">Los pa\u00f1os de microfibra tienen un sinf\u00edn de usos. As\u00ed, se presenta como una opci\u00f3n ideal para muchas tareas:\u00a0<\/span><\/p>\n<ul>\n<li style=\"font-weight: 400;\" aria-level=\"1\"><span style=\"font-weight: 400;\">Limpiar el polvo en distintas superficies.\u00a0<\/span><\/li>\n<li style=\"font-weight: 400;\" aria-level=\"1\"><span style=\"font-weight: 400;\">Quita manchas en vidrios y acero inoxidable.<\/span><\/li>\n<li style=\"font-weight: 400;\" aria-level=\"1\"><span style=\"font-weight: 400;\">Limpieza de ba\u00f1os.<\/span><\/li>\n<li style=\"font-weight: 400;\" aria-level=\"1\"><span style=\"font-weight: 400;\">Limpieza de encimeras en la cocina.<\/span><\/li>\n<li style=\"font-weight: 400;\" aria-level=\"1\"><span style=\"font-weight: 400;\">Limpieza en interiores y exteriores en veh\u00edculos (tambi\u00e9n secado).<\/span><\/li>\n<li style=\"font-weight: 400;\" aria-level=\"1\"><span style=\"font-weight: 400;\">Aplicar y quitar ceras y selladores.<\/span><\/li>\n<li style=\"font-weight: 400;\" aria-level=\"1\"><span style=\"font-weight: 400;\">Limpieza de l\u00edquidos.<\/span><\/li>\n<li style=\"font-weight: 400;\" aria-level=\"1\"><span style=\"font-weight: 400;\">Secar electrodom\u00e9sticos de acero inoxidable y platos.<\/span><\/li>\n<li style=\"font-weight: 400;\" aria-level=\"1\"><span style=\"font-weight: 400;\">Eliminar la grasa de las superficies.<\/span><\/li>\n<li style=\"font-weight: 400;\" aria-level=\"1\"><span style=\"font-weight: 400;\">Limpiar los l\u00edquidos derramados.<\/span><\/li>\n<\/ul>\n<h2><span style=\"font-weight: 400;\">C\u00f3mo se utiliza el pa\u00f1o de microfibra<\/span><\/h2>\n<p><span style=\"font-weight: 400;\">El pa\u00f1o de microfibra se debe pasar por la zona a limpiar con total naturalidad. No obstante, es importante resaltar que <\/span><b>no debe plancharse, ya que el calor puede da\u00f1ar las peque\u00f1as fibras.<\/b><\/p>\n<h2><span style=\"font-weight: 400;\">Beneficios de un pa\u00f1o de microfibra<\/span><\/h2>\n<p><span style=\"font-weight: 400;\">Los beneficios de usar un pa\u00f1o de microfibra son los siguientes:\u00a0<\/span><\/p>\n<ul>\n<li style=\"font-weight: 400;\" aria-level=\"1\"><span style=\"font-weight: 400;\">Gran capacidad de limpieza.\u00a0<\/span><\/li>\n<li style=\"font-weight: 400;\" aria-level=\"1\"><span style=\"font-weight: 400;\">Alta capacidad para absorber l\u00edquidos.<\/span><\/li>\n<li style=\"font-weight: 400;\" aria-level=\"1\"><span style=\"font-weight: 400;\">Producto que sirve para ahorrar tiempo, dinero y esfuerzo.<\/span><\/li>\n<li style=\"font-weight: 400;\" aria-level=\"1\"><span style=\"font-weight: 400;\">No necesitan de productos qu\u00edmicos para limpiar: solo alcanza con agua, a menos que haya grasa o sustancias adhesivas.\u00a0<\/span><\/li>\n<li style=\"font-weight: 400;\" aria-level=\"1\"><span style=\"font-weight: 400;\">No desprenden bolitas ni hilos.\u00a0<\/span><\/li>\n<li style=\"font-weight: 400;\" aria-level=\"1\"><span style=\"font-weight: 400;\">Es fuerte y duradera.\u00a0<\/span><\/li>\n<li style=\"font-weight: 400;\" aria-level=\"1\"><span style=\"font-weight: 400;\">Se secan r\u00e1pido tras el lavado.<\/span><\/li>\n<li style=\"font-weight: 400;\" aria-level=\"1\"><span style=\"font-weight: 400;\">No se deben planchar.<\/span><\/li>\n<li style=\"font-weight: 400;\" aria-level=\"1\"><span style=\"font-weight: 400;\">No generan alergias.<\/span><\/li>\n<li style=\"font-weight: 400;\" aria-level=\"1\"><span style=\"font-weight: 400;\">Son sensibles al tacto de la piel.\u00a0<\/span><\/li>\n<\/ul>\n<h2><span style=\"font-weight: 400;\">Tipos de pa\u00f1os de microfibra de W\u00fcrth<\/span><\/h2>\n<p><span style=\"font-weight: 400;\">En el cat\u00e1logo de W\u00fcrth se encuentra un<\/span><b> pa\u00f1o de microfibra de 40&#215;40<\/b><span style=\"font-weight: 400;\"> de la m\u00e1s alta calidad. A continuaci\u00f3n, sus principales caracter\u00edsticas.<\/span><\/p>\n<div class=\"grid-container ba-caja-grid ba-caja-centrada\">\t\r\n\t<div class=\"grid-50 ba-ancho-40\">\t\t\r\n\t\t<a href=\"https:\/\/www.wurth.com.ar\/es\/tienda\/equipamiento-de-taller-orsy\/set-4-panos-de-microfibra-40-x-40cm.html\" target=\"_blank\" rel=\"nofollow\">\r\n\t\t\t<img decoding=\"async\" class=\"ba-grid-imagen-individual\" src=\"https:\/\/www.wurth.com.ar\/img\/productos\/353317-gr-set-4-panos-de-microfibra-40-x-40cm.jpg\" width=\"100%\" \/>\r\n\t\t<\/a>\t\t\r\n\t<\/div>\r\n\t<div class=\"grid-50 ba-ancho-60\">\r\n\t\t<a href=\"https:\/\/www.wurth.com.ar\/es\/tienda\/equipamiento-de-taller-orsy\/set-4-panos-de-microfibra-40-x-40cm.html\" target=\"_blank\" rel=\"nofollow\">\r\n\t\t\t<span class=\"ba-grid-titulo\">PA\u00d1O DE MICROFIBRA 40x40<\/span>\r\n\t\t<\/a>\t\r\n\t\t<p class=\"ba-grid-descripcion\">Set de 4 pa\u00f1os de microfibra para una limpieza de gran calidad<\/p>\r\n\t\t<a class=\"ba-boton-con-precio\" href=\"https:\/\/www.wurth.com.ar\/es\/tienda\/equipamiento-de-taller-orsy\/set-4-panos-de-microfibra-40-x-40cm.html\" target=\"_blank\">VER PRODUCTO<\/a>\r\n\t<\/div>\r\n<\/div>\r\n\r\n\n<p><span style=\"font-weight: 400;\">Este pa\u00f1o de limpieza sirve para todo tipo de superficies lisas, tales como <\/span><b>vidrio, cromo, pintura, acero inoxidable, acr\u00edlico, pl\u00e1stico, aluminio y cer\u00e1mica<\/b><span style=\"font-weight: 400;\">. Adem\u00e1s, es ideal para limpiar vidrios y pintura de los veh\u00edculos sin dejar pelusas.<\/span><\/p>\n<p><span style=\"font-weight: 400;\">Se caracteriza por no rayar ni dejar residuos en las distintas superficies. El paquete viene con cuatro unidades que est\u00e1n conformadas por un 80% de poli\u00e9ster y 20% poliamida.\u00a0<\/span><\/p>\n<p><span style=\"font-weight: 400;\">La tela es maleable y a prueba de desgarro y est\u00e1 preparada para limpiar tanto en sectores h\u00famedos como secos. Posteriormente a su uso, debe enjuagarse con agua limpia, detergentes comerciales y exprimirlo. No secar en secadora.\u00a0<\/span><\/p>\n<p><span style=\"font-weight: 400;\">Ofrece una limpieza excelente sin aditivos qu\u00edmicos y absorbe cuatro veces su propio peso.\u00a0<\/span><\/p>\n<h2><span style=\"font-weight: 400;\">Pa\u00f1o de microfibra: uso sencillo y limpieza excelente<\/span><\/h2>\n<p><span style=\"font-weight: 400;\">De esta manera, se puede decir que el pa\u00f1o de microfibra es un producto que ofrece<\/span><b> un uso sencillo y una limpieza excelente.\u00a0<\/b><\/p>\n<p><span style=\"font-weight: 400;\">Sus capacidades de limpieza y absorci\u00f3n permiten a distintos trabajadores que lo utilicen en varios rubros, de los cuales en todos ellos brindan soluciones instant\u00e1neas.\u00a0<\/span><\/p>\n<p><span style=\"font-weight: 400;\">En el mercado actual, existen un sinf\u00edn de productos de este tipo, siendo el de W\u00fcrth el mejor en la relaci\u00f3n precio-calidad.<\/span><\/p>\n<p><span style=\"font-weight: 400;\">Si quer\u00e9s saber m\u00e1s sobre estos pa\u00f1os, te invitamos a recorrer nuestra tienda oficial. All\u00ed, adem\u00e1s, vas a poder ver otros productos relacionados que pueden servirte para lograr una limpieza eficiente. <\/span><\/p>\n  <div class=\"related-post grid\">\r\n      <div class=\"post-list \">\r\n\r\n            <div class=\"item\">\r\n            <div class=\"thumb post_thumb\">\r\n    <a  title=\"Protecci\u00f3n, limpieza y cuidado\" href=\"https:\/\/www.wurth.com.ar\/blog\/caja-de-herramientas\/proteccion-limpieza-y-cuidado\/\">\r\n\r\n      <img loading=\"lazy\" decoding=\"async\" width=\"1000\" height=\"662\" src=\"https:\/\/www.wurth.com.ar\/blog\/wp-content\/uploads\/2024\/06\/crema.avif\" class=\"attachment-full size-full wp-post-image\" alt=\"\" srcset=\"https:\/\/www.wurth.com.ar\/blog\/wp-content\/uploads\/2024\/06\/crema.avif 1000w, https:\/\/www.wurth.com.ar\/blog\/wp-content\/uploads\/2024\/06\/crema-300x199.avif 300w, https:\/\/www.wurth.com.ar\/blog\/wp-content\/uploads\/2024\/06\/crema-768x508.avif 768w\" sizes=\"(max-width: 1000px) 100vw, 1000px\" \/>\r\n\r\n    <\/a>\r\n  <\/div>\r\n\r\n  <a class=\"title post_title\"  title=\"Protecci\u00f3n, limpieza y cuidado\" href=\"https:\/\/www.wurth.com.ar\/blog\/caja-de-herramientas\/proteccion-limpieza-y-cuidado\/\">\r\n        Protecci\u00f3n, limpieza y cuidado  <\/a>\r\n\r\n  <p class=\"excerpt post_excerpt\">\r\n    En nuestro d\u00eda a d\u00eda, nuestras manos enfrentan desaf\u00edos constantes. Desde trabajos pesados hasta tareas cotidianas, las manos acumulan suciedad <a class=\"read-more\" href=\"https:\/\/www.wurth.com.ar\/blog\/caja-de-herramientas\/proteccion-limpieza-y-cuidado\/\"> Leer m\u00e1s<\/a>  <\/p>\r\n        <\/div>\r\n              <div class=\"item\">\r\n            <div class=\"thumb post_thumb\">\r\n    <a  title=\"Caja de herramientas profesional: lo que no puede faltar\" href=\"https:\/\/www.wurth.com.ar\/blog\/caja-de-herramientas\/caja-de-herramientas-profesional-lo-que-no-puede-faltar\/\">\r\n\r\n      <img loading=\"lazy\" decoding=\"async\" width=\"500\" height=\"333\" src=\"https:\/\/www.wurth.com.ar\/blog\/wp-content\/uploads\/2022\/11\/destacada-caja-de-herramientas.jpg\" class=\"attachment-full size-full wp-post-image\" alt=\"caja de herramientas\" srcset=\"https:\/\/www.wurth.com.ar\/blog\/wp-content\/uploads\/2022\/11\/destacada-caja-de-herramientas.jpg 500w, https:\/\/www.wurth.com.ar\/blog\/wp-content\/uploads\/2022\/11\/destacada-caja-de-herramientas-300x200.jpg 300w\" sizes=\"(max-width: 500px) 100vw, 500px\" \/>\r\n\r\n    <\/a>\r\n  <\/div>\r\n\r\n  <a class=\"title post_title\"  title=\"Caja de herramientas profesional: lo que no puede faltar\" href=\"https:\/\/www.wurth.com.ar\/blog\/caja-de-herramientas\/caja-de-herramientas-profesional-lo-que-no-puede-faltar\/\">\r\n        Caja de herramientas profesional: lo que no puede faltar  <\/a>\r\n\r\n  <p class=\"excerpt post_excerpt\">\r\n    Una caja de herramientas profesional es un recurso indispensable para un trabajador. De no contar con una completa, muchas tareas <a class=\"read-more\" href=\"https:\/\/www.wurth.com.ar\/blog\/caja-de-herramientas\/caja-de-herramientas-profesional-lo-que-no-puede-faltar\/\"> Leer m\u00e1s<\/a>  <\/p>\r\n        <\/div>\r\n              <div class=\"item\">\r\n            <div class=\"thumb post_thumb\">\r\n    <a  title=\"Gu\u00eda definitiva para usar cinta de enmascarar automotriz sin filtraciones\" href=\"https:\/\/www.wurth.com.ar\/blog\/sin-categoria\/guia-definitiva-para-usar-cinta-de-enmascarar-automotriz-sin-filtraciones\/\">\r\n\r\n      <img loading=\"lazy\" decoding=\"async\" width=\"2560\" height=\"1707\" src=\"https:\/\/www.wurth.com.ar\/blog\/wp-content\/uploads\/2024\/01\/chapa-y-pitura-2.jpg\" class=\"attachment-full size-full wp-post-image\" alt=\"\" srcset=\"https:\/\/www.wurth.com.ar\/blog\/wp-content\/uploads\/2024\/01\/chapa-y-pitura-2.jpg 2560w, https:\/\/www.wurth.com.ar\/blog\/wp-content\/uploads\/2024\/01\/chapa-y-pitura-2-300x200.jpg 300w, https:\/\/www.wurth.com.ar\/blog\/wp-content\/uploads\/2024\/01\/chapa-y-pitura-2-1024x683.jpg 1024w, https:\/\/www.wurth.com.ar\/blog\/wp-content\/uploads\/2024\/01\/chapa-y-pitura-2-768x512.jpg 768w, https:\/\/www.wurth.com.ar\/blog\/wp-content\/uploads\/2024\/01\/chapa-y-pitura-2-1536x1024.jpg 1536w, https:\/\/www.wurth.com.ar\/blog\/wp-content\/uploads\/2024\/01\/chapa-y-pitura-2-2048x1366.jpg 2048w\" sizes=\"(max-width: 2560px) 100vw, 2560px\" \/>\r\n\r\n    <\/a>\r\n  <\/div>\r\n\r\n  <a class=\"title post_title\"  title=\"Gu\u00eda definitiva para usar cinta de enmascarar automotriz sin filtraciones\" href=\"https:\/\/www.wurth.com.ar\/blog\/sin-categoria\/guia-definitiva-para-usar-cinta-de-enmascarar-automotriz-sin-filtraciones\/\">\r\n        Gu\u00eda definitiva para usar cinta de enmascarar automotriz sin filtraciones  <\/a>\r\n\r\n  <p class=\"excerpt post_excerpt\">\r\n    \u00bfAlguna vez te preguntaste c\u00f3mo los profesionales consiguen ese acabado impecable en la pintura de los autos, libre de cualquier <a class=\"read-more\" href=\"https:\/\/www.wurth.com.ar\/blog\/sin-categoria\/guia-definitiva-para-usar-cinta-de-enmascarar-automotriz-sin-filtraciones\/\"> Leer m\u00e1s<\/a>  <\/p>\r\n        <\/div>\r\n              <div class=\"item\">\r\n            <div class=\"thumb post_thumb\">\r\n    <a  title=\"Alicate herramienta: para qu\u00e9 sirve, qu\u00e9 es y c\u00f3mo afilar\" href=\"https:\/\/www.wurth.com.ar\/blog\/caja-de-herramientas\/alicate-herramienta-para-que-sirve-que-es-y-como-afilar\/\">\r\n\r\n              <img decoding=\"async\" src=\"\" title=\"Alicate herramienta: para qu\u00e9 sirve, qu\u00e9 es y c\u00f3mo afilar\" alt=\"Alicate herramienta: para qu\u00e9 sirve, qu\u00e9 es y c\u00f3mo afilar\">\r\n\r\n      \r\n\r\n    <\/a>\r\n  <\/div>\r\n\r\n  <a class=\"title post_title\"  title=\"Alicate herramienta: para qu\u00e9 sirve, qu\u00e9 es y c\u00f3mo afilar\" href=\"https:\/\/www.wurth.com.ar\/blog\/caja-de-herramientas\/alicate-herramienta-para-que-sirve-que-es-y-como-afilar\/\">\r\n        Alicate herramienta: para qu\u00e9 sirve, qu\u00e9 es y c\u00f3mo afilar  <\/a>\r\n\r\n  <p class=\"excerpt post_excerpt\">\r\n    Para uso profesional o dom\u00e9stico, un alicate es una de las herramientas m\u00e1s necesarias para nuestra caja de herramientas, debido <a class=\"read-more\" href=\"https:\/\/www.wurth.com.ar\/blog\/caja-de-herramientas\/alicate-herramienta-para-que-sirve-que-es-y-como-afilar\/\"> Leer m\u00e1s<\/a>  <\/p>\r\n        <\/div>\r\n              <div class=\"item\">\r\n            <div class=\"thumb post_thumb\">\r\n    <a  title=\"\u00bfC\u00f3mo elegir la abrazadera ideal?\" href=\"https:\/\/www.wurth.com.ar\/blog\/sin-categoria\/como-elegir-la-abrazadera-ideal\/\">\r\n\r\n      <img loading=\"lazy\" decoding=\"async\" width=\"1254\" height=\"836\" src=\"https:\/\/www.wurth.com.ar\/blog\/wp-content\/uploads\/2023\/10\/abrazaderas-destacada.jpeg\" class=\"attachment-full size-full wp-post-image\" alt=\"\" srcset=\"https:\/\/www.wurth.com.ar\/blog\/wp-content\/uploads\/2023\/10\/abrazaderas-destacada.jpeg 1254w, https:\/\/www.wurth.com.ar\/blog\/wp-content\/uploads\/2023\/10\/abrazaderas-destacada-300x200.jpeg 300w, https:\/\/www.wurth.com.ar\/blog\/wp-content\/uploads\/2023\/10\/abrazaderas-destacada-1024x683.jpeg 1024w, https:\/\/www.wurth.com.ar\/blog\/wp-content\/uploads\/2023\/10\/abrazaderas-destacada-768x512.jpeg 768w\" sizes=\"(max-width: 1254px) 100vw, 1254px\" \/>\r\n\r\n    <\/a>\r\n  <\/div>\r\n\r\n  <a class=\"title post_title\"  title=\"\u00bfC\u00f3mo elegir la abrazadera ideal?\" href=\"https:\/\/www.wurth.com.ar\/blog\/sin-categoria\/como-elegir-la-abrazadera-ideal\/\">\r\n        \u00bfC\u00f3mo elegir la abrazadera ideal?  <\/a>\r\n\r\n  <p class=\"excerpt post_excerpt\">\r\n    Elegir la abrazadera adecuada puede parecer una tarea sencilla a primera vista, pero hay mucho m\u00e1s detr\u00e1s de este simple <a class=\"read-more\" href=\"https:\/\/www.wurth.com.ar\/blog\/sin-categoria\/como-elegir-la-abrazadera-ideal\/\"> Leer m\u00e1s<\/a>  <\/p>\r\n        <\/div>\r\n              <div class=\"item\">\r\n            <div class=\"thumb post_thumb\">\r\n    <a  title=\"Sujet\u00e1 fuerte con las abrazaderas: \u00bfqu\u00e9 son y para qu\u00e9 sirven?\" href=\"https:\/\/www.wurth.com.ar\/blog\/accesorios-vehiculos\/sujeta-fuerte-con-las-abrazaderas-que-son-y-para-que-sirven\/\">\r\n\r\n      <img loading=\"lazy\" decoding=\"async\" width=\"1024\" height=\"363\" src=\"https:\/\/www.wurth.com.ar\/blog\/wp-content\/uploads\/2023\/09\/precinto-interior-e1694631477144.png\" class=\"attachment-full size-full wp-post-image\" alt=\"\" srcset=\"https:\/\/www.wurth.com.ar\/blog\/wp-content\/uploads\/2023\/09\/precinto-interior-e1694631477144.png 1024w, https:\/\/www.wurth.com.ar\/blog\/wp-content\/uploads\/2023\/09\/precinto-interior-e1694631477144-300x106.png 300w, https:\/\/www.wurth.com.ar\/blog\/wp-content\/uploads\/2023\/09\/precinto-interior-e1694631477144-768x272.png 768w\" sizes=\"(max-width: 1024px) 100vw, 1024px\" \/>\r\n\r\n    <\/a>\r\n  <\/div>\r\n\r\n  <a class=\"title post_title\"  title=\"Sujet\u00e1 fuerte con las abrazaderas: \u00bfqu\u00e9 son y para qu\u00e9 sirven?\" href=\"https:\/\/www.wurth.com.ar\/blog\/accesorios-vehiculos\/sujeta-fuerte-con-las-abrazaderas-que-son-y-para-que-sirven\/\">\r\n        Sujet\u00e1 fuerte con las abrazaderas: \u00bfqu\u00e9 son y para qu\u00e9 sirven?  <\/a>\r\n\r\n  <p class=\"excerpt post_excerpt\">\r\n    Imaginate esta situaci\u00f3n: est\u00e1s en tu taller dom\u00e9stico, trabajando en un proyecto del hogar para arreglar una fuga en una <a class=\"read-more\" href=\"https:\/\/www.wurth.com.ar\/blog\/accesorios-vehiculos\/sujeta-fuerte-con-las-abrazaderas-que-son-y-para-que-sirven\/\"> Leer m\u00e1s<\/a>  <\/p>\r\n        <\/div>\r\n      \r\n  <\/div>\r\n\r\n  <script>\r\n      <\/script>\r\n  <style>\r\n    .related-post {}\r\n\r\n    .related-post .post-list {\r\n      text-align: left;\r\n          }\r\n\r\n    .related-post .post-list .item {\r\n      margin: 10px;\r\n      padding: 5px;\r\n          }\r\n\r\n    .related-post .headline {\r\n      font-size: 18px !important;\r\n      color: #999999 !important;\r\n          }\r\n\r\n    .related-post .post-list .item .post_thumb {\r\n      max-height: 220px;\r\n      margin: 10px 0px;\r\n      padding: 0px;\r\n      display: block;\r\n          }\r\n\r\n    .related-post .post-list .item .post_title {\r\n      font-size: 16px;\r\n      color: #3f3f3f;\r\n      margin: 10px 0px;\r\n      padding: 0px;\r\n      display: block;\r\n      text-decoration: none;\r\n          }\r\n\r\n    .related-post .post-list .item .post_excerpt {\r\n      font-size: 13px;\r\n      color: #3f3f3f;\r\n      margin: 10px 0px;\r\n      padding: 0px;\r\n      display: block;\r\n      text-decoration: none;\r\n          }\r\n\r\n    @media only screen and (min-width: 1024px) {\r\n      .related-post .post-list .item {\r\n        width: 45%;\r\n      }\r\n    }\r\n\r\n    @media only screen and (min-width: 768px) and (max-width: 1023px) {\r\n      .related-post .post-list .item {\r\n        width: 90%;\r\n      }\r\n    }\r\n\r\n    @media only screen and (min-width: 0px) and (max-width: 767px) {\r\n      .related-post .post-list .item {\r\n        width: 90%;\r\n      }\r\n    }\r\n\r\n      <\/style>\r\n    <\/div>\r\n","protected":false},"excerpt":{"rendered":"<p>\u00bfSe te derram\u00f3 l\u00edquido en una superficie? \u00bfTen\u00e9s que sacar el polvo de tu auto o un mueble? El pa\u00f1o de microfibra es una soluci\u00f3n para vos.\u00a0 Se trata de un tipo de fibra sint\u00e9tica, cuya composici\u00f3n ofrece resultados \u00fanicos para quitar la suciedad tanto en \u00e1mbitos profesionales como dom\u00e9sticos.\u00a0 El uso de estos elementos &#8230; <a title=\"Alicate herramienta: para qu\u00e9 sirve, qu\u00e9 es y c\u00f3mo afilar\" class=\"read-more\" href=\"https:\/\/www.wurth.com.ar\/blog\/caja-de-herramientas\/alicate-herramienta-para-que-sirve-que-es-y-como-afilar\/\" aria-label=\"More on Alicate herramienta: para qu\u00e9 sirve, qu\u00e9 es y c\u00f3mo afilar\">Leer m\u00e1s<\/a><\/p>\n","protected":false},"author":3,"featured_media":1752,"comment_status":"closed","ping_status":"open","sticky":false,"template":"","format":"standard","meta":{"footnotes":""},"categories":[44,25,39],"tags":[],"_links":{"self":[{"href":"https:\/\/www.wurth.com.ar\/blog\/wp-json\/wp\/v2\/posts\/1749"}],"collection":[{"href":"https:\/\/www.wurth.com.ar\/blog\/wp-json\/wp\/v2\/posts"}],"about":[{"href":"https:\/\/www.wurth.com.ar\/blog\/wp-json\/wp\/v2\/types\/post"}],"author":[{"embeddable":true,"href":"https:\/\/www.wurth.com.ar\/blog\/wp-json\/wp\/v2\/users\/3"}],"replies":[{"embeddable":true,"href":"https:\/\/www.wurth.com.ar\/blog\/wp-json\/wp\/v2\/comments?post=1749"}],"version-history":[{"count":3,"href":"https:\/\/www.wurth.com.ar\/blog\/wp-json\/wp\/v2\/posts\/1749\/revisions"}],"predecessor-version":[{"id":1753,"href":"https:\/\/www.wurth.com.ar\/blog\/wp-json\/wp\/v2\/posts\/1749\/revisions\/1753"}],"wp:featuredmedia":[{"embeddable":true,"href":"https:\/\/www.wurth.com.ar\/blog\/wp-json\/wp\/v2\/media\/1752"}],"wp:attachment":[{"href":"https:\/\/www.wurth.com.ar\/blog\/wp-json\/wp\/v2\/media?parent=1749"}],"wp:term":[{"taxonomy":"category","embeddable":true,"href":"https:\/\/www.wurth.com.ar\/blog\/wp-json\/wp\/v2\/categories?post=1749"},{"taxonomy":"post_tag","embeddable":true,"href":"https:\/\/www.wurth.com.ar\/blog\/wp-json\/wp\/v2\/tags?post=1749"}],"curies":[{"name":"wp","href":"https:\/\/api.w.org\/{rel}","templated":true}]}}