{"id":1594,"date":"2024-07-20T09:06:19","date_gmt":"2024-07-20T12:06:19","guid":{"rendered":"https:\/\/www.wurth.com.ar\/blog\/?p=1594"},"modified":"2024-07-24T16:26:07","modified_gmt":"2024-07-24T19:26:07","slug":"sierra-de-arco-para-que-sirve-caracteristicas-y-sus-partes","status":"publish","type":"post","link":"https:\/\/www.wurth.com.ar\/blog\/herramientas-manuales\/sierra-de-arco-para-que-sirve-caracteristicas-y-sus-partes\/","title":{"rendered":"Sierra de arco: para qu\u00e9 sirve, caracter\u00edsticas y sus partes"},"content":{"rendered":"<p><span style=\"font-weight: 400;\">La <\/span><a href=\"https:\/\/www.wurth.com.ar\/es\/tienda\/herramientas-manuales\/sierras-cepillos-limas\"><b>sierra de arco<\/b><\/a><span style=\"font-weight: 400;\"> es una herramienta que se utiliza para diversos rubros, por lo que muchos no tienen en claro cu\u00e1les son los aspectos claves a tener en cuenta al momento de una compra.\u00a0<\/span><\/p>\n<p><b>\u00bfPara qu\u00e9 sirve espec\u00edficamente? \u00bfCu\u00e1les son sus caracter\u00edsticas? \u00bfY sus partes?<\/b><span style=\"font-weight: 400;\"> Estas son las preguntas que muchos se hacen en ese escenario.\u00a0<\/span><\/p>\n<p><span style=\"font-weight: 400;\">Para todos ellos, es importante aclarar que no es un tema complejo ni mucho menos. Adem\u00e1s, una vez que incorporen todos los detalles necesarios, mejorar\u00e1n su desempe\u00f1o con una herramienta muy \u00fatil.<\/span><\/p>\n<p><span style=\"font-weight: 400;\">A continuaci\u00f3n, el informe completo de <\/span><b>W\u00fcrth <\/b><span style=\"font-weight: 400;\">para ser un experto en sierras de arco.<\/span><\/p>\n<span class='mb-center maxbutton-1-center'><span class='maxbutton-1-container mb-container'><a class=\"maxbutton-1 maxbutton maxbutton-boton\" target=\"_blank\" rel=\"noopener\" href=\"https:\/\/www.wurth.com.ar\/es\/tienda\/herramientas-manuales\/sierras-cepillos-limas\"><span class='mb-text'>Comprar sierra de arco en W\u00fcrth<\/span><\/a><\/span><\/span>\n<h2><span style=\"font-weight: 400;\">Qu\u00e9 es y para qu\u00e9 sirve la sierra de arco<\/span><\/h2>\n<p><span style=\"font-weight: 400;\">Se trata de una herramienta manual que posee<\/span><b> una pieza dentada de metal,<\/b><span style=\"font-weight: 400;\"> compuesto por un solo material o bimet\u00e1lica. La primera opci\u00f3n es menos duradera, mientras que la segunda es m\u00e1s flexible y no se rompe con facilidad.<\/span><\/p>\n<p><span style=\"font-weight: 400;\">La sierra de arco sirve para <\/span><b>cortar todo tipo de materiales, ya sea el metal, pl\u00e1stico y madera.\u00a0<\/b><\/p>\n<p><span style=\"font-weight: 400;\">Los dientes deben ser colocados en el arco deben ir hacia delante para que el corte sea correcto y controlado. De acuerdo al n\u00famero de dientes que tenga por pulgada se hace una clasificaci\u00f3n.<\/span><\/p>\n<div class=\"grid-container ba-caja-grid ba-caja-centrada\">\t\r\n\t<div class=\"grid-50 ba-ancho-40\">\t\t\r\n\t\t<a href=\"https:\/\/www.wurth.com.ar\/es\/tienda\/herramientas-manuales\/sierras-cepillos-limas\/hoja-de-sierra-linea-completa.html\" target=\"_blank\" rel=\"nofollow\">\r\n\t\t\t<img decoding=\"async\" class=\"ba-grid-imagen-individual\" src=\"https:\/\/www.wurth.com.ar\/img\/productos\/510-gr-hoja-de-sierra-de-dientes-progresiv.jpg\" width=\"100%\" \/>\r\n\t\t<\/a>\t\t\r\n\t<\/div>\r\n\t<div class=\"grid-50 ba-ancho-60\">\r\n\t\t<a href=\"https:\/\/www.wurth.com.ar\/es\/tienda\/herramientas-manuales\/sierras-cepillos-limas\/hoja-de-sierra-linea-completa.html\" target=\"_blank\" rel=\"nofollow\">\r\n\t\t\t<span class=\"ba-grid-titulo\">HOJA DE SIERRA - L\u00cdNEA COMPLETA<\/span>\r\n\t\t<\/a>\t\r\n\t\t<p class=\"ba-grid-descripcion\">Hoja de sierra HSS - Bimetal.<\/p>\r\n\t\t<a class=\"ba-boton-con-precio\" href=\"https:\/\/www.wurth.com.ar\/es\/tienda\/herramientas-manuales\/sierras-cepillos-limas\/hoja-de-sierra-linea-completa.html\" target=\"_blank\">VER PRODUCTO<\/a>\r\n\t<\/div>\r\n<\/div>\r\n\r\n\n<p><span style=\"font-weight: 400;\">Es importante destacar que mientras m\u00e1s dientes tenga, el corte ser\u00e1 m\u00e1s fino. De lo contrario, el corte ser\u00e1 m\u00e1s r\u00e1pido y menos preciso.\u00a0<\/span><\/p>\n<h2><span style=\"font-weight: 400;\">Partes de la sierra de arco<\/span><\/h2>\n<p><span style=\"font-weight: 400;\">La sierra de arco est\u00e1 compuesta por los siguientes elementos:<\/span><\/p>\n<ul>\n<li style=\"font-weight: 400;\" aria-level=\"1\"><b>Mango tipo pistola<\/b><span style=\"font-weight: 400;\">: es el que conecta el bastidor a la hoja y el que sirve para que el trabajador sostenga y mueva la herramienta para hacer el corte.<\/span><\/li>\n<li style=\"font-weight: 400;\" aria-level=\"1\"><b>Bastidor<\/b><span style=\"font-weight: 400;\">: es toda la estructura de la herramienta. Esta le da firmeza a la misma para que la hoja realice el corte. Puede ser fijo o ajustable.<\/span><\/li>\n<li style=\"font-weight: 400;\" aria-level=\"1\"><b>Hoja<\/b><span style=\"font-weight: 400;\">: compuesta por un solo metal o bimet\u00e1lica, la hoja es el elemento que corta los distintos materiales. Hay de distinta cantidad de dientes por pulgada.<\/span><\/li>\n<\/ul>\n<h2><span style=\"font-weight: 400;\">Tipos de sierras de arco<\/span><\/h2>\n<p><span style=\"font-weight: 400;\">Entre las caracter\u00edsticas de las sierras de arco se encuentran el material y dureza de la sierra, adem\u00e1s de la cantidad de dientes que estas poseen.<\/span><\/p>\n<p><span style=\"font-weight: 400;\">En ese marco, es importante saber qu\u00e9 tipo de herramienta elegir, a trav\u00e9s de una clasificaci\u00f3n sencilla basada en la cantidad de dientes por pulgada. Eso marcar\u00e1 para qu\u00e9 se puede aplicar la sierra.<\/span><\/p>\n<h3><span style=\"font-weight: 400;\">Sierras de 32 dientes por pulgada<\/span><\/h3>\n<p><span style=\"font-weight: 400;\">Esta herramienta se usa para <\/span><b>cortes finos en materiales como acero o tubos delgados, cobre o tuber\u00eda destinadas a la calefacci\u00f3n.\u00a0<\/b><\/p>\n<p><span style=\"font-weight: 400;\">Por la alta cantidad de dientes se puede hacer cortes m\u00e1s precisos.\u00a0<\/span><\/p>\n<h3><span style=\"font-weight: 400;\">Sierras de 24 dientes por pulgada<\/span><\/h3>\n<p><span style=\"font-weight: 400;\">Sirven para cortar tubos de mediano espesor. Tambi\u00e9n se utilizan para<\/span><b> cortes angulares de pared<\/b><span style=\"font-weight: 400;\">. Las <\/span><b>tuber\u00edas de cobre, metal, hierro, tornillos y tuerca<\/b><span style=\"font-weight: 400;\">s, son los materiales predilectos para este caso.<\/span><\/p>\n<div class=\"grid-container ba-caja-grid ba-caja-centrada\">\t\r\n\t<div class=\"grid-50 ba-ancho-40\">\t\t\r\n\t\t<a href=\"https:\/\/www.wurth.com.ar\/es\/tienda\/herramientas-manuales\/sierras-cepillos-limas\/arco-de-sierra-multiangulo.html\" target=\"_blank\" rel=\"nofollow\">\r\n\t\t\t<img decoding=\"async\" class=\"ba-grid-imagen-individual\" src=\"https:\/\/www.wurth.com.ar\/img\/productos\/2977-gr-arco-de-sierra-multiangulo.jpg\" width=\"100%\" \/>\r\n\t\t<\/a>\t\t\r\n\t<\/div>\r\n\t<div class=\"grid-50 ba-ancho-60\">\r\n\t\t<a href=\"https:\/\/www.wurth.com.ar\/es\/tienda\/herramientas-manuales\/sierras-cepillos-limas\/arco-de-sierra-multiangulo.html\" target=\"_blank\" rel=\"nofollow\">\r\n\t\t\t<span class=\"ba-grid-titulo\">Arco de sierra multi\u00e1ngulo<\/span>\r\n\t\t<\/a>\t\r\n\t\t<p class=\"ba-grid-descripcion\">Arco para sierras bimet\u00e1licas.<\/p>\r\n\t\t<a class=\"ba-boton-con-precio\" href=\"https:\/\/www.wurth.com.ar\/es\/tienda\/herramientas-manuales\/sierras-cepillos-limas\/arco-de-sierra-multiangulo.html\" target=\"_blank\">VER PRODUCTO<\/a>\r\n\t<\/div>\r\n<\/div>\r\n\r\n\n<h3><span style=\"font-weight: 400;\">Sierras de 18 dientes por pulgada<\/span><\/h3>\n<p><span style=\"font-weight: 400;\">Tiene 18 dientes, por lo que su principal uso son los <\/span><b>tubos de alta dureza tales como los de hierro o acero.<\/b><span style=\"font-weight: 400;\"> Se pueden usar para seleccionar superficies afectadas por el \u00f3xido.<\/span><\/p>\n<h3><span style=\"font-weight: 400;\">Sierras de 14 dientes por pulgada<\/span><\/h3>\n<p><span style=\"font-weight: 400;\">Se trata de la opci\u00f3n ideal para aquellos materiales que son m\u00e1s suaves. Se emplean en cortes de aluminio, hojalata, cables de electricidad y pl\u00e1stico.<\/span><\/p>\n<p><span style=\"font-weight: 400;\">Es una alternativa que se adapta a varias tareas dom\u00e9sticas.<\/span><\/p>\n<h3><span style=\"font-weight: 400;\">Sierras de 12 dientes por pulgada<\/span><\/h3>\n<p><span style=\"font-weight: 400;\">Es una herramienta bimet\u00e1lica que sirve para <\/span><b>cortar tuber\u00edas de mediano di\u00e1metro, madera y pl\u00e1stico.<\/b><\/p>\n<div class=\"grid-container ba-caja-grid ba-caja-centrada\">\t\r\n\t<div class=\"grid-50 ba-ancho-40\">\t\t\r\n\t\t<a href=\"https:\/\/www.wurth.com.ar\/es\/tienda\/herramientas-manuales\/sierras-cepillos-limas\/arco-de-sierra-metalico.html\" target=\"_blank\" rel=\"nofollow\">\r\n\t\t\t<img decoding=\"async\" class=\"ba-grid-imagen-individual\" src=\"https:\/\/www.wurth.com.ar\/img\/productos\/624-gr-arco-de-sierra-metalico.jpg\" width=\"100%\" \/>\r\n\t\t<\/a>\t\t\r\n\t<\/div>\r\n\t<div class=\"grid-50 ba-ancho-60\">\r\n\t\t<a href=\"https:\/\/www.wurth.com.ar\/es\/tienda\/herramientas-manuales\/sierras-cepillos-limas\/arco-de-sierra-metalico.html\" target=\"_blank\" rel=\"nofollow\">\r\n\t\t\t<span class=\"ba-grid-titulo\">Arco de sierra met\u00e1lico<\/span>\r\n\t\t<\/a>\t\r\n\t\t<p class=\"ba-grid-descripcion\">Arco para sierras bimet\u00e1licas.<\/p>\r\n\t\t<a class=\"ba-boton-con-precio\" href=\"https:\/\/www.wurth.com.ar\/es\/tienda\/herramientas-manuales\/sierras-cepillos-limas\/arco-de-sierra-metalico.html\" target=\"_blank\">VER PRODUCTO<\/a>\r\n\t<\/div>\r\n<\/div>\r\n\r\n\n<h2><span style=\"font-weight: 400;\">Sierra de arco, herramienta vers\u00e1til: usos profesionales y dom\u00e9sticos<\/span><\/h2>\n<p><span style=\"font-weight: 400;\">De esta manera, queda demostrado que<\/span><b> la sierra de arco es una herramienta vers\u00e1til que puede utilizarse tanto para fines profesionales como para dom\u00e9sticos.\u00a0<\/b><\/p>\n<p><span style=\"font-weight: 400;\">Se usa desde trabajos de plomer\u00eda, automotriz o de f\u00e1brica hasta carpinter\u00eda. Para ello hay que tener en cuenta su composici\u00f3n, que contempla el tipo de hoja de sierra<\/span><\/p>\n<p><span style=\"font-weight: 400;\">En ese sentido, es clave tener en cuenta si es de un solo metal o si es bimet\u00e1lica. Tambi\u00e9n la cantidad de dientes que tiene por pulgadas.\u00a0<\/span><\/p>\n<p><span style=\"font-weight: 400;\">Si te interesa saber m\u00e1s sobre las sierras de arco, se recomienda ingresar a la tienda oficial de W\u00fcrth para compararlas y ver cu\u00e1l se adapta m\u00e1s a tus necesidades. <\/span><\/p>\n  <div class=\"related-post grid\">\r\n      <div class=\"post-list \">\r\n\r\n            <div class=\"item\">\r\n            <div class=\"thumb post_thumb\">\r\n    <a  title=\"W\u00fcrth se presenta nuevamente en ExpoAgro 2024\" href=\"https:\/\/www.wurth.com.ar\/blog\/eventos-en-wurth-argentina\/wurth-se-presenta-nuevamente-en-expoagro-2024\/\">\r\n\r\n      <img loading=\"lazy\" decoding=\"async\" width=\"2560\" height=\"1305\" src=\"https:\/\/www.wurth.com.ar\/blog\/wp-content\/uploads\/2024\/01\/expoagro-2024-destacada-e1705592384593.jpg\" class=\"attachment-full size-full wp-post-image\" alt=\"\" srcset=\"https:\/\/www.wurth.com.ar\/blog\/wp-content\/uploads\/2024\/01\/expoagro-2024-destacada-e1705592384593.jpg 2560w, https:\/\/www.wurth.com.ar\/blog\/wp-content\/uploads\/2024\/01\/expoagro-2024-destacada-e1705592384593-300x153.jpg 300w, https:\/\/www.wurth.com.ar\/blog\/wp-content\/uploads\/2024\/01\/expoagro-2024-destacada-e1705592384593-1024x522.jpg 1024w, https:\/\/www.wurth.com.ar\/blog\/wp-content\/uploads\/2024\/01\/expoagro-2024-destacada-e1705592384593-768x392.jpg 768w, https:\/\/www.wurth.com.ar\/blog\/wp-content\/uploads\/2024\/01\/expoagro-2024-destacada-e1705592384593-1536x783.jpg 1536w, https:\/\/www.wurth.com.ar\/blog\/wp-content\/uploads\/2024\/01\/expoagro-2024-destacada-e1705592384593-2048x1044.jpg 2048w\" sizes=\"(max-width: 2560px) 100vw, 2560px\" \/>\r\n\r\n    <\/a>\r\n  <\/div>\r\n\r\n  <a class=\"title post_title\"  title=\"W\u00fcrth se presenta nuevamente en ExpoAgro 2024\" href=\"https:\/\/www.wurth.com.ar\/blog\/eventos-en-wurth-argentina\/wurth-se-presenta-nuevamente-en-expoagro-2024\/\">\r\n        W\u00fcrth se presenta nuevamente en ExpoAgro 2024  <\/a>\r\n\r\n  <p class=\"excerpt post_excerpt\">\r\n    W\u00fcrth Argentina participar\u00e1 nuevamente en ExpoAgro 2024, el evento l\u00edder del sector que re\u00fane a los principales exponentes de la <a class=\"read-more\" href=\"https:\/\/www.wurth.com.ar\/blog\/eventos-en-wurth-argentina\/wurth-se-presenta-nuevamente-en-expoagro-2024\/\"> Leer m\u00e1s<\/a>  <\/p>\r\n        <\/div>\r\n              <div class=\"item\">\r\n            <div class=\"thumb post_thumb\">\r\n    <a  title=\"Llega el Work Out Week de W\u00fcrth: herramientas exclusivas, ofertas y solidaridad\" href=\"https:\/\/www.wurth.com.ar\/blog\/eventos-en-wurth-argentina\/llega-el-work-out-week-de-wurth-herramientas-exclusivas-ofertas-y-solidaridad\/\">\r\n\r\n      <img loading=\"lazy\" decoding=\"async\" width=\"600\" height=\"200\" src=\"https:\/\/www.wurth.com.ar\/blog\/wp-content\/uploads\/2024\/04\/workouttt.jpg\" class=\"attachment-full size-full wp-post-image\" alt=\"\" srcset=\"https:\/\/www.wurth.com.ar\/blog\/wp-content\/uploads\/2024\/04\/workouttt.jpg 600w, https:\/\/www.wurth.com.ar\/blog\/wp-content\/uploads\/2024\/04\/workouttt-300x100.jpg 300w\" sizes=\"(max-width: 600px) 100vw, 600px\" \/>\r\n\r\n    <\/a>\r\n  <\/div>\r\n\r\n  <a class=\"title post_title\"  title=\"Llega el Work Out Week de W\u00fcrth: herramientas exclusivas, ofertas y solidaridad\" href=\"https:\/\/www.wurth.com.ar\/blog\/eventos-en-wurth-argentina\/llega-el-work-out-week-de-wurth-herramientas-exclusivas-ofertas-y-solidaridad\/\">\r\n        Llega el Work Out Week de W\u00fcrth: herramientas exclusivas, ofertas y solidaridad  <\/a>\r\n\r\n  <p class=\"excerpt post_excerpt\">\r\n    En W\u00fcrth, cada momento es una oportunidad para innovar y acercarnos m\u00e1s a nuestros clientes. Durante Abril, del 22 al <a class=\"read-more\" href=\"https:\/\/www.wurth.com.ar\/blog\/eventos-en-wurth-argentina\/llega-el-work-out-week-de-wurth-herramientas-exclusivas-ofertas-y-solidaridad\/\"> Leer m\u00e1s<\/a>  <\/p>\r\n        <\/div>\r\n              <div class=\"item\">\r\n            <div class=\"thumb post_thumb\">\r\n    <a  title=\"D\u00eda internacional de la seguridad y la salud en el trabajo\" href=\"https:\/\/www.wurth.com.ar\/blog\/sin-categoria\/dia-internacional-de-la-seguridad-y-la-salud-en-el-trabajo\/\">\r\n\r\n      <img loading=\"lazy\" decoding=\"async\" width=\"1500\" height=\"844\" src=\"https:\/\/www.wurth.com.ar\/blog\/wp-content\/uploads\/2024\/04\/amoladora-destacada-2.jpg\" class=\"attachment-full size-full wp-post-image\" alt=\"\" srcset=\"https:\/\/www.wurth.com.ar\/blog\/wp-content\/uploads\/2024\/04\/amoladora-destacada-2.jpg 1500w, https:\/\/www.wurth.com.ar\/blog\/wp-content\/uploads\/2024\/04\/amoladora-destacada-2-300x169.jpg 300w, https:\/\/www.wurth.com.ar\/blog\/wp-content\/uploads\/2024\/04\/amoladora-destacada-2-1024x576.jpg 1024w, https:\/\/www.wurth.com.ar\/blog\/wp-content\/uploads\/2024\/04\/amoladora-destacada-2-768x432.jpg 768w\" sizes=\"(max-width: 1500px) 100vw, 1500px\" \/>\r\n\r\n    <\/a>\r\n  <\/div>\r\n\r\n  <a class=\"title post_title\"  title=\"D\u00eda internacional de la seguridad y la salud en el trabajo\" href=\"https:\/\/www.wurth.com.ar\/blog\/sin-categoria\/dia-internacional-de-la-seguridad-y-la-salud-en-el-trabajo\/\">\r\n        D\u00eda internacional de la seguridad y la salud en el trabajo  <\/a>\r\n\r\n  <p class=\"excerpt post_excerpt\">\r\n    El 28 de abril marca un hecho clave en el calendario laboral como el D\u00eda Mundial de la Seguridad y <a class=\"read-more\" href=\"https:\/\/www.wurth.com.ar\/blog\/sin-categoria\/dia-internacional-de-la-seguridad-y-la-salud-en-el-trabajo\/\"> Leer m\u00e1s<\/a>  <\/p>\r\n        <\/div>\r\n              <div class=\"item\">\r\n            <div class=\"thumb post_thumb\">\r\n    <a  title=\"Remaches pop medidas: \u00bfCu\u00e1les son las medidas de los remaches?\" href=\"https:\/\/www.wurth.com.ar\/blog\/remachadoras\/remaches-pop-medidas-cuales-son-las-medidas-de-los-remaches\/\">\r\n\r\n      <img loading=\"lazy\" decoding=\"async\" width=\"632\" height=\"533\" src=\"https:\/\/www.wurth.com.ar\/blog\/wp-content\/uploads\/2022\/09\/remaches.jpg\" class=\"attachment-full size-full wp-post-image\" alt=\"tipos de remaches\" srcset=\"https:\/\/www.wurth.com.ar\/blog\/wp-content\/uploads\/2022\/09\/remaches.jpg 632w, https:\/\/www.wurth.com.ar\/blog\/wp-content\/uploads\/2022\/09\/remaches-300x253.jpg 300w\" sizes=\"(max-width: 632px) 100vw, 632px\" \/>\r\n\r\n    <\/a>\r\n  <\/div>\r\n\r\n  <a class=\"title post_title\"  title=\"Remaches pop medidas: \u00bfCu\u00e1les son las medidas de los remaches?\" href=\"https:\/\/www.wurth.com.ar\/blog\/remachadoras\/remaches-pop-medidas-cuales-son-las-medidas-de-los-remaches\/\">\r\n        Remaches pop medidas: \u00bfCu\u00e1les son las medidas de los remaches?  <\/a>\r\n\r\n  <p class=\"excerpt post_excerpt\">\r\n    Las medidas de los remaches pop son tan variadas que muchas veces no sabemos hasta cu\u00e1les existen y c\u00f3mo elegir <a class=\"read-more\" href=\"https:\/\/www.wurth.com.ar\/blog\/remachadoras\/remaches-pop-medidas-cuales-son-las-medidas-de-los-remaches\/\"> Leer m\u00e1s<\/a>  <\/p>\r\n        <\/div>\r\n              <div class=\"item\">\r\n            <div class=\"thumb post_thumb\">\r\n    <a  title=\"Protecci\u00f3n, limpieza y cuidado\" href=\"https:\/\/www.wurth.com.ar\/blog\/caja-de-herramientas\/proteccion-limpieza-y-cuidado\/\">\r\n\r\n      <img loading=\"lazy\" decoding=\"async\" width=\"1000\" height=\"662\" src=\"https:\/\/www.wurth.com.ar\/blog\/wp-content\/uploads\/2024\/06\/crema.avif\" class=\"attachment-full size-full wp-post-image\" alt=\"\" srcset=\"https:\/\/www.wurth.com.ar\/blog\/wp-content\/uploads\/2024\/06\/crema.avif 1000w, https:\/\/www.wurth.com.ar\/blog\/wp-content\/uploads\/2024\/06\/crema-300x199.avif 300w, https:\/\/www.wurth.com.ar\/blog\/wp-content\/uploads\/2024\/06\/crema-768x508.avif 768w\" sizes=\"(max-width: 1000px) 100vw, 1000px\" \/>\r\n\r\n    <\/a>\r\n  <\/div>\r\n\r\n  <a class=\"title post_title\"  title=\"Protecci\u00f3n, limpieza y cuidado\" href=\"https:\/\/www.wurth.com.ar\/blog\/caja-de-herramientas\/proteccion-limpieza-y-cuidado\/\">\r\n        Protecci\u00f3n, limpieza y cuidado  <\/a>\r\n\r\n  <p class=\"excerpt post_excerpt\">\r\n    En nuestro d\u00eda a d\u00eda, nuestras manos enfrentan desaf\u00edos constantes. Desde trabajos pesados hasta tareas cotidianas, las manos acumulan suciedad <a class=\"read-more\" href=\"https:\/\/www.wurth.com.ar\/blog\/caja-de-herramientas\/proteccion-limpieza-y-cuidado\/\"> Leer m\u00e1s<\/a>  <\/p>\r\n        <\/div>\r\n              <div class=\"item\">\r\n            <div class=\"thumb post_thumb\">\r\n    <a  title=\"Gu\u00eda definitiva para usar cinta de enmascarar automotriz sin filtraciones\" href=\"https:\/\/www.wurth.com.ar\/blog\/sin-categoria\/guia-definitiva-para-usar-cinta-de-enmascarar-automotriz-sin-filtraciones\/\">\r\n\r\n      <img loading=\"lazy\" decoding=\"async\" width=\"2560\" height=\"1707\" src=\"https:\/\/www.wurth.com.ar\/blog\/wp-content\/uploads\/2024\/01\/chapa-y-pitura-2.jpg\" class=\"attachment-full size-full wp-post-image\" alt=\"\" srcset=\"https:\/\/www.wurth.com.ar\/blog\/wp-content\/uploads\/2024\/01\/chapa-y-pitura-2.jpg 2560w, https:\/\/www.wurth.com.ar\/blog\/wp-content\/uploads\/2024\/01\/chapa-y-pitura-2-300x200.jpg 300w, https:\/\/www.wurth.com.ar\/blog\/wp-content\/uploads\/2024\/01\/chapa-y-pitura-2-1024x683.jpg 1024w, https:\/\/www.wurth.com.ar\/blog\/wp-content\/uploads\/2024\/01\/chapa-y-pitura-2-768x512.jpg 768w, https:\/\/www.wurth.com.ar\/blog\/wp-content\/uploads\/2024\/01\/chapa-y-pitura-2-1536x1024.jpg 1536w, https:\/\/www.wurth.com.ar\/blog\/wp-content\/uploads\/2024\/01\/chapa-y-pitura-2-2048x1366.jpg 2048w\" sizes=\"(max-width: 2560px) 100vw, 2560px\" \/>\r\n\r\n    <\/a>\r\n  <\/div>\r\n\r\n  <a class=\"title post_title\"  title=\"Gu\u00eda definitiva para usar cinta de enmascarar automotriz sin filtraciones\" href=\"https:\/\/www.wurth.com.ar\/blog\/sin-categoria\/guia-definitiva-para-usar-cinta-de-enmascarar-automotriz-sin-filtraciones\/\">\r\n        Gu\u00eda definitiva para usar cinta de enmascarar automotriz sin filtraciones  <\/a>\r\n\r\n  <p class=\"excerpt post_excerpt\">\r\n    \u00bfAlguna vez te preguntaste c\u00f3mo los profesionales consiguen ese acabado impecable en la pintura de los autos, libre de cualquier <a class=\"read-more\" href=\"https:\/\/www.wurth.com.ar\/blog\/sin-categoria\/guia-definitiva-para-usar-cinta-de-enmascarar-automotriz-sin-filtraciones\/\"> Leer m\u00e1s<\/a>  <\/p>\r\n        <\/div>\r\n      \r\n  <\/div>\r\n\r\n  <script>\r\n      <\/script>\r\n  <style>\r\n    .related-post {}\r\n\r\n    .related-post .post-list {\r\n      text-align: left;\r\n          }\r\n\r\n    .related-post .post-list .item {\r\n      margin: 10px;\r\n      padding: 5px;\r\n          }\r\n\r\n    .related-post .headline {\r\n      font-size: 18px !important;\r\n      color: #999999 !important;\r\n          }\r\n\r\n    .related-post .post-list .item .post_thumb {\r\n      max-height: 220px;\r\n      margin: 10px 0px;\r\n      padding: 0px;\r\n      display: block;\r\n          }\r\n\r\n    .related-post .post-list .item .post_title {\r\n      font-size: 16px;\r\n      color: #3f3f3f;\r\n      margin: 10px 0px;\r\n      padding: 0px;\r\n      display: block;\r\n      text-decoration: none;\r\n          }\r\n\r\n    .related-post .post-list .item .post_excerpt {\r\n      font-size: 13px;\r\n      color: #3f3f3f;\r\n      margin: 10px 0px;\r\n      padding: 0px;\r\n      display: block;\r\n      text-decoration: none;\r\n          }\r\n\r\n    @media only screen and (min-width: 1024px) {\r\n      .related-post .post-list .item {\r\n        width: 45%;\r\n      }\r\n    }\r\n\r\n    @media only screen and (min-width: 768px) and (max-width: 1023px) {\r\n      .related-post .post-list .item {\r\n        width: 90%;\r\n      }\r\n    }\r\n\r\n    @media only screen and (min-width: 0px) and (max-width: 767px) {\r\n      .related-post .post-list .item {\r\n        width: 90%;\r\n      }\r\n    }\r\n\r\n      <\/style>\r\n    <\/div>\r\n","protected":false},"excerpt":{"rendered":"<p>La sierra de arco es una herramienta que se utiliza para diversos rubros, por lo que muchos no tienen en claro cu\u00e1les son los aspectos claves a tener en cuenta al momento de una compra.\u00a0 \u00bfPara qu\u00e9 sirve espec\u00edficamente? \u00bfCu\u00e1les son sus caracter\u00edsticas? \u00bfY sus partes? Estas son las preguntas que muchos se hacen en &#8230; <a title=\"Sujet\u00e1 fuerte con las abrazaderas: \u00bfqu\u00e9 son y para qu\u00e9 sirven?\" class=\"read-more\" href=\"https:\/\/www.wurth.com.ar\/blog\/accesorios-vehiculos\/sujeta-fuerte-con-las-abrazaderas-que-son-y-para-que-sirven\/\" aria-label=\"More on Sujet\u00e1 fuerte con las abrazaderas: \u00bfqu\u00e9 son y para qu\u00e9 sirven?\">Leer m\u00e1s<\/a><\/p>\n","protected":false},"author":3,"featured_media":1614,"comment_status":"closed","ping_status":"open","sticky":false,"template":"","format":"standard","meta":{"footnotes":""},"categories":[47,1],"tags":[],"_links":{"self":[{"href":"https:\/\/www.wurth.com.ar\/blog\/wp-json\/wp\/v2\/posts\/1594"}],"collection":[{"href":"https:\/\/www.wurth.com.ar\/blog\/wp-json\/wp\/v2\/posts"}],"about":[{"href":"https:\/\/www.wurth.com.ar\/blog\/wp-json\/wp\/v2\/types\/post"}],"author":[{"embeddable":true,"href":"https:\/\/www.wurth.com.ar\/blog\/wp-json\/wp\/v2\/users\/3"}],"replies":[{"embeddable":true,"href":"https:\/\/www.wurth.com.ar\/blog\/wp-json\/wp\/v2\/comments?post=1594"}],"version-history":[{"count":5,"href":"https:\/\/www.wurth.com.ar\/blog\/wp-json\/wp\/v2\/posts\/1594\/revisions"}],"predecessor-version":[{"id":1628,"href":"https:\/\/www.wurth.com.ar\/blog\/wp-json\/wp\/v2\/posts\/1594\/revisions\/1628"}],"wp:featuredmedia":[{"embeddable":true,"href":"https:\/\/www.wurth.com.ar\/blog\/wp-json\/wp\/v2\/media\/1614"}],"wp:attachment":[{"href":"https:\/\/www.wurth.com.ar\/blog\/wp-json\/wp\/v2\/media?parent=1594"}],"wp:term":[{"taxonomy":"category","embeddable":true,"href":"https:\/\/www.wurth.com.ar\/blog\/wp-json\/wp\/v2\/categories?post=1594"},{"taxonomy":"post_tag","embeddable":true,"href":"https:\/\/www.wurth.com.ar\/blog\/wp-json\/wp\/v2\/tags?post=1594"}],"curies":[{"name":"wp","href":"https:\/\/api.w.org\/{rel}","templated":true}]}}