{"id":1540,"date":"2024-06-30T14:46:20","date_gmt":"2024-06-30T17:46:20","guid":{"rendered":"https:\/\/www.wurth.com.ar\/blog\/?p=1540"},"modified":"2025-05-15T16:26:11","modified_gmt":"2025-05-15T19:26:11","slug":"5-consejos-para-aplicar-correctamente-la-masilla-para-auto","status":"publish","type":"post","link":"https:\/\/www.wurth.com.ar\/blog\/masilla\/5-consejos-para-aplicar-correctamente-la-masilla-para-auto\/","title":{"rendered":"5 consejos para aplicar correctamente la masilla para auto"},"content":{"rendered":"<p><span style=\"font-weight: 400;\">El mundo automotriz es muy amplio, por lo que hay que estar informado para llevar a cabo cualquier tipo de reparaci\u00f3n. Como hay nociones b\u00e1sicas para aplicar <\/span><a href=\"https:\/\/www.wurth.com.ar\/es\/tienda\/productos-quimicos\/masillas\/\"><b>masilla para durlock<\/b><\/a><span style=\"font-weight: 400;\">, tambi\u00e9n las hay para hacerlo en un auto.<\/span><\/p>\n<p><span style=\"font-weight: 400;\">Es que para el masillado de un veh\u00edculo no solo hay que saber c\u00f3mo colocarlo, sino que tambi\u00e9n c\u00f3mo prepararlo, entre otras cosas.<\/span><\/p>\n<p><span style=\"font-weight: 400;\">De todos modos, no hay de qu\u00e9 preocuparse. <\/span><b>No es una tarea compleja<\/b><span style=\"font-weight: 400;\">, sino que, por el contrario, puede hacerlo cualquier persona.<\/span><\/p>\n<p><span style=\"font-weight: 400;\">En este art\u00edculo de <\/span><b>W\u00fcrth <\/b><span style=\"font-weight: 400;\">vas a poder incorporar todos los conocimientos necesarios para que tu auto quede en perfectas condiciones, con un masillado profesional.\u00a0<\/span><\/p>\n<span class='mb-center maxbutton-1-center'><span class='maxbutton-1-container mb-container'><a class=\"maxbutton-1 maxbutton maxbutton-boton\" target=\"_blank\" rel=\"noopener\" href=\"https:\/\/www.wurth.com.ar\/es\/tienda\/productos-quimicos\/masillas\/\"><span class='mb-text'>Comprar masilla en W\u00fcrth <\/span><\/a><\/span><\/span>\n<h1><span style=\"font-weight: 400;\">Qu\u00e9 es la masilla para auto<\/span><\/h1>\n<p><span style=\"font-weight: 400;\">La masilla para auto es una <\/span><b>pintura de fondo<\/b><span style=\"font-weight: 400;\"> que sirve para rellenar e igualar la superficie de la carrocer\u00eda luego de ser arreglada. Este producto se seca y endurece gracias a que est\u00e1 compuesto por dos componentes que se mezclan con un catalizador de per\u00f3xido de benzoilo.<\/span><\/p>\n<h2><span style=\"font-weight: 400;\">C\u00f3mo masillar correctamente un auto<\/span><\/h2>\n<p><span style=\"font-weight: 400;\">Para masillar correctamente un auto se debe llevar a cabo un proceso puntual, que se detallar\u00e1 a continuaci\u00f3n:\u00a0<\/span><\/p>\n<ol>\n<li style=\"font-weight: 400;\" aria-level=\"1\"><span style=\"font-weight: 400;\">Sacar la pintura si se realiz\u00f3 un arreglo de manera manual. Se debe usar una herramienta rotativa con un disco abrasivo.<\/span><\/li>\n<li style=\"font-weight: 400;\" aria-level=\"1\"><span style=\"font-weight: 400;\">Lijar la zona en la que se va a aplicar la masilla. Se emplea una herramienta rotorbital con un disco abrasivo de grano.<\/span><\/li>\n<li style=\"font-weight: 400;\" aria-level=\"1\"><span style=\"font-weight: 400;\">Para que en la zona lijada adhiera la masilla, se recomienda matizar la periferia del parche.<\/span><\/li>\n<li style=\"font-weight: 400;\" aria-level=\"1\"><span style=\"font-weight: 400;\">Quitar la suciedad de la superficie e incluso desengrasarla para que la masilla se adhiera.<\/span><\/li>\n<li style=\"font-weight: 400;\" aria-level=\"1\"><span style=\"font-weight: 400;\">Mezclar la masilla con el catalizador en la proporci\u00f3n indicada en el envase. La mezcla debe ser homog\u00e9nea, de modo tal de que se seque de forma uniforme. Colocarla con movimientos circulares. Los movimientos de la aplicaci\u00f3n deben ser cortos, de un extremo a otro, siempre en la misma direcci\u00f3n.<\/span><\/li>\n<li style=\"font-weight: 400;\" aria-level=\"1\"><span style=\"font-weight: 400;\">Lijar la masilla luego que se seque, proceso que demora entre 20 y 30 minutos aproximadamente.\u00a0<\/span><\/li>\n<li style=\"font-weight: 400;\" aria-level=\"1\"><span style=\"font-weight: 400;\">Continuar con el proceso de acabado correspondiente despu\u00e9s de que la lija haya sido lijada, afinada e integrada.\u00a0<\/span><\/li>\n<\/ol>\n<p><iframe loading=\"lazy\" title=\"Masillas El\u00e1sticas de Poli\u00e9ster | W\u00fcrth\" width=\"1200\" height=\"675\" src=\"https:\/\/www.youtube.com\/embed\/_yER8-Loze4?feature=oembed\" frameborder=\"0\" allow=\"accelerometer; autoplay; clipboard-write; encrypted-media; gyroscope; picture-in-picture; web-share\" referrerpolicy=\"strict-origin-when-cross-origin\" allowfullscreen><\/iframe><\/p>\n<h2><span style=\"font-weight: 400;\">Consejos para aplicar masilla en un auto<\/span><\/h2>\n<p><span style=\"font-weight: 400;\">M\u00e1s all\u00e1 del proceso de aplicaci\u00f3n, es importante tener en cuenta ciertos consejos para que la tarea se lleve a cabo a la perfecci\u00f3n.<\/span><\/p>\n<p><span style=\"font-weight: 400;\"><div class=\"grid-container ba-caja-grid ba-caja-centrada\">\t\r\n\t<div class=\"grid-50 ba-ancho-40\">\t\t\r\n\t\t<a href=\"https:\/\/www.wurth.com.ar\/tienda\/masilla-vaku-finish-1kg.html\" target=\"_blank\" rel=\"nofollow\">\r\n\t\t\t<img decoding=\"async\" class=\"ba-grid-imagen-individual\" src=\"https:\/\/www.wurth.com.ar\/img\/productos\/351716-gr-masilla-finish-1kg.jpg\" width=\"100%\" \/>\r\n\t\t<\/a>\t\t\r\n\t<\/div>\r\n\t<div class=\"grid-50 ba-ancho-60\">\r\n\t\t<a href=\"https:\/\/www.wurth.com.ar\/tienda\/masilla-vaku-finish-1kg.html\" target=\"_blank\" rel=\"nofollow\">\r\n\t\t\t<span class=\"ba-grid-titulo\">MASILLA VAKU FINISH 1KG<\/span>\r\n\t\t<\/a>\t\r\n\t\t<p class=\"ba-grid-descripcion\">Masillas el\u00e1sticas de poli\u00e9ster<\/p>\r\n\t\t<a class=\"ba-boton-con-precio\" href=\"https:\/\/www.wurth.com.ar\/tienda\/masilla-vaku-finish-1kg.html\" target=\"_blank\">VER PRODUCTO<\/a>\r\n\t<\/div>\r\n<\/div>\r\n\r\n<\/span><\/p>\n<h3><span style=\"font-weight: 400;\">Elegir la masilla adecuada<\/span><\/h3>\n<p><span style=\"font-weight: 400;\">El primer paso es<\/span><b> elegir la masilla adecuada para la superficie en la que vamos a trabajar <\/b><span style=\"font-weight: 400;\">para obtener una gran adherencia.<\/span><\/p>\n<h3><span style=\"font-weight: 400;\">Preparar la superficie antes de trabajar<\/span><\/h3>\n<p><span style=\"font-weight: 400;\">Por otro lado, antes de pasar la masilla, hay que <\/span><b>nivelar los bordes de pintura con la ayuda de una lija <\/b><span style=\"font-weight: 400;\">y alguna herramienta puntual para dejar pareja la zona. Luego, hay que limpiar los residuos generados.<\/span><\/p>\n<h3><span style=\"font-weight: 400;\">Preparar la mezcla de manera adecuada<\/span><\/h3>\n<p><span style=\"font-weight: 400;\">Cada producto explica en su envase, en la secci\u00f3n de ficha t\u00e9cnica,<\/span><b> qu\u00e9 proporciones de contenidos se deben mezclar para llevar a cabo el enmasillado<\/b><span style=\"font-weight: 400;\">. De no hacerlo, puede ocurrir que la masilla no adhiera como esperamos.<\/span><\/p>\n<p><span style=\"font-weight: 400;\">Al colocarla, es importante que est\u00e9 uniforme y, al removerla, buscar que ingrese la menor cantidad de aire posible.\u00a0<\/span><\/p>\n<div class=\"grid-container ba-caja-grid ba-caja-centrada\">\t\r\n\t<div class=\"grid-50 ba-ancho-40\">\t\t\r\n\t\t<a href=\"https:\/\/www.wurth.com.ar\/es\/tienda\/productos-quimicos\/masillas\/masilla-vaku-light-1-5kg.html\" target=\"_blank\" rel=\"nofollow\">\r\n\t\t\t<img decoding=\"async\" class=\"ba-grid-imagen-individual\" src=\"https:\/\/www.wurth.com.ar\/img\/productos\/351719-gr-masilla-vaku-light-1-5kg.jpg\" width=\"100%\" \/>\r\n\t\t<\/a>\t\t\r\n\t<\/div>\r\n\t<div class=\"grid-50 ba-ancho-60\">\r\n\t\t<a href=\"https:\/\/www.wurth.com.ar\/es\/tienda\/productos-quimicos\/masillas\/masilla-vaku-light-1-5kg.html\" target=\"_blank\" rel=\"nofollow\">\r\n\t\t\t<span class=\"ba-grid-titulo\">MASILLA VAKU LIGHT 1,5L<\/span>\r\n\t\t<\/a>\t\r\n\t\t<p class=\"ba-grid-descripcion\">Masillas el\u00e1sticas de poli\u00e9ster<\/p>\r\n\t\t<a class=\"ba-boton-con-precio\" href=\"https:\/\/www.wurth.com.ar\/es\/tienda\/productos-quimicos\/masillas\/masilla-vaku-light-1-5kg.html\" target=\"_blank\">VER PRODUCTO<\/a>\r\n\t<\/div>\r\n<\/div>\r\n\r\n\n<p><span style=\"font-weight: 400;\">El uso excesivo del catalizador en la mezcla provoca un endurecimiento de la masilla m\u00e1s r\u00e1pido, manchas y sangrados. Si se usa menos de lo recomendado, puede pasar que no seque ni se endurezca lo necesario.<\/span><\/p>\n<h3><span style=\"font-weight: 400;\">C\u00f3mo aplicar la masilla de poli\u00e9ster<\/span><\/h3>\n<p><span style=\"font-weight: 400;\">Cuando aplicamos la masilla de poli\u00e9ster hay que esparcirla de forma homog\u00e9nea, de extremo a extremo, con una presi\u00f3n justa de la esp\u00e1tula, al mismo tiempo que se deben realizar movimientos circulares. As\u00ed, la superficie quedar\u00e1 lisa y regular.\u00a0<\/span><\/p>\n<p><span style=\"font-weight: 400;\">Se aconseja colocarla en peque\u00f1as cantidades para que no se seque antes de tiempo y que no tengamos manera de recuperar el trabajo.<\/span><\/p>\n<p><span style=\"font-weight: 400;\">Si colocamos mucho producto, generar\u00e1 un problema como el de la rigidez en la superficie, por lo que el lijado ser\u00e1 m\u00e1s dificultoso. En caso contrario, quiz\u00e1s no se adhiera de la manera correcta.<\/span><\/p>\n<h3><span style=\"font-weight: 400;\">Respetar el tiempo de secado de la masilla<\/span><\/h3>\n<p><span style=\"font-weight: 400;\">Siempre es importante respetar el tiempo de secado en la ficha t\u00e9cnica del fabricante, que suele ser<\/span><b> entre los 20 y 30 minutos.<\/b><\/p>\n<p><span style=\"font-weight: 400;\">Si se deja que el proceso de secado sea mayor, la masilla se endurece mucho y no se podr\u00e1 lijar con facilidad. En tanto, si no se deja que se seque el tiempo adecuado, puede generar inconvenientes por embozamiento en el lijado.<\/span><\/p>\n<h2><span style=\"font-weight: 400;\">Aplic\u00e1 masilla para auto de forma correcta para que la superficie est\u00e9 perfecta<\/span><\/h2>\n<p><span style=\"font-weight: 400;\">La masilla para auto <\/span><b>debe colocarse de forma correcta para que la superficie est\u00e9 en \u00f3ptimas condiciones<\/b><span style=\"font-weight: 400;\">, de modo que se pueda pintar bien luego.<\/span><\/p>\n<p><span style=\"font-weight: 400;\">No solo hay que tener en cuenta el procedimiento puntual para hacerlo, sino que tambi\u00e9n una serie de consejos que te permitan hacer de la tarea mucho m\u00e1s eficaz.\u00a0<\/span><\/p>\n<p><span style=\"font-weight: 400;\">Por ejemplo, elegir la masilla adecuada para la superficie, preparar la zona de trabajo y realizar la mezcla justa con el catalizador, entre otras cosas.<\/span><\/p>\n<p><span style=\"font-weight: 400;\">Si te sirvi\u00f3 esta informaci\u00f3n y est\u00e1s buscando reparar tu veh\u00edculo, te recomendamos ingresar a nuestra tienda oficial para que veas todos los productos disponibles.<\/span><\/p>\n  <div class=\"related-post grid\">\r\n      <div class=\"post-list \">\r\n\r\n            <div class=\"item\">\r\n            <div class=\"thumb post_thumb\">\r\n    <a  title=\"Protecci\u00f3n, limpieza y cuidado\" href=\"https:\/\/www.wurth.com.ar\/blog\/caja-de-herramientas\/proteccion-limpieza-y-cuidado\/\">\r\n\r\n      <img loading=\"lazy\" decoding=\"async\" width=\"1000\" height=\"662\" src=\"https:\/\/www.wurth.com.ar\/blog\/wp-content\/uploads\/2024\/06\/crema.avif\" class=\"attachment-full size-full wp-post-image\" alt=\"\" srcset=\"https:\/\/www.wurth.com.ar\/blog\/wp-content\/uploads\/2024\/06\/crema.avif 1000w, https:\/\/www.wurth.com.ar\/blog\/wp-content\/uploads\/2024\/06\/crema-300x199.avif 300w, https:\/\/www.wurth.com.ar\/blog\/wp-content\/uploads\/2024\/06\/crema-768x508.avif 768w\" sizes=\"(max-width: 1000px) 100vw, 1000px\" \/>\r\n\r\n    <\/a>\r\n  <\/div>\r\n\r\n  <a class=\"title post_title\"  title=\"Protecci\u00f3n, limpieza y cuidado\" href=\"https:\/\/www.wurth.com.ar\/blog\/caja-de-herramientas\/proteccion-limpieza-y-cuidado\/\">\r\n        Protecci\u00f3n, limpieza y cuidado  <\/a>\r\n\r\n  <p class=\"excerpt post_excerpt\">\r\n    En nuestro d\u00eda a d\u00eda, nuestras manos enfrentan desaf\u00edos constantes. Desde trabajos pesados hasta tareas cotidianas, las manos acumulan suciedad <a class=\"read-more\" href=\"https:\/\/www.wurth.com.ar\/blog\/caja-de-herramientas\/proteccion-limpieza-y-cuidado\/\"> Leer m\u00e1s<\/a>  <\/p>\r\n        <\/div>\r\n              <div class=\"item\">\r\n            <div class=\"thumb post_thumb\">\r\n    <a  title=\"Caja de herramientas profesional: lo que no puede faltar\" href=\"https:\/\/www.wurth.com.ar\/blog\/caja-de-herramientas\/caja-de-herramientas-profesional-lo-que-no-puede-faltar\/\">\r\n\r\n      <img loading=\"lazy\" decoding=\"async\" width=\"500\" height=\"333\" src=\"https:\/\/www.wurth.com.ar\/blog\/wp-content\/uploads\/2022\/11\/destacada-caja-de-herramientas.jpg\" class=\"attachment-full size-full wp-post-image\" alt=\"caja de herramientas\" srcset=\"https:\/\/www.wurth.com.ar\/blog\/wp-content\/uploads\/2022\/11\/destacada-caja-de-herramientas.jpg 500w, https:\/\/www.wurth.com.ar\/blog\/wp-content\/uploads\/2022\/11\/destacada-caja-de-herramientas-300x200.jpg 300w\" sizes=\"(max-width: 500px) 100vw, 500px\" \/>\r\n\r\n    <\/a>\r\n  <\/div>\r\n\r\n  <a class=\"title post_title\"  title=\"Caja de herramientas profesional: lo que no puede faltar\" href=\"https:\/\/www.wurth.com.ar\/blog\/caja-de-herramientas\/caja-de-herramientas-profesional-lo-que-no-puede-faltar\/\">\r\n        Caja de herramientas profesional: lo que no puede faltar  <\/a>\r\n\r\n  <p class=\"excerpt post_excerpt\">\r\n    Una caja de herramientas profesional es un recurso indispensable para un trabajador. De no contar con una completa, muchas tareas <a class=\"read-more\" href=\"https:\/\/www.wurth.com.ar\/blog\/caja-de-herramientas\/caja-de-herramientas-profesional-lo-que-no-puede-faltar\/\"> Leer m\u00e1s<\/a>  <\/p>\r\n        <\/div>\r\n              <div class=\"item\">\r\n            <div class=\"thumb post_thumb\">\r\n    <a  title=\"Gu\u00eda definitiva para usar cinta de enmascarar automotriz sin filtraciones\" href=\"https:\/\/www.wurth.com.ar\/blog\/sin-categoria\/guia-definitiva-para-usar-cinta-de-enmascarar-automotriz-sin-filtraciones\/\">\r\n\r\n      <img loading=\"lazy\" decoding=\"async\" width=\"2560\" height=\"1707\" src=\"https:\/\/www.wurth.com.ar\/blog\/wp-content\/uploads\/2024\/01\/chapa-y-pitura-2.jpg\" class=\"attachment-full size-full wp-post-image\" alt=\"\" srcset=\"https:\/\/www.wurth.com.ar\/blog\/wp-content\/uploads\/2024\/01\/chapa-y-pitura-2.jpg 2560w, https:\/\/www.wurth.com.ar\/blog\/wp-content\/uploads\/2024\/01\/chapa-y-pitura-2-300x200.jpg 300w, https:\/\/www.wurth.com.ar\/blog\/wp-content\/uploads\/2024\/01\/chapa-y-pitura-2-1024x683.jpg 1024w, https:\/\/www.wurth.com.ar\/blog\/wp-content\/uploads\/2024\/01\/chapa-y-pitura-2-768x512.jpg 768w, https:\/\/www.wurth.com.ar\/blog\/wp-content\/uploads\/2024\/01\/chapa-y-pitura-2-1536x1024.jpg 1536w, https:\/\/www.wurth.com.ar\/blog\/wp-content\/uploads\/2024\/01\/chapa-y-pitura-2-2048x1366.jpg 2048w\" sizes=\"(max-width: 2560px) 100vw, 2560px\" \/>\r\n\r\n    <\/a>\r\n  <\/div>\r\n\r\n  <a class=\"title post_title\"  title=\"Gu\u00eda definitiva para usar cinta de enmascarar automotriz sin filtraciones\" href=\"https:\/\/www.wurth.com.ar\/blog\/sin-categoria\/guia-definitiva-para-usar-cinta-de-enmascarar-automotriz-sin-filtraciones\/\">\r\n        Gu\u00eda definitiva para usar cinta de enmascarar automotriz sin filtraciones  <\/a>\r\n\r\n  <p class=\"excerpt post_excerpt\">\r\n    \u00bfAlguna vez te preguntaste c\u00f3mo los profesionales consiguen ese acabado impecable en la pintura de los autos, libre de cualquier <a class=\"read-more\" href=\"https:\/\/www.wurth.com.ar\/blog\/sin-categoria\/guia-definitiva-para-usar-cinta-de-enmascarar-automotriz-sin-filtraciones\/\"> Leer m\u00e1s<\/a>  <\/p>\r\n        <\/div>\r\n              <div class=\"item\">\r\n            <div class=\"thumb post_thumb\">\r\n    <a  title=\"Alicate herramienta: para qu\u00e9 sirve, qu\u00e9 es y c\u00f3mo afilar\" href=\"https:\/\/www.wurth.com.ar\/blog\/caja-de-herramientas\/alicate-herramienta-para-que-sirve-que-es-y-como-afilar\/\">\r\n\r\n              <img decoding=\"async\" src=\"\" title=\"Alicate herramienta: para qu\u00e9 sirve, qu\u00e9 es y c\u00f3mo afilar\" alt=\"Alicate herramienta: para qu\u00e9 sirve, qu\u00e9 es y c\u00f3mo afilar\">\r\n\r\n      \r\n\r\n    <\/a>\r\n  <\/div>\r\n\r\n  <a class=\"title post_title\"  title=\"Alicate herramienta: para qu\u00e9 sirve, qu\u00e9 es y c\u00f3mo afilar\" href=\"https:\/\/www.wurth.com.ar\/blog\/caja-de-herramientas\/alicate-herramienta-para-que-sirve-que-es-y-como-afilar\/\">\r\n        Alicate herramienta: para qu\u00e9 sirve, qu\u00e9 es y c\u00f3mo afilar  <\/a>\r\n\r\n  <p class=\"excerpt post_excerpt\">\r\n    Para uso profesional o dom\u00e9stico, un alicate es una de las herramientas m\u00e1s necesarias para nuestra caja de herramientas, debido <a class=\"read-more\" href=\"https:\/\/www.wurth.com.ar\/blog\/caja-de-herramientas\/alicate-herramienta-para-que-sirve-que-es-y-como-afilar\/\"> Leer m\u00e1s<\/a>  <\/p>\r\n        <\/div>\r\n              <div class=\"item\">\r\n            <div class=\"thumb post_thumb\">\r\n    <a  title=\"Sierras: tipos, caracter\u00edsticas y definici\u00f3n\" href=\"https:\/\/www.wurth.com.ar\/blog\/caja-de-herramientas\/sierra-herramienta-tipos-caracteristicas-y-definicion\/\">\r\n\r\n              <img decoding=\"async\" src=\"\" title=\"Sierras: tipos, caracter\u00edsticas y definici\u00f3n\" alt=\"Sierras: tipos, caracter\u00edsticas y definici\u00f3n\">\r\n\r\n      \r\n\r\n    <\/a>\r\n  <\/div>\r\n\r\n  <a class=\"title post_title\"  title=\"Sierras: tipos, caracter\u00edsticas y definici\u00f3n\" href=\"https:\/\/www.wurth.com.ar\/blog\/caja-de-herramientas\/sierra-herramienta-tipos-caracteristicas-y-definicion\/\">\r\n        Sierras: tipos, caracter\u00edsticas y definici\u00f3n  <\/a>\r\n\r\n  <p class=\"excerpt post_excerpt\">\r\n    Cada trabajo requiere de su propia herramienta. Las sierras ofrecen distintos tipos de soluciones, debido a su amplia variedad de <a class=\"read-more\" href=\"https:\/\/www.wurth.com.ar\/blog\/caja-de-herramientas\/sierra-herramienta-tipos-caracteristicas-y-definicion\/\"> Leer m\u00e1s<\/a>  <\/p>\r\n        <\/div>\r\n              <div class=\"item\">\r\n            <div class=\"thumb post_thumb\">\r\n    <a  title=\"\u00bfC\u00f3mo elegir la abrazadera ideal?\" href=\"https:\/\/www.wurth.com.ar\/blog\/sin-categoria\/como-elegir-la-abrazadera-ideal\/\">\r\n\r\n      <img loading=\"lazy\" decoding=\"async\" width=\"1254\" height=\"836\" src=\"https:\/\/www.wurth.com.ar\/blog\/wp-content\/uploads\/2023\/10\/abrazaderas-destacada.jpeg\" class=\"attachment-full size-full wp-post-image\" alt=\"\" srcset=\"https:\/\/www.wurth.com.ar\/blog\/wp-content\/uploads\/2023\/10\/abrazaderas-destacada.jpeg 1254w, https:\/\/www.wurth.com.ar\/blog\/wp-content\/uploads\/2023\/10\/abrazaderas-destacada-300x200.jpeg 300w, https:\/\/www.wurth.com.ar\/blog\/wp-content\/uploads\/2023\/10\/abrazaderas-destacada-1024x683.jpeg 1024w, https:\/\/www.wurth.com.ar\/blog\/wp-content\/uploads\/2023\/10\/abrazaderas-destacada-768x512.jpeg 768w\" sizes=\"(max-width: 1254px) 100vw, 1254px\" \/>\r\n\r\n    <\/a>\r\n  <\/div>\r\n\r\n  <a class=\"title post_title\"  title=\"\u00bfC\u00f3mo elegir la abrazadera ideal?\" href=\"https:\/\/www.wurth.com.ar\/blog\/sin-categoria\/como-elegir-la-abrazadera-ideal\/\">\r\n        \u00bfC\u00f3mo elegir la abrazadera ideal?  <\/a>\r\n\r\n  <p class=\"excerpt post_excerpt\">\r\n    Elegir la abrazadera adecuada puede parecer una tarea sencilla a primera vista, pero hay mucho m\u00e1s detr\u00e1s de este simple <a class=\"read-more\" href=\"https:\/\/www.wurth.com.ar\/blog\/sin-categoria\/como-elegir-la-abrazadera-ideal\/\"> Leer m\u00e1s<\/a>  <\/p>\r\n        <\/div>\r\n      \r\n  <\/div>\r\n\r\n  <script>\r\n      <\/script>\r\n  <style>\r\n    .related-post {}\r\n\r\n    .related-post .post-list {\r\n      text-align: left;\r\n          }\r\n\r\n    .related-post .post-list .item {\r\n      margin: 10px;\r\n      padding: 5px;\r\n          }\r\n\r\n    .related-post .headline {\r\n      font-size: 18px !important;\r\n      color: #999999 !important;\r\n          }\r\n\r\n    .related-post .post-list .item .post_thumb {\r\n      max-height: 220px;\r\n      margin: 10px 0px;\r\n      padding: 0px;\r\n      display: block;\r\n          }\r\n\r\n    .related-post .post-list .item .post_title {\r\n      font-size: 16px;\r\n      color: #3f3f3f;\r\n      margin: 10px 0px;\r\n      padding: 0px;\r\n      display: block;\r\n      text-decoration: none;\r\n          }\r\n\r\n    .related-post .post-list .item .post_excerpt {\r\n      font-size: 13px;\r\n      color: #3f3f3f;\r\n      margin: 10px 0px;\r\n      padding: 0px;\r\n      display: block;\r\n      text-decoration: none;\r\n          }\r\n\r\n    @media only screen and (min-width: 1024px) {\r\n      .related-post .post-list .item {\r\n        width: 45%;\r\n      }\r\n    }\r\n\r\n    @media only screen and (min-width: 768px) and (max-width: 1023px) {\r\n      .related-post .post-list .item {\r\n        width: 90%;\r\n      }\r\n    }\r\n\r\n    @media only screen and (min-width: 0px) and (max-width: 767px) {\r\n      .related-post .post-list .item {\r\n        width: 90%;\r\n      }\r\n    }\r\n\r\n      <\/style>\r\n    <\/div>\r\n","protected":false},"excerpt":{"rendered":"<p>El mundo automotriz es muy amplio, por lo que hay que estar informado para llevar a cabo cualquier tipo de reparaci\u00f3n. Como hay nociones b\u00e1sicas para aplicar masilla para durlock, tambi\u00e9n las hay para hacerlo en un auto. Es que para el masillado de un veh\u00edculo no solo hay que saber c\u00f3mo colocarlo, sino que &#8230; <a title=\"Sujet\u00e1 fuerte con las abrazaderas: \u00bfqu\u00e9 son y para qu\u00e9 sirven?\" class=\"read-more\" href=\"https:\/\/www.wurth.com.ar\/blog\/accesorios-vehiculos\/sujeta-fuerte-con-las-abrazaderas-que-son-y-para-que-sirven\/\" aria-label=\"More on Sujet\u00e1 fuerte con las abrazaderas: \u00bfqu\u00e9 son y para qu\u00e9 sirven?\">Leer m\u00e1s<\/a><\/p>\n","protected":false},"author":3,"featured_media":1545,"comment_status":"closed","ping_status":"open","sticky":false,"template":"","format":"standard","meta":{"footnotes":""},"categories":[32],"tags":[],"_links":{"self":[{"href":"https:\/\/www.wurth.com.ar\/blog\/wp-json\/wp\/v2\/posts\/1540"}],"collection":[{"href":"https:\/\/www.wurth.com.ar\/blog\/wp-json\/wp\/v2\/posts"}],"about":[{"href":"https:\/\/www.wurth.com.ar\/blog\/wp-json\/wp\/v2\/types\/post"}],"author":[{"embeddable":true,"href":"https:\/\/www.wurth.com.ar\/blog\/wp-json\/wp\/v2\/users\/3"}],"replies":[{"embeddable":true,"href":"https:\/\/www.wurth.com.ar\/blog\/wp-json\/wp\/v2\/comments?post=1540"}],"version-history":[{"count":7,"href":"https:\/\/www.wurth.com.ar\/blog\/wp-json\/wp\/v2\/posts\/1540\/revisions"}],"predecessor-version":[{"id":2860,"href":"https:\/\/www.wurth.com.ar\/blog\/wp-json\/wp\/v2\/posts\/1540\/revisions\/2860"}],"wp:featuredmedia":[{"embeddable":true,"href":"https:\/\/www.wurth.com.ar\/blog\/wp-json\/wp\/v2\/media\/1545"}],"wp:attachment":[{"href":"https:\/\/www.wurth.com.ar\/blog\/wp-json\/wp\/v2\/media?parent=1540"}],"wp:term":[{"taxonomy":"category","embeddable":true,"href":"https:\/\/www.wurth.com.ar\/blog\/wp-json\/wp\/v2\/categories?post=1540"},{"taxonomy":"post_tag","embeddable":true,"href":"https:\/\/www.wurth.com.ar\/blog\/wp-json\/wp\/v2\/tags?post=1540"}],"curies":[{"name":"wp","href":"https:\/\/api.w.org\/{rel}","templated":true}]}}